{"id":327329,"date":"2025-08-18T15:38:11","date_gmt":"2025-08-18T15:38:11","guid":{"rendered":"https:\/\/www.europesays.com\/fr\/327329\/"},"modified":"2025-08-18T15:38:11","modified_gmt":"2025-08-18T15:38:11","slug":"lille-il-reconnait-et-maitrise-lui-meme-son-voleur-en-pleine-rue","status":"publish","type":"post","link":"https:\/\/www.europesays.com\/fr\/327329\/","title":{"rendered":"Lille. Il reconna\u00eet et ma\u00eetrise lui-m\u00eame son voleur en pleine rue"},"content":{"rendered":"<p>            Par<br \/>\n        <strong><br \/>\n            <a href=\"https:\/\/actu.fr\/auteur\/bastien-grossin\" title=\"Consulter tous les articles de Bastien Grossin\" rel=\"nofollow noopener\" target=\"_blank\">Bastien Grossin<\/a><br \/>\n        <\/strong><\/p>\n<p>        Publi\u00e9 le<\/p>\n<p>            18 ao\u00fbt 2025 \u00e0 17h14        <\/p>\n<p>Les policiers sont intervenus ce<b> vendredi 15\u00a0ao\u00fbt 2025 <\/b>apr\u00e8s avoir \u00e9t\u00e9 alert\u00e9s d\u2019un vol \u00e0 la roulotte en plein c\u0153ur de <a href=\"https:\/\/actu.fr\/tag\/lille\" rel=\"nofollow noopener\" target=\"_blank\">Lille<\/a> (Nord). \u00c0 leur arriv\u00e9e, le voleur, <b>\u00e2g\u00e9 de 34 ans<\/b>, est immobilis\u00e9 par la victime qui attendait l\u2019arriv\u00e9e des forces de l\u2019ordre. On vous raconte tout.<\/p>\n<p>Voiture \u00e9quip\u00e9e de cam\u00e9ra de surveillance\u00a0<\/p>\n<p class=\" wall-content\">Il est <b>16\u2009h\u200920 <\/b>environ ce vendredi lorsque les policiers sont alert\u00e9s d\u2019un vol \u00e0 la roulotte rue de Thionville \u00e0 Lille. En effet, un homme arrive au niveau de son v\u00e9hicule et remarque que la vitre c\u00f4t\u00e9 conducteur est fractur\u00e9e. Heureusement, <b>sa voiture est \u00e9quip\u00e9e d\u2019une cam\u00e9ra de surveillance<\/b>. En attendant l\u2019arriv\u00e9e des forces de l\u2019ordre, il regarde la vid\u00e9o et voit le visage du suspect.<\/p>\n<p class=\" wall-content\">Quelques minutes apr\u00e8s, alors qu\u2019il attend sur le trottoir, il voit passer un homme \u00e0 v\u00e9lo qu\u2019il reconna\u00eet imm\u00e9diatement. I<b>l s\u2019agit de l\u2019individu qui a fractur\u00e9 sa voiture<\/b>. Ni une ni deux, il se lance \u00e0 sa poursuite et rattrape rapidement le voleur qu\u2019il immobilise en attendant l\u2019arriv\u00e9e des policiers.<\/p>\n<p>De nombreux objets\u00a0<\/p>\n<p class=\" wall-content\">Lors de son interpellation, le trentenaire porte un sac \u00e0 dos qui contient de nombreux objets vol\u00e9s\u2009: un ordinateur portable, une tablette, un vase, des \u00e9couteurs, deux casques audio\u2026 La victime reconna\u00eet notamment ses deux casques audio ainsi que l\u2019un de ses vases personnels. Gr\u00e2ce \u00e0 l\u2019ordinateur portable qui contient un nom et un pr\u00e9nom, une autre victime est contact\u00e9e. Celle-ci d\u00e9clare avoir elle aussi subi un vol \u00e0 la roulotte dans l\u2019apr\u00e8s-midi \u00e0 Lille.<\/p>\n<p class=\" wall-content\">Le suspect a \u00e9t\u00e9 plac\u00e9 en garde \u00e0 vue et les deux victimes ont depuis d\u00e9cid\u00e9 de porter plainte.<\/p>\n<p class=\" wall-content\">Personnalisez votre actualit\u00e9 en ajoutant vos villes et m\u00e9dias en favori avec <a href=\"https:\/\/moncompte.actu.fr\" title=\"D\u00e9couvez Mon Actu\" rel=\"nofollow noopener\" data-trk=\"{&quot;cta&quot;:{&quot;action&quot;:&quot;https:\\\/\\\/moncompte.actu.fr&quot;,&quot;category&quot;:&quot;mon compte&quot;,&quot;from&quot;:&quot;article footer&quot;,&quot;name&quot;:&quot;Mon actu&quot;,&quot;type&quot;:&quot;cta&quot;}}\" target=\"_blank\">Mon Actu<\/a>.<\/p>\n","protected":false},"excerpt":{"rendered":"Par Bastien Grossin Publi\u00e9 le 18 ao\u00fbt 2025 \u00e0 17h14 Les policiers sont intervenus ce vendredi 15\u00a0ao\u00fbt 2025&hellip;\n","protected":false},"author":2,"featured_media":327330,"comment_status":"","ping_status":"","sticky":false,"template":"","format":"standard","meta":{"footnotes":""},"categories":[2815],"tags":[1111,11,1777,674,118,1011,27,811,1307,12,25],"class_list":{"0":"post-327329","1":"post","2":"type-post","3":"status-publish","4":"format-standard","5":"has-post-thumbnail","7":"category-lille","8":"tag-actu","9":"tag-actualites","10":"tag-eu","11":"tag-europe","12":"tag-faits-divers","13":"tag-fr","14":"tag-france","15":"tag-hauts-de-france","16":"tag-lille","17":"tag-news","18":"tag-republique-francaise"},"share_on_mastodon":{"url":"https:\/\/pubeurope.com\/@fr\/115050519101800777","error":""},"_links":{"self":[{"href":"https:\/\/www.europesays.com\/fr\/wp-json\/wp\/v2\/posts\/327329","targetHints":{"allow":["GET"]}}],"collection":[{"href":"https:\/\/www.europesays.com\/fr\/wp-json\/wp\/v2\/posts"}],"about":[{"href":"https:\/\/www.europesays.com\/fr\/wp-json\/wp\/v2\/types\/post"}],"author":[{"embeddable":true,"href":"https:\/\/www.europesays.com\/fr\/wp-json\/wp\/v2\/users\/2"}],"replies":[{"embeddable":true,"href":"https:\/\/www.europesays.com\/fr\/wp-json\/wp\/v2\/comments?post=327329"}],"version-history":[{"count":0,"href":"https:\/\/www.europesays.com\/fr\/wp-json\/wp\/v2\/posts\/327329\/revisions"}],"wp:featuredmedia":[{"embeddable":true,"href":"https:\/\/www.europesays.com\/fr\/wp-json\/wp\/v2\/media\/327330"}],"wp:attachment":[{"href":"https:\/\/www.europesays.com\/fr\/wp-json\/wp\/v2\/media?parent=327329"}],"wp:term":[{"taxonomy":"category","embeddable":true,"href":"https:\/\/www.europesays.com\/fr\/wp-json\/wp\/v2\/categories?post=327329"},{"taxonomy":"post_tag","embeddable":true,"href":"https:\/\/www.europesays.com\/fr\/wp-json\/wp\/v2\/tags?post=327329"}],"curies":[{"name":"wp","href":"https:\/\/api.w.org\/{rel}","templated":true}]}}