{"id":327335,"date":"2025-08-18T15:42:10","date_gmt":"2025-08-18T15:42:10","guid":{"rendered":"https:\/\/www.europesays.com\/fr\/327335\/"},"modified":"2025-08-18T15:42:10","modified_gmt":"2025-08-18T15:42:10","slug":"lyon-liquidation-totale-a-intersport-part-dieu-de-bonnes-affaires-a-saisir","status":"publish","type":"post","link":"https:\/\/www.europesays.com\/fr\/327335\/","title":{"rendered":"Lyon : liquidation totale \u00e0 Intersport Part-Dieu, de bonnes affaires \u00e0 saisir"},"content":{"rendered":"<p>Le magasin Intersport du centre commercial de la Part-Dieu \u00e0 Lyon sera en liquidation totale du 20 ao\u00fbt au 8 septembre en raison de travaux. Une grande partie des articles de l&rsquo;enseigne seront brad\u00e9s \u00e0 des prix r\u00e9duits. L&rsquo;occasion de faire de bonnes affaires juste avant la rentr\u00e9e.<\/p>\n<p>Un bon plan \u00e0 l&rsquo;approche de la rentr\u00e9e pour les sportifs \u00e0 <b>Lyon<\/b>.<\/p>\n<p>L&rsquo;enseigne <b>Intersport<\/b> de la <b>Part-Dieu<\/b> va \u00eatre en liquidation totale entre le mercredi 20 ao\u00fbt et le lundi 8 septembre en raison de travaux.<\/p>\n<p>La majorit\u00e9 des articles du magasin vont \u00eatre vendus \u00e0 des prix int\u00e9ressants.<\/p>\n<p>Des bonnes affaires sportives \u00e0 Intersport Lyon Part-Dieu<\/p>\n<p>L&rsquo;occasion id\u00e9ale pour s&rsquo;offrir une nouvelle paire de baskets, un nouveau ballon ou encore des \u00e9quipements de running sans trop d\u00e9penser.<\/p>\n<p>Le magasin Intersport est situ\u00e9 au <b>niveau z\u00e9ro <\/b>du centre commercial de <b>la Part-Dieu<\/b> dans le troisi\u00e8me arrondissement de Lyon.<\/p>\n<p>Il se trouve directement sur la gauche lorsque vous entrez dans le centre commercial depuis la rue des Cuirassiers.<\/p>\n<p>Environ deux mois de travaux au Intersport Lyon Part-Dieu<\/p>\n<p>Les travaux d&rsquo;Intersport d\u00e9buteront lundi 8 septembre. La r\u00e9ouverture du magasin est pr\u00e9vue pour le mercredi 29 octobre.<\/p>\n<p><img loading=\"lazy\" decoding=\"async\" src=\"https:\/\/www.europesays.com\/fr\/wp-content\/uploads\/2025\/08\/1755531730_402_img\" width=\"350\" height=\"200\" border=\"0\" title=\"La fuite de gaz a provoqu\u00c3\u00a9 une explosion mortelle aux Minguettes, \u00c3\u00a0 V\u00c3\u00a9nissieux\"\/><\/p>\n<p>\u25baFaits divers<\/p>\n<p style=\"font-size: 22px;\"><b>[PHOTOS] Auvergne-Rh\u00f4ne-Alpes : une explosion dans un immeuble fait un mort\u00a0<\/b><\/p>\n<p>Un homme \u00e2g\u00e9 d&rsquo;environ 70 ans a perdu la vie ce&#8230;<\/p>\n<p><\/p>\n","protected":false},"excerpt":{"rendered":"Le magasin Intersport du centre commercial de la Part-Dieu \u00e0 Lyon sera en liquidation totale du 20 ao\u00fbt&hellip;\n","protected":false},"author":2,"featured_media":327336,"comment_status":"","ping_status":"","sticky":false,"template":"","format":"standard","meta":{"footnotes":""},"categories":[1889],"tags":[1111,11,2430,1777,674,1011,27,46425,2428,12,6125,21188,25,46426],"class_list":{"0":"post-327335","1":"post","2":"type-post","3":"status-publish","4":"format-standard","5":"has-post-thumbnail","7":"category-lyon","8":"tag-actu","9":"tag-actualites","10":"tag-auvergne-rhone-alpes","11":"tag-eu","12":"tag-europe","13":"tag-fr","14":"tag-france","15":"tag-intersport-part-dieu","16":"tag-lyon","17":"tag-news","18":"tag-part-dieu","19":"tag-rentre","20":"tag-republique-francaise","21":"tag-westfield-la-part-dieu"},"share_on_mastodon":{"url":"https:\/\/pubeurope.com\/@fr\/115050534930265185","error":""},"_links":{"self":[{"href":"https:\/\/www.europesays.com\/fr\/wp-json\/wp\/v2\/posts\/327335","targetHints":{"allow":["GET"]}}],"collection":[{"href":"https:\/\/www.europesays.com\/fr\/wp-json\/wp\/v2\/posts"}],"about":[{"href":"https:\/\/www.europesays.com\/fr\/wp-json\/wp\/v2\/types\/post"}],"author":[{"embeddable":true,"href":"https:\/\/www.europesays.com\/fr\/wp-json\/wp\/v2\/users\/2"}],"replies":[{"embeddable":true,"href":"https:\/\/www.europesays.com\/fr\/wp-json\/wp\/v2\/comments?post=327335"}],"version-history":[{"count":0,"href":"https:\/\/www.europesays.com\/fr\/wp-json\/wp\/v2\/posts\/327335\/revisions"}],"wp:featuredmedia":[{"embeddable":true,"href":"https:\/\/www.europesays.com\/fr\/wp-json\/wp\/v2\/media\/327336"}],"wp:attachment":[{"href":"https:\/\/www.europesays.com\/fr\/wp-json\/wp\/v2\/media?parent=327335"}],"wp:term":[{"taxonomy":"category","embeddable":true,"href":"https:\/\/www.europesays.com\/fr\/wp-json\/wp\/v2\/categories?post=327335"},{"taxonomy":"post_tag","embeddable":true,"href":"https:\/\/www.europesays.com\/fr\/wp-json\/wp\/v2\/tags?post=327335"}],"curies":[{"name":"wp","href":"https:\/\/api.w.org\/{rel}","templated":true}]}}