{"id":327348,"date":"2025-08-18T15:51:18","date_gmt":"2025-08-18T15:51:18","guid":{"rendered":"https:\/\/www.europesays.com\/fr\/327348\/"},"modified":"2025-08-18T15:51:18","modified_gmt":"2025-08-18T15:51:18","slug":"usa-trump-cible-le-vote-par-correspondance-avant-les-mid-terms-18-08-2025-a-1649","status":"publish","type":"post","link":"https:\/\/www.europesays.com\/fr\/327348\/","title":{"rendered":"USA-Trump cible le vote par correspondance avant les \u00ab\u00a0mid-terms\u00a0\u00bb &#8211; 18\/08\/2025 \u00e0 16:49"},"content":{"rendered":"<p>\n Le pr\u00e9sident am\u00e9ricain<br \/>\nDonald Trump a affich\u00e9 lundi sa volont\u00e9 de supprimer le vote par<br \/>\ncorrespondance et les machines \u00e0 voter aux Etats-Unis dans la<br \/>\nperspective des prochaines \u00e9lections de mi-mandat en novembre<br \/>\n2026.\n<\/p>\n<p>\n \u00ab\u00a0Je vais conduire un mouvement pour \u00e9liminer le vote par<br \/>\ncorrespondance et aussi, tant qu&rsquo;on y est, les machines \u00e0 voter<br \/>\nhautement impr\u00e9cises, tr\u00e8s co\u00fbteuses et fortement<br \/>\ncontrovers\u00e9es\u00a0\u00bb, a d\u00e9clar\u00e9 Donald Trump sur son r\u00e9seau social.\n<\/p>\n<p>\n \u00ab\u00a0Nous allons commencer \u00e0 mener cet effort, qui sera<br \/>\nfortement contest\u00e9 par les d\u00e9mocrates parce qu&rsquo;ils trichent \u00e0<br \/>\ndes niveaux jamais vus auparavant, en signant un d\u00e9cret qui<br \/>\ncontribuera \u00e0 apporter de l&rsquo;honn\u00eatet\u00e9 lors des \u00e9lections de<br \/>\nmi-mandat\u00a0\u00bb, a-t-il dit.\n<\/p>\n<p>\n Aux Etats-Unis, les Etats sont charg\u00e9s d&rsquo;organiser les<br \/>\n\u00e9lections mais selon Donald Trump, \u00ab\u00a0ils doivent faire ce que<br \/>\nleur dit le gouvernement f\u00e9d\u00e9ral\u00a0\u00bb.\n<\/p>\n<p>\n Le pr\u00e9sident am\u00e9ricain a d\u00e9j\u00e0 sign\u00e9 fin mars un d\u00e9cret<br \/>\nvisant \u00e0 r\u00e9former le code \u00e9lectoral, un d\u00e9cret bloqu\u00e9 par la<br \/>\njustice apr\u00e8s des recours d\u00e9pos\u00e9s par des Etats d\u00e9mocrates.\n<\/p>\n<p>\n Donald Trump, qui n&rsquo;a jamais cess\u00e9 d&rsquo;affirmer sans preuve<br \/>\nqu&rsquo;il s&rsquo;\u00e9tait fait voler la victoire lors de l&rsquo;\u00e9lection<br \/>\npr\u00e9sidentielle de 2020 aux Etats-Unis, notamment \u00e0 cause du vote<br \/>\npar correspondance, a toutefois chang\u00e9 d&rsquo;avis en 2024 en<br \/>\nappelant ses partisans \u00e0 y avoir recours.\n<\/p>\n<p>\n Le vote par correspondance a atteint un record lors de<br \/>\nl&rsquo;\u00e9lection de 2020 pour cause de pand\u00e9mie de covid-19. Il a<br \/>\nbaiss\u00e9 lors de la pr\u00e9sidentielle quatre ans plus tard,<br \/>\nrepr\u00e9sentant environ trois bulletins de vote sur dix.\n<\/p>\n<p>\n (R\u00e9dig\u00e9 par Jarrett Renshaw; Jean-St\u00e9phane Brosse pour la<br \/>\nversion fran\u00e7aise)<\/p>\n","protected":false},"excerpt":{"rendered":"Le pr\u00e9sident am\u00e9ricain Donald Trump a affich\u00e9 lundi sa volont\u00e9 de supprimer le vote par correspondance et les&hellip;\n","protected":false},"author":2,"featured_media":2486,"comment_status":"","ping_status":"","sticky":false,"template":"","format":"standard","meta":{"footnotes":""},"categories":[1589],"tags":[400,11,398,408,405,73,1866,403,402,399,404,12,401,406,1864,1865,1863,308,407],"class_list":{"0":"post-327348","1":"post","2":"type-post","3":"status-publish","4":"format-standard","5":"has-post-thumbnail","7":"category-etats-unis","8":"tag-action-cac-40","9":"tag-actualites","10":"tag-bourse-de-paris","11":"tag-boursorama","12":"tag-cotations","13":"tag-etats-unis","14":"tag-etats-unis-damerique","15":"tag-indices-devises","16":"tag-investir","17":"tag-investissement","18":"tag-marche-boursier","19":"tag-news","20":"tag-sicav","21":"tag-trackers","22":"tag-united-states","23":"tag-united-states-of-america","24":"tag-us","25":"tag-usa","26":"tag-warrants"},"share_on_mastodon":{"url":"https:\/\/pubeurope.com\/@fr\/115050570291698598","error":""},"_links":{"self":[{"href":"https:\/\/www.europesays.com\/fr\/wp-json\/wp\/v2\/posts\/327348","targetHints":{"allow":["GET"]}}],"collection":[{"href":"https:\/\/www.europesays.com\/fr\/wp-json\/wp\/v2\/posts"}],"about":[{"href":"https:\/\/www.europesays.com\/fr\/wp-json\/wp\/v2\/types\/post"}],"author":[{"embeddable":true,"href":"https:\/\/www.europesays.com\/fr\/wp-json\/wp\/v2\/users\/2"}],"replies":[{"embeddable":true,"href":"https:\/\/www.europesays.com\/fr\/wp-json\/wp\/v2\/comments?post=327348"}],"version-history":[{"count":0,"href":"https:\/\/www.europesays.com\/fr\/wp-json\/wp\/v2\/posts\/327348\/revisions"}],"wp:featuredmedia":[{"embeddable":true,"href":"https:\/\/www.europesays.com\/fr\/wp-json\/wp\/v2\/media\/2486"}],"wp:attachment":[{"href":"https:\/\/www.europesays.com\/fr\/wp-json\/wp\/v2\/media?parent=327348"}],"wp:term":[{"taxonomy":"category","embeddable":true,"href":"https:\/\/www.europesays.com\/fr\/wp-json\/wp\/v2\/categories?post=327348"},{"taxonomy":"post_tag","embeddable":true,"href":"https:\/\/www.europesays.com\/fr\/wp-json\/wp\/v2\/tags?post=327348"}],"curies":[{"name":"wp","href":"https:\/\/api.w.org\/{rel}","templated":true}]}}