{"id":327351,"date":"2025-08-18T15:53:16","date_gmt":"2025-08-18T15:53:16","guid":{"rendered":"https:\/\/www.europesays.com\/fr\/327351\/"},"modified":"2025-08-18T15:53:16","modified_gmt":"2025-08-18T15:53:16","slug":"pourquoi-les-bloqueurs-publicitaires-pourraient-bientot-etre-interdits-en-allemagne-et-en-europe-par-la-suite","status":"publish","type":"post","link":"https:\/\/www.europesays.com\/fr\/327351\/","title":{"rendered":"Pourquoi les bloqueurs publicitaires pourraient bient\u00f4t \u00eatre interdits en Allemagne (et en Europe par la suite)"},"content":{"rendered":"<p>Men\u00e9e par le groupe de presse Axel Springer, la bataille contre les bloqueurs publicitaires pourrait permettre l&rsquo;interdiction totale de ces extensions particuli\u00e8rement populaires.<\/p>\n<p>Depuis 2015, le groupe de presse Axel Springer, qui \u00e9dite notamment le tablo\u00efd Bild et le journal conservateur Die Welt, cherche \u00e0 faire interdire <a href=\"https:\/\/www.bfmtv.com\/tech\/actualites\/streaming\/youtube-s-attaque-aux-applications-qui-bloquent-les-pubs-sur-smartphone_AV-202404160325.html\" title=\"Youtube s&#039;attaque aux applications qui bloquent les pubs sur smartphone\" class=\"internal_link\" rel=\"nofollow noopener\" target=\"_blank\">les bloqueurs publicitaires<\/a>. Il se retrouve ainsi devant les tribunaux face \u00e0 l&rsquo;\u00e9diteur de l&rsquo;extension Adblock Plus, Eyeo, depuis dix ans.<\/p>\n<p>Si jusqu&rsquo;\u00e0 pr\u00e9sent, Axel Springer avait d\u00fb faire face \u00e0 des jugements en sa d\u00e9faveur, une r\u00e9cente d\u00e9cision de la Cour f\u00e9d\u00e9rale allemande pourrait finalement faire basculer le destin de ces extensions (parfois int\u00e9gr\u00e9es aux navigateurs) qui sont tr\u00e8s populaires chez les internautes.<\/p>\n<p>Une curieuse question de \u00ab\u00a0droit d&rsquo;auteur\u00a0\u00bb<\/p>\n<p>Plusieurs arguments ont \u00e9t\u00e9 avanc\u00e9s par le groupe de presse, <a href=\"https:\/\/www.bfmtv.com\/economie\/entreprises\/services\/la-parade-du-journal-le-plus-lu-d-allemagne-aux-bloqueurs-de-pub_AN-201510130181.html\" title=\"La parade du journal le plus lu d&#039;Allemagne aux bloqueurs de pub\" class=\"internal_link\" rel=\"nofollow noopener\" target=\"_blank\">notamment celui de la concurrence<\/a>. Axel Springer reprochait \u00e0 Adblock Plus de lui porter pr\u00e9judice au regard du manque \u00e0 gagner que repr\u00e9sentait la navigation d&rsquo;un utilisateur sans aucune r\u00e9clame. <a href=\"https:\/\/www.bfmtv.com\/economie\/entreprises\/services\/le-bloqueur-de-pubs-adblock-plus-gagne-un-proces-en-allemagne_AN-201505280178.html\" title=\"Le bloqueur de pubs Adblock Plus gagne un proc\u00e8s en Allemagne\" class=\"internal_link\" rel=\"nofollow noopener\" target=\"_blank\">D\u00e9bout\u00e9 une premi\u00e8re fois<\/a>, il avait ensuite essay\u00e9 de faire valoir une atteinte aux droits d&rsquo;auteur. Pour Axel Springer, un bloqueur publicitaire venait modifier profond\u00e9ment le code HTML (qui repr\u00e9sente 95% d&rsquo;une page) d&rsquo;un site. Malgr\u00e9 un appel, l&rsquo;entreprise avait finalement \u00e9t\u00e9 une nouvelle fois d\u00e9bout\u00e9e par la cour d&rsquo;appel de Hambourg en 2023.<\/p>\n<p>Mais ce jugement a depuis \u00e9t\u00e9 remis en cause par la Cour f\u00e9d\u00e9rale, qui explique que l&rsquo;arr\u00eat \u00e9mis n&rsquo;\u00e9tait pas suffisamment motiv\u00e9, r\u00e9v\u00e8le <a href=\"https:\/\/www.01net.com\/actualites\/lallemagne-pourrait-interdire-les-bloqueurs-de-publicites.html\" target=\"_blank\" class=\"external_link\" rel=\"nofollow noopener\">01Net<\/a>. Selon elle, le code HTML g\u00e9n\u00e9r\u00e9 lorsqu&rsquo;une page web s&rsquo;affiche (avec ou sans pub) ne peut pas \u00eatre exclu du droit d&rsquo;auteur.<\/p>\n<p>Si la d\u00e9cision de la Cour f\u00e9d\u00e9rale ne dit rien de l&rsquo;action d&rsquo;un bloqueur de publicit\u00e9s, cela relance n\u00e9anmoins le parcours judiciaire, et donc le risque que ce type d&rsquo;extensions soit tout simplement interdit de l&rsquo;autre c\u00f4t\u00e9 du Rhin.<\/p>\n<p>Une menace pour \u00ab\u00a0un internet ouvert\u00a0\u00bb?<\/p>\n<p>En 2023, AdGuard, un autre bloqueur de pub, avait \u00e9voqu\u00e9 \u00ab\u00a0une grande victoire pour l&rsquo;internet libre\u00a0\u00bb et Eyeo, l&rsquo;\u00e9diteur de Adblock Plus, avait de son c\u00f4t\u00e9 estim\u00e9 qu&rsquo;il s&rsquo;agissait d&rsquo;une \u00ab\u00a0victoire pour un internet ouvert\u00a0\u00bb.<\/p>\n<p>Deux ans plus tard, il faut donc tout recommencer, ce qui rend Mozilla, cr\u00e9ateur du navigateur Firefox et fervent d\u00e9fenseur des bloqueurs publicitaires, <a href=\"https:\/\/blog.mozilla.org\/netpolicy\/2025\/08\/14\/is-germany-on-the-brink-of-banning-ad-blockers-user-freedom-privacy-and-security-is-at-risk\/\" target=\"_blank\" class=\"external_link\" rel=\"nofollow noopener\">furieux<\/a>: \u00ab\u00a0Quand vous zappez les pubs \u00e0 la t\u00e9l\u00e9vision, jetez un encart inutile d&rsquo;un journal ou sautez les r\u00e9clames dans un podcast, vous n&rsquo;enfreignez pas le droit d&rsquo;auteur. Pourquoi en serait-il autrement avec un navigateur?\u00a0\u00bb.<\/p>\n<p>Si le jugement final, qu&rsquo;il soit ou non en d\u00e9faveur des bloqueurs publicitaires, ne concernera que l&rsquo;Allemagne, il pourrait n\u00e9anmoins faire jurisprudence \u00e0 travers toute l&rsquo;Europe. M\u00eame si le droit d&rsquo;auteur n&rsquo;est pas tout \u00e0 fait le m\u00eame partout, certains groupes de m\u00e9dias pourraient en profiter pour s&rsquo;immiscer dans la br\u00e8che ainsi ouverte par la justice allemande.<\/p>\n<p>Rappelons n\u00e9anmoins que de nombreux sites internet fonctionnent gr\u00e2ce aux revenus g\u00e9n\u00e9r\u00e9s par la publicit\u00e9. Un bloqueur publicitaire vient donc tarir la base \u00e9conomique, notamment chez les m\u00e9dias \u00ab\u00a0gratuits\u00a0\u00bb. Google a tent\u00e9 de <a href=\"https:\/\/www.bfmtv.com\/tech\/google\/google-chrome-fait-disparaitre-un-bloqueur-de-publicites-populaire_AV-202410170552.html\" title=\"Google Chrome fait disparaitre un bloqueur de publicit\u00e9s populaire\" class=\"internal_link\" rel=\"nofollow noopener\" target=\"_blank\">juguler la recrudescence des bloqueurs publicitaires<\/a> en restreignant grandement leur capacit\u00e9 \u00e0 intervenir sur les pages web depuis plusieurs mois. Des bloqueurs comme uBlock Origin ont ainsi d\u00fb proposer des versions all\u00e9g\u00e9es (ou \u00ab\u00a0light\u00a0\u00bb) afin de se conformer aux nouvelles r\u00e8gles et rester disponibles sur les navigateurs chromium (comme Chrome, Edge&#8230;).<\/p>\n","protected":false},"excerpt":{"rendered":"Men\u00e9e par le groupe de presse Axel Springer, la bataille contre les bloqueurs publicitaires pourrait permettre l&rsquo;interdiction totale&hellip;\n","protected":false},"author":2,"featured_media":327352,"comment_status":"","ping_status":"","sticky":false,"template":"","format":"standard","meta":{"footnotes":""},"categories":[1587],"tags":[11,672,1804,1805,1803,1777,674,1801,12,1802],"class_list":{"0":"post-327351","1":"post","2":"type-post","3":"status-publish","4":"format-standard","5":"has-post-thumbnail","7":"category-allemagne","8":"tag-actualites","9":"tag-allemagne","10":"tag-bundesrepublik-deutschland","11":"tag-de","12":"tag-deutschland","13":"tag-eu","14":"tag-europe","15":"tag-germany","16":"tag-news","17":"tag-republique-federale-dallemagne"},"share_on_mastodon":{"url":"https:\/\/pubeurope.com\/@fr\/115050578173783061","error":""},"_links":{"self":[{"href":"https:\/\/www.europesays.com\/fr\/wp-json\/wp\/v2\/posts\/327351","targetHints":{"allow":["GET"]}}],"collection":[{"href":"https:\/\/www.europesays.com\/fr\/wp-json\/wp\/v2\/posts"}],"about":[{"href":"https:\/\/www.europesays.com\/fr\/wp-json\/wp\/v2\/types\/post"}],"author":[{"embeddable":true,"href":"https:\/\/www.europesays.com\/fr\/wp-json\/wp\/v2\/users\/2"}],"replies":[{"embeddable":true,"href":"https:\/\/www.europesays.com\/fr\/wp-json\/wp\/v2\/comments?post=327351"}],"version-history":[{"count":0,"href":"https:\/\/www.europesays.com\/fr\/wp-json\/wp\/v2\/posts\/327351\/revisions"}],"wp:featuredmedia":[{"embeddable":true,"href":"https:\/\/www.europesays.com\/fr\/wp-json\/wp\/v2\/media\/327352"}],"wp:attachment":[{"href":"https:\/\/www.europesays.com\/fr\/wp-json\/wp\/v2\/media?parent=327351"}],"wp:term":[{"taxonomy":"category","embeddable":true,"href":"https:\/\/www.europesays.com\/fr\/wp-json\/wp\/v2\/categories?post=327351"},{"taxonomy":"post_tag","embeddable":true,"href":"https:\/\/www.europesays.com\/fr\/wp-json\/wp\/v2\/tags?post=327351"}],"curies":[{"name":"wp","href":"https:\/\/api.w.org\/{rel}","templated":true}]}}