{"id":327353,"date":"2025-08-18T15:54:12","date_gmt":"2025-08-18T15:54:12","guid":{"rendered":"https:\/\/www.europesays.com\/fr\/327353\/"},"modified":"2025-08-18T15:54:12","modified_gmt":"2025-08-18T15:54:12","slug":"en-europe-les-ados-jetables-des-services-russes-liberation","status":"publish","type":"post","link":"https:\/\/www.europesays.com\/fr\/327353\/","title":{"rendered":"en Europe, les ados \u00abjetables\u00bb des services russes \u2013 Lib\u00e9ration"},"content":{"rendered":"<p class=\"sc-ksZaOG ehjQrN text-element\">Quelques centaines d\u2019euros pour coller des tracts anti-Otan, espionner une base militaire, saboter une infrastructure de transport, mener des actes de vandalisme sur des mosqu\u00e9es ou mettre le feu \u00e0 un grand magasin\u2026 De l\u2019Estonie \u00e0 la Grande-Bretagne en passant par la Pologne ou l\u2019Allemagne, depuis l\u2019invasion de l\u2019Ukraine, les services secrets russes recrutent en ligne \u00e0 tout-va, directement ou via des groupes criminels, des agents \u00abjetables\u00bb pour mener des missions ponctuelles. Dans leur viseur, une cible de choix : les adolescents europ\u00e9ens.<\/p>\n<p class=\"sc-ksZaOG ehjQrN text-element\">Les jeunes sont approch\u00e9s sur des r\u00e9seaux sociaux, des messageries, des plateformes de jeux ou des services de streaming. Ils se voient d\u2019abord proposer<b> <\/b>des t\u00e2ches qui semblent simples et bien pay\u00e9es, parfois pr\u00e9sent\u00e9es sous forme de d\u00e9fi \u2013 jeter un sac par-dessus un mur ou de la peinture sur un \u00e9tablissement \u2013 ou de jeu de piste \u2013 photographier une s\u00e9rie d\u2019installations et de b\u00e2timents \u2013 avant de passer \u00e0 des op\u00e9rations plus dangereuses. Ils peuvent aussi \u00eatre manipul\u00e9s par une propagande extr\u00eamement cibl\u00e9e, con\u00e7ue dans leur langue \u00e0 l\u2019aide de l\u2019intelligence artificielle, et penser agir pour une cause qui leur tient \u00e0 c\u0153ur. En g\u00e9n\u00e9ral, ils ne connaissent pas le commanditaire, et sont pay\u00e9s en cryptomonnaie.<\/p>\n<p class=\"sc-ksZaOG ehjQrN text-element\">La France semble jusqu\u2019\u00e0 pr\u00e9sent \u00e9pargn\u00e9e. Mais la <a href=\"https:\/\/www.sgdsn.gouv.fr\/publications\/revue-nationale-strategique-2025\" target=\"_blank\" rel=\"nofollow noopener\" title=\"https:\/\/www.sgdsn.gouv.fr\/publications\/revue-nationale-strategiq&lt;\/p&gt;&lt;\/div&gt;&lt;\/article&gt;&lt;\/div&gt;&lt;div data-fusion-lazy-id=\" f0f8vgvlad832fw=\"\"><\/p>\n","protected":false},"excerpt":{"rendered":"Quelques centaines d\u2019euros pour coller des tracts anti-Otan, espionner une base militaire, saboter une infrastructure de transport, mener&hellip;\n","protected":false},"author":2,"featured_media":327354,"comment_status":"","ping_status":"","sticky":false,"template":"","format":"standard","meta":{"footnotes":""},"categories":[1586],"tags":[11,554,1777,674,1011,27,12,25,297],"class_list":{"0":"post-327353","1":"post","2":"type-post","3":"status-publish","4":"format-standard","5":"has-post-thumbnail","7":"category-europe","8":"tag-actualites","9":"tag-defense","10":"tag-eu","11":"tag-europe","12":"tag-fr","13":"tag-france","14":"tag-news","15":"tag-republique-francaise","16":"tag-ukraine-la-crise"},"share_on_mastodon":{"url":"https:\/\/pubeurope.com\/@fr\/115050582132136563","error":""},"_links":{"self":[{"href":"https:\/\/www.europesays.com\/fr\/wp-json\/wp\/v2\/posts\/327353","targetHints":{"allow":["GET"]}}],"collection":[{"href":"https:\/\/www.europesays.com\/fr\/wp-json\/wp\/v2\/posts"}],"about":[{"href":"https:\/\/www.europesays.com\/fr\/wp-json\/wp\/v2\/types\/post"}],"author":[{"embeddable":true,"href":"https:\/\/www.europesays.com\/fr\/wp-json\/wp\/v2\/users\/2"}],"replies":[{"embeddable":true,"href":"https:\/\/www.europesays.com\/fr\/wp-json\/wp\/v2\/comments?post=327353"}],"version-history":[{"count":0,"href":"https:\/\/www.europesays.com\/fr\/wp-json\/wp\/v2\/posts\/327353\/revisions"}],"wp:featuredmedia":[{"embeddable":true,"href":"https:\/\/www.europesays.com\/fr\/wp-json\/wp\/v2\/media\/327354"}],"wp:attachment":[{"href":"https:\/\/www.europesays.com\/fr\/wp-json\/wp\/v2\/media?parent=327353"}],"wp:term":[{"taxonomy":"category","embeddable":true,"href":"https:\/\/www.europesays.com\/fr\/wp-json\/wp\/v2\/categories?post=327353"},{"taxonomy":"post_tag","embeddable":true,"href":"https:\/\/www.europesays.com\/fr\/wp-json\/wp\/v2\/tags?post=327353"}],"curies":[{"name":"wp","href":"https:\/\/api.w.org\/{rel}","templated":true}]}}