{"id":327355,"date":"2025-08-18T15:55:10","date_gmt":"2025-08-18T15:55:10","guid":{"rendered":"https:\/\/www.europesays.com\/fr\/327355\/"},"modified":"2025-08-18T15:55:10","modified_gmt":"2025-08-18T15:55:10","slug":"nous-avons-vraiment-eu-de-la-chance-den-etre-sortis-vivants-marion-marechal-et-son-epoux-victimes-dun-grave-accident-de-la-route","status":"publish","type":"post","link":"https:\/\/www.europesays.com\/fr\/327355\/","title":{"rendered":"\u00ab\u00a0Nous avons vraiment eu de la chance d\u2019en \u00eatre sortis vivants\u00a0\u00bb\u00a0: Marion Mar\u00e9chal et son \u00e9poux victimes d\u2019un grave accident de la route"},"content":{"rendered":"<p>\n                                                                Marion Mar\u00e9chal et son \u00e9poux ont \u00e9t\u00e9 victimes d\u2019un grave accident de la route. Les faits ont eu lieu samedi en Italie.\n                            <\/p>\n<p>L\u2019eurod\u00e9put\u00e9e Marion Mar\u00e9chal et son \u00e9poux Vincenzo Sofo ont \u00e9t\u00e9 victimes d\u2019un accident de la circulation ce week-end en Italie.<\/p>\n<p>Samedi 16\u00a0ao\u00fbt, alors qu\u2019ils \u00e9taient en voiture en Calabre, un v\u00e9hicule les a heurt\u00e9s de plein fouet. Selon <a href=\"https:\/\/www.lefigaro.fr\/politique\/marion-marechal-et-son-compagnon-victimes-d-un-grave-accident-de-voiture-en-italie-20250818?utm_content=photo&amp;utm_term=Le_Figaro&amp;utm_campaign=Nonli&amp;utm_medium=Social&amp;utm_source=Twitter\" target=\"_self\" rel=\"nofollow noopener\">Le Figaro<\/a>, la collision a eu lieu alors que le v\u00e9hicule d\u2019en face cherchait \u00e0 \u00e9viter un animal sur la route.<\/p>\n<p>\u00ab\u00a0Nous avons vu la mort s\u2019abattre sur nous, mais nous avons vraiment eu de la chance d\u2019en \u00eatre sortis vivants et sans blessures graves\u00a0\u00bb, a \u00e9crit ce dimanche sur Instagram\u00a0Vincenzo Sofo, ex-eurod\u00e9put\u00e9 italien et membre du parti \u00ab\u00a0Fratelli d\u2019Italia\u00a0\u00bb, dirig\u00e9 par Giorgia Meloni depuis 2014.<\/p>\n<p>Ajoutant\u00a0: \u00ab\u00a0Merci \u00e0 Dieu de nous avoir sauv\u00e9s, et merci \u00e0 tous ceux qui nous ont aid\u00e9s et soutenus pendant ces heures. Et ne vous inqui\u00e9tez pas\u00a0: nous travaillons d\u00e9j\u00e0 \u00e0 nous remettre sur pied rapidement.\u00a0\u00bb<\/p>\n<blockquote data-instgrm-captioned=\"\" data-instgrm-permalink=\"https:\/\/www.instagram.com\/p\/DNd_QIJM-1_\/?utm_source=ig_embed&amp;utm_campaign=loading\" data-instgrm-version=\"14\" style=\" background:#FFF; border:0; border-radius:3px; box-shadow:0 0 1px 0 rgba(0,0,0,0.5),0 1px 10px 0 rgba(0,0,0,0.15); margin: 1px; max-width:540px; min-width:326px; padding:0; width:99.375%; width:-webkit-calc(100% - 2px); width:calc(100% - 2px);\" data-class=\"instagram-media\"\/>\n<p>Selon le quotidien fran\u00e7ais, le couple, qui \u00e9tait encore \u00e0 l\u2019h\u00f4pital, n\u2019a eu \u00e0 d\u00e9plorer que \u00ab\u00a0quelques douleurs et contusions\u00a0\u00bb.<\/p>\n<p>La m\u00eame source rapporte\u00a0que leur fille de 4 ans ne se trouvait pas dans la voiture au moment de l\u2019accident.<\/p>\n<p>                                                                                                                                                                                                        <script async src=\"\/\/www.instagram.com\/embed.js\"><\/script><\/p>\n","protected":false},"excerpt":{"rendered":"Marion Mar\u00e9chal et son \u00e9poux ont \u00e9t\u00e9 victimes d\u2019un grave accident de la route. Les faits ont eu&hellip;\n","protected":false},"author":2,"featured_media":327356,"comment_status":"","ping_status":"","sticky":false,"template":"","format":"standard","meta":{"footnotes":""},"categories":[1586],"tags":[11,1777,674,1779,1011,27,12,25,1778,364],"class_list":{"0":"post-327355","1":"post","2":"type-post","3":"status-publish","4":"format-standard","5":"has-post-thumbnail","7":"category-europe","8":"tag-actualites","9":"tag-eu","10":"tag-europe","11":"tag-european-union","12":"tag-fr","13":"tag-france","14":"tag-news","15":"tag-republique-francaise","16":"tag-ue","17":"tag-union-europeenne"},"share_on_mastodon":{"url":"https:\/\/pubeurope.com\/@fr\/115050586101794913","error":""},"_links":{"self":[{"href":"https:\/\/www.europesays.com\/fr\/wp-json\/wp\/v2\/posts\/327355","targetHints":{"allow":["GET"]}}],"collection":[{"href":"https:\/\/www.europesays.com\/fr\/wp-json\/wp\/v2\/posts"}],"about":[{"href":"https:\/\/www.europesays.com\/fr\/wp-json\/wp\/v2\/types\/post"}],"author":[{"embeddable":true,"href":"https:\/\/www.europesays.com\/fr\/wp-json\/wp\/v2\/users\/2"}],"replies":[{"embeddable":true,"href":"https:\/\/www.europesays.com\/fr\/wp-json\/wp\/v2\/comments?post=327355"}],"version-history":[{"count":0,"href":"https:\/\/www.europesays.com\/fr\/wp-json\/wp\/v2\/posts\/327355\/revisions"}],"wp:featuredmedia":[{"embeddable":true,"href":"https:\/\/www.europesays.com\/fr\/wp-json\/wp\/v2\/media\/327356"}],"wp:attachment":[{"href":"https:\/\/www.europesays.com\/fr\/wp-json\/wp\/v2\/media?parent=327355"}],"wp:term":[{"taxonomy":"category","embeddable":true,"href":"https:\/\/www.europesays.com\/fr\/wp-json\/wp\/v2\/categories?post=327355"},{"taxonomy":"post_tag","embeddable":true,"href":"https:\/\/www.europesays.com\/fr\/wp-json\/wp\/v2\/tags?post=327355"}],"curies":[{"name":"wp","href":"https:\/\/api.w.org\/{rel}","templated":true}]}}