{"id":327363,"date":"2025-08-18T15:59:11","date_gmt":"2025-08-18T15:59:11","guid":{"rendered":"https:\/\/www.europesays.com\/fr\/327363\/"},"modified":"2025-08-18T15:59:11","modified_gmt":"2025-08-18T15:59:11","slug":"lhispano-suiza-h6c-dandre-dubonnet-primee-a-pebble-beach","status":"publish","type":"post","link":"https:\/\/www.europesays.com\/fr\/327363\/","title":{"rendered":"L\u2019Hispano-Suiza H6C d\u2019Andr\u00e9 Dubonnet prim\u00e9e \u00e0 Pebble Beach"},"content":{"rendered":"<p>Le plus grand concours d\u2019\u00e9l\u00e9gance au monde a r\u00e9compens\u00e9 une carrosserie fran\u00e7aise unique r\u00e9alis\u00e9e en 1924 \u00e0 la demande de l\u2019aviateur, pilote et h\u00e9ritier des ap\u00e9ritifs Dubonnet.<\/p>\n<p class=\"fig-paragraph\">Les ann\u00e9es se suivent mais ne se ressemblent pas sur les pelouses de Carmel, en bordure du Pacifique, o\u00f9 se d\u00e9roule chaque ann\u00e9e, le week-end du 15 ao\u00fbt, le concours d\u2019\u00e9l\u00e9gance le plus r\u00e9put\u00e9 au monde. L\u2019ann\u00e9e derni\u00e8re, cette institution avait remis pour la premi\u00e8re fois de son histoire le Best of Show \u00e0 une voiture jamais restaur\u00e9e et m\u00e9ritant le qualificatif \u00abdans son jus\u00bb\u00a0: la Bugatti 59 ex-roi des Belges. Pour l\u2019\u00e9dition 2025, les juges ont r\u00e9compens\u00e9 une voiture qui sort de 20 mois de restauration et qui est plus neuve que lors de sa sortie de l\u2019usine. Le concours d\u2019\u00e9l\u00e9gance californien a honor\u00e9 une voiture unique \u00e0 l\u2019histoire sensationnelle\u00a0: l\u2019Hispano-Suiza H6C Torp\u00e9do que le pilote et industriel fran\u00e7ais Andr\u00e9 Dubonnet avait command\u00e9 \u00e0 Nieuport-Astra et qui est plus connue sous le surnom \u00abTulipwood\u00bb.<\/p>\n<p>    L\u2019Hispano-Suiza H6C d\u2019Andr\u00e9 Dubonnet au bord du Pacifique.<br \/>\n                Rolex\/Tom O&rsquo;Neal<\/p>\n<p class=\"fig-paragraph\">Destin\u00e9 \u00e0 la comp\u00e9tition, ce mod\u00e8le unique repose sur l\u2019un des trois ch\u00e2ssis surbaiss\u00e9s du nouveau type Sport de 1924 \u00e9quip\u00e9s du moteur \u00e0 arbre \u00e0 cames en t\u00eate de 8 litres. Sensibilis\u00e9 \u00e0 l\u2019aviation qu\u2019il pratiquait, Andr\u00e9 Dubonnet avait demand\u00e9 \u00e0 l\u2019entreprise de construction a\u00e9ronautique Nieuport Astra d\u2019Argenteuil de r\u00e9aliser une carrosserie l\u00e9g\u00e8re et tr\u00e8s a\u00e9rodynamique. L\u2019ing\u00e9nieur Henri Chasseriaux avait ainsi donn\u00e9 naissance \u00e0 une carrosserie en bois \u00e0 partir de bandes d\u2019acajou vernies fix\u00e9es par plusieurs milliers de rivets en aluminium. Assez semblable aux carrosseries \u00abskiff\u00bb lanc\u00e9es dans les ann\u00e9es 1910 et 1920, notamment par le carrossier fran\u00e7ais Labourdette, la carrosserie Nieuport brillait par sa l\u00e9g\u00e8ret\u00e9.<\/p>\n<p>    L\u2019Hispano-Suiza H6C en 1925.<br \/>\n                RM Sotheby\u2019s<\/p>\n<p>                                    <a class=\"fig-a11y-skip a11y-hidden\" href=\"#fig-a11y-skip-main-inarticle\"><br \/>\n        Passer la publicit\u00e9<br \/>\n    <\/a><\/p>\n<p class=\"fig-paragraph\">D\u00e8s sa sortie des ateliers d\u2019Argenteuil en avril 1924, le torp\u00e9do H6C immatricul\u00e9 \u00e0 Paris sous le num\u00e9ro 6966-I6 avait pris la route de la Sicile o\u00f9 Andr\u00e9 Dubonnet participait \u00e0 la Targa Florio. Il devait terminer 6e au classement g\u00e9n\u00e9ral de cette \u00e9preuve r\u00e9put\u00e9e exigeante. Apr\u00e8s son retour d\u2019Italie, l\u2019Hispano-Suza devait recevoir des \u00e9quipements pour une utilisation routi\u00e8re mais Andr\u00e9 Dubonnet devait s\u2019en s\u00e9parer en 1925, au profit de Roland Coty. Le torp\u00e9do devait ensuite passer entre plusieurs mains. Apr\u00e8s le collectionneur anglais Anthony Bamford, le pilote Michel Poberejsky, plus connu sous le pseudonyme \u00abMike Sparken\u00bb devait en faire l\u2019acquisition et l\u2019immatriculer dans les Hauts de Seine \u00ab2396 EA 92\u00bb. Cette pi\u00e8ce unique devait encore changer plusieurs fois de propri\u00e9taires avant d\u2019\u00eatre vendue aux ench\u00e8res par RM Sotheby\u2019s \u00e0 Monterey en 2022. La voici d\u00e9sormais entr\u00e9e dans le livre d\u2019or de Pebble Beach.<\/p>\n<p>    L\u2019Hispano-Suiza lors de sa vente en 2022.<br \/>\n                Darin Schnabel 2022 Courtesy o<\/p>\n","protected":false},"excerpt":{"rendered":"Le plus grand concours d\u2019\u00e9l\u00e9gance au monde a r\u00e9compens\u00e9 une carrosserie fran\u00e7aise unique r\u00e9alis\u00e9e en 1924 \u00e0 la&hellip;\n","protected":false},"author":2,"featured_media":327364,"comment_status":"","ping_status":"","sticky":false,"template":"","format":"standard","meta":{"footnotes":""},"categories":[1418],"tags":[646,1011,27,1472,60],"class_list":{"0":"post-327363","1":"post","2":"type-post","3":"status-publish","4":"format-standard","5":"has-post-thumbnail","7":"category-golf","8":"tag-automobile","9":"tag-fr","10":"tag-france","11":"tag-golf","12":"tag-sports"},"share_on_mastodon":{"url":"https:\/\/pubeurope.com\/@fr\/115050601709747304","error":""},"_links":{"self":[{"href":"https:\/\/www.europesays.com\/fr\/wp-json\/wp\/v2\/posts\/327363","targetHints":{"allow":["GET"]}}],"collection":[{"href":"https:\/\/www.europesays.com\/fr\/wp-json\/wp\/v2\/posts"}],"about":[{"href":"https:\/\/www.europesays.com\/fr\/wp-json\/wp\/v2\/types\/post"}],"author":[{"embeddable":true,"href":"https:\/\/www.europesays.com\/fr\/wp-json\/wp\/v2\/users\/2"}],"replies":[{"embeddable":true,"href":"https:\/\/www.europesays.com\/fr\/wp-json\/wp\/v2\/comments?post=327363"}],"version-history":[{"count":0,"href":"https:\/\/www.europesays.com\/fr\/wp-json\/wp\/v2\/posts\/327363\/revisions"}],"wp:featuredmedia":[{"embeddable":true,"href":"https:\/\/www.europesays.com\/fr\/wp-json\/wp\/v2\/media\/327364"}],"wp:attachment":[{"href":"https:\/\/www.europesays.com\/fr\/wp-json\/wp\/v2\/media?parent=327363"}],"wp:term":[{"taxonomy":"category","embeddable":true,"href":"https:\/\/www.europesays.com\/fr\/wp-json\/wp\/v2\/categories?post=327363"},{"taxonomy":"post_tag","embeddable":true,"href":"https:\/\/www.europesays.com\/fr\/wp-json\/wp\/v2\/tags?post=327363"}],"curies":[{"name":"wp","href":"https:\/\/api.w.org\/{rel}","templated":true}]}}