{"id":327371,"date":"2025-08-18T16:05:18","date_gmt":"2025-08-18T16:05:18","guid":{"rendered":"https:\/\/www.europesays.com\/fr\/327371\/"},"modified":"2025-08-18T16:05:18","modified_gmt":"2025-08-18T16:05:18","slug":"motogp-licone-de-la-f1-fernando-alonso-previent-les-pilotes-de-grand-prix-que-leur-vie-va-changer-avec-liberty-media","status":"publish","type":"post","link":"https:\/\/www.europesays.com\/fr\/327371\/","title":{"rendered":"MotoGP : l\u2019icone de la F1 Fernando Alonso pr\u00e9vient les pilotes de Grand Prix que leur vie va changer avec Liberty Media"},"content":{"rendered":"<p><strong>Fernando Alonso, figure embl\u00e9matique de la Formule 1, a<br \/>\nr\u00e9cemment partag\u00e9 son opinion sur l\u2019impact que pourrait avoir<br \/>\nLiberty Media sur le MotoGP, et ce qu\u2019ils pourraient faire pour<br \/>\n\u00ab\u00a0moderniser\u00a0\u00bb la discipline. Selon lui, bien que le<br \/>\nMotoGP ait un h\u00e9ritage riche, il est d\u00e9sormais temps que le sport<br \/>\ns\u2019adapte et profite de la mondialisation croissante du<br \/>\ndivertissement sportif. Si Liberty Media parvient \u00e0 moderniser le<br \/>\nMotoGP, cela pourrait changer la donne, et pas seulement en termes<br \/>\nde course.<\/strong><\/p>\n<p><strong>Alonso<\/strong>, dont les propos ont \u00e9t\u00e9 largement<br \/>\ncomment\u00e9s, a soulign\u00e9 que l\u2019approche actuelle du MotoGP pourrait<br \/>\ndevenir un frein \u00e0 son d\u00e9veloppement. Il \u00a0explique que, tout<br \/>\ncomme il l\u2019a fait pour la F1, <strong>Liberty Media<\/strong><br \/>\npourrait apporter un vent de changement en visant une audience plus<br \/>\nlarge et en optimisant la visibilit\u00e9 du sport \u00e0 l\u2019international. Il<br \/>\na laiss\u00e9 entendre que, \u00e0 long terme, il serait peut-\u00eatre n\u00e9cessaire<br \/>\nde revoir certaines traditions, comme la pr\u00e9sence de plusieurs<br \/>\ncourses espagnoles au calendrier, qui, bien qu\u2019elles soient au c\u0153ur<br \/>\nde la discipline, pourraient limiter l\u2019attrait du championnat \u00e0<br \/>\nl\u2019\u00e9chelle mondiale.<\/p>\n<p>L\u2019un des points \u00e9voqu\u00e9s par <strong>Alonso<\/strong> est<br \/>\nl\u2019importance d\u2019une plus grande visibilit\u00e9 m\u00e9diatique et de la<br \/>\ncommunication dans un sport en constante \u00e9volution. En ce sens,<br \/>\n<strong>Liberty Media<\/strong> pourrait pousser les pilotes \u00e0<br \/>\n<strong>perfectionner leurs comp\u00e9tences en communication, notamment<br \/>\nen anglais, afin de toucher un public mondial<\/strong>.<\/p>\n<p>L\u2019exemple de la <strong>F1<\/strong>, o\u00f9 tous les pilotes<br \/>\ncommuniquent d\u00e9sormais en anglais depuis leur cockpit, pourrait<br \/>\ninspirer des changements similaires dans le MotoGP, facilitant les<br \/>\n\u00e9changes avec les m\u00e9dias et les sponsors.<\/p>\n<p><img loading=\"lazy\" decoding=\"async\" class=\"aligncenter size-full wp-image-1317497\" src=\"https:\/\/www.europesays.com\/fr\/wp-content\/uploads\/2025\/08\/Alonso.jpg\" alt=\"Fernando Alonso \" width=\"632\" height=\"377\"  \/><\/p>\n<p><strong>Pour Fernando<br \/>\nAlonso\u00a0le nouvel emploi du temps des pilotes sera satur\u00e9 par<br \/>\nles engagements commerciaux et m\u00e9diatiques<\/strong><\/p>\n<p>Cela pourrait \u00e9galement permettre \u00e0 de nouveaux talents, comme<br \/>\n<a href=\"https:\/\/www.paddock-gp.com\/motogp-pedro-acosta-voit-la-lumiere-au-bout-du-tunnel-pour-ktm-nous-sortons-du-trou-noir\/\" rel=\"nofollow noopener\" target=\"_blank\"><br \/>\n<strong>Pedro Acosta<\/strong><\/a>, d\u2019\u00e9merger et d\u2019attirer un public<br \/>\nplus large gr\u00e2ce \u00e0 leur charisme et \u00e0 leur capacit\u00e9 \u00e0 se connecter<br \/>\navec les fans du monde entier. On rappellera <strong>qu\u2019il a \u00e9t\u00e9<br \/>\ncontraint de suivre des cours d\u2019anglais organis\u00e9s et financ\u00e9s par<br \/>\nDorna<\/strong>, qui ont port\u00e9 leurs fruits.<\/p>\n<p>Pour <strong>Alonso<\/strong>, l\u2019un des d\u00e9fis du <a href=\"https:\/\/www.motogp.com\/en\" rel=\"nofollow noopener\" target=\"_blank\">MotoGP<\/a> sous <a href=\"https:\/\/www.paddock-gp.com\/motogp-sous-liberty-media-un-pacte-sur-la-repartition-des-revenus-les-primes-et-la-gouvernance-du-championnat-se-negocie-avec-les-constructeurs\/\" rel=\"nofollow noopener\" target=\"_blank\"><br \/>\n<strong>Liberty Media<\/strong><\/a> serait de trouver le juste<br \/>\n\u00e9quilibre entre l\u2019h\u00e9ritage de la discipline et la n\u00e9cessit\u00e9<br \/>\nd\u2019\u00e9voluer pour rester comp\u00e9titif sur la sc\u00e8ne mondiale. Il a<br \/>\nobserv\u00e9 que, bien <strong>que la vie des pilotes MotoGP semble plus<br \/>\nd\u00e9tendue par rapport \u00e0 celle des pilotes de F1<\/strong> \u2013 en raison<br \/>\nd\u2019un emploi du temps moins satur\u00e9 par les engagements commerciaux<br \/>\net m\u00e9diatiques \u2013, <strong>cela pourrait rapidement changer<\/strong><br \/>\nsi Liberty Media commence \u00e0 maximiser le potentiel commercial du<br \/>\nsport.<\/p>\n<p>Ainsi, pour <strong>Alonso<\/strong>, l\u2019arriv\u00e9e de<br \/>\n<strong>Liberty Media<\/strong> dans le monde du MotoGP repr\u00e9sente<br \/>\nune opportunit\u00e9 \u00e9norme, mais aussi un d\u00e9fi. L\u2019impact de la<br \/>\nmondialisation et de la modernisation du sport sera crucial pour<br \/>\nl\u2019avenir du MotoGP, et <strong>les pilotes devront non seulement<br \/>\nexceller sur la piste mais aussi en dehors<\/strong>, s\u2019adaptant aux<br \/>\nnouvelles exigences commerciales et m\u00e9diatiques.<\/p>\n<p>La vision de <strong>Liberty Media<\/strong> pourrait transformer<br \/>\nle MotoGP en un sport encore plus global, attirant de nouveaux fans<br \/>\net augmentant la visibilit\u00e9 \u00e0 l\u2019\u00e9chelle internationale. Cela<br \/>\npourrait \u00e9galement marquer le d\u00e9but d\u2019une nouvelle \u00e8re o\u00f9 les<br \/>\npilotes devront, plus que jamais, <strong>\u00eatre des ambassadeurs du<br \/>\nsport \u00e0 l\u2019\u00e9chelle mondiale<\/strong>.<\/p>\n<p><img loading=\"lazy\" decoding=\"async\" class=\"aligncenter\" src=\"https:\/\/www.europesays.com\/fr\/wp-content\/uploads\/2025\/08\/GettyImages-2224815085-1024x683.jpg\" alt=\"Pedro Acosta de KTM hausse les \u00e9paules lors d'un compte rendu m\u00e9diatique du MotoGP\" width=\"883\" height=\"589\"\/><\/p>\n","protected":false},"excerpt":{"rendered":"Fernando Alonso, figure embl\u00e9matique de la Formule 1, a r\u00e9cemment partag\u00e9 son opinion sur l\u2019impact que pourrait avoir&hellip;\n","protected":false},"author":2,"featured_media":327372,"comment_status":"","ping_status":"","sticky":false,"template":"","format":"standard","meta":{"footnotes":""},"categories":[1412],"tags":[1451,1452,1453,1454,1455,1011,27,60],"class_list":{"0":"post-327371","1":"post","2":"type-post","3":"status-publish","4":"format-standard","5":"has-post-thumbnail","7":"category-f1","8":"tag-f1","9":"tag-formula-1","10":"tag-formula1","11":"tag-formule-1","12":"tag-formule1","13":"tag-fr","14":"tag-france","15":"tag-sports"},"share_on_mastodon":{"url":"https:\/\/pubeurope.com\/@fr\/115050625381464386","error":""},"_links":{"self":[{"href":"https:\/\/www.europesays.com\/fr\/wp-json\/wp\/v2\/posts\/327371","targetHints":{"allow":["GET"]}}],"collection":[{"href":"https:\/\/www.europesays.com\/fr\/wp-json\/wp\/v2\/posts"}],"about":[{"href":"https:\/\/www.europesays.com\/fr\/wp-json\/wp\/v2\/types\/post"}],"author":[{"embeddable":true,"href":"https:\/\/www.europesays.com\/fr\/wp-json\/wp\/v2\/users\/2"}],"replies":[{"embeddable":true,"href":"https:\/\/www.europesays.com\/fr\/wp-json\/wp\/v2\/comments?post=327371"}],"version-history":[{"count":0,"href":"https:\/\/www.europesays.com\/fr\/wp-json\/wp\/v2\/posts\/327371\/revisions"}],"wp:featuredmedia":[{"embeddable":true,"href":"https:\/\/www.europesays.com\/fr\/wp-json\/wp\/v2\/media\/327372"}],"wp:attachment":[{"href":"https:\/\/www.europesays.com\/fr\/wp-json\/wp\/v2\/media?parent=327371"}],"wp:term":[{"taxonomy":"category","embeddable":true,"href":"https:\/\/www.europesays.com\/fr\/wp-json\/wp\/v2\/categories?post=327371"},{"taxonomy":"post_tag","embeddable":true,"href":"https:\/\/www.europesays.com\/fr\/wp-json\/wp\/v2\/tags?post=327371"}],"curies":[{"name":"wp","href":"https:\/\/api.w.org\/{rel}","templated":true}]}}