{"id":327377,"date":"2025-08-18T16:08:10","date_gmt":"2025-08-18T16:08:10","guid":{"rendered":"https:\/\/www.europesays.com\/fr\/327377\/"},"modified":"2025-08-18T16:08:10","modified_gmt":"2025-08-18T16:08:10","slug":"une-celebration-intime-avec-presque-tous-ses-enfants-a-sienne","status":"publish","type":"post","link":"https:\/\/www.europesays.com\/fr\/327377\/","title":{"rendered":"une c\u00e9l\u00e9bration intime avec (presque) tous ses enfants \u00e0 Sienne"},"content":{"rendered":"<p>    Madonna avec ses enfants Lourdes, Rocco, David Banda, et ses jumelles Stella et Estere.<br \/>\n                Abaca<\/p>\n<p>La reine de la pop a souffl\u00e9 ses bougies \u00e0 l\u2019italienne, entour\u00e9e de ses enfants et de son compagnon. Une c\u00e9l\u00e9bration en famille, entre traditions italiennes et dolce vita.<\/p>\n<p class=\"fig-paragraph\">Pas de tapis rouge, ni de soir\u00e9e mondaine. Pour son 67e anniversaire,\u00a0<a href=\"https:\/\/madame.lefigaro.fr\/tag\/madonna\" target=\"_blank\" data-fig-type=\"Keyword\" rel=\"sponsored noopener\" data-gtm-custom-categorie=\"navigation\" data-gtm-custom-action=\"crossclick\" data-gtm-custom-label=\"Contextuel\" data-gtm-event=\"customEventSPE\" data-fig-domain=\"MADAME\">Madonna\u00a0<\/a>a pr\u00e9f\u00e9r\u00e9 les ruelles m\u00e9di\u00e9vales de Sienne et l\u2019effervescence du Palio, samedi 16 ao\u00fbt. Depuis un balcon dominant la PIazza del Campo, \u00e9ventail \u00e0 la main, la reine de la pop a en effet assist\u00e9 \u00e0 la course \u00e9questre s\u00e9culaire, entour\u00e9e de ses proches. Lourdes, son a\u00een\u00e9e de 28 ans, \u00e9tait pr\u00e9sente, tout comme Rocco, 25 ans, David Banda, 19 ans, et les jumelles Stella et Estere. Seule Mercy, 19 ans \u00e9galement, manquait \u00e0 l\u2019appel.<\/p>\n<p>Une dolce vita en famille<\/p>\n<p class=\"fig-paragraph\">\u00c0 leurs c\u00f4t\u00e9s, Akeem Morris, 29 ans, son compagnon discret, qu\u2019elle fr\u00e9quente depuis deux ans. Une pr\u00e9sence qui confirme que, pour Madonna, la dolce vita italienne se vit autant en tribu qu\u2019en amoureux. L\u2019artiste fran\u00e7ais JR, \u00e9tait lui aussi de la partie. Plus intime qu\u2019extravagante, cette parenth\u00e8se siennoise a offert \u00e0 la star l\u2019occasion de m\u00ealer traditions et instants familiaux. Et de rappeler, \u00e0 67 ans, qu\u2019elle reste une ic\u00f4ne, capable de transformer une simple f\u00eate en tableau flamboyant.<\/p>\n","protected":false},"excerpt":{"rendered":"Madonna avec ses enfants Lourdes, Rocco, David Banda, et ses jumelles Stella et Estere. Abaca La reine de&hellip;\n","protected":false},"author":2,"featured_media":327378,"comment_status":"","ping_status":"","sticky":false,"template":"","format":"standard","meta":{"footnotes":""},"categories":[1359],"tags":[58,59,1011,27,452,6239,973],"class_list":{"0":"post-327377","1":"post","2":"type-post","3":"status-publish","4":"format-standard","5":"has-post-thumbnail","7":"category-people","8":"tag-divertissement","9":"tag-entertainment","10":"tag-fr","11":"tag-france","12":"tag-italie","13":"tag-madonna","14":"tag-people"},"share_on_mastodon":{"url":"https:\/\/pubeurope.com\/@fr\/115050637265727013","error":""},"_links":{"self":[{"href":"https:\/\/www.europesays.com\/fr\/wp-json\/wp\/v2\/posts\/327377","targetHints":{"allow":["GET"]}}],"collection":[{"href":"https:\/\/www.europesays.com\/fr\/wp-json\/wp\/v2\/posts"}],"about":[{"href":"https:\/\/www.europesays.com\/fr\/wp-json\/wp\/v2\/types\/post"}],"author":[{"embeddable":true,"href":"https:\/\/www.europesays.com\/fr\/wp-json\/wp\/v2\/users\/2"}],"replies":[{"embeddable":true,"href":"https:\/\/www.europesays.com\/fr\/wp-json\/wp\/v2\/comments?post=327377"}],"version-history":[{"count":0,"href":"https:\/\/www.europesays.com\/fr\/wp-json\/wp\/v2\/posts\/327377\/revisions"}],"wp:featuredmedia":[{"embeddable":true,"href":"https:\/\/www.europesays.com\/fr\/wp-json\/wp\/v2\/media\/327378"}],"wp:attachment":[{"href":"https:\/\/www.europesays.com\/fr\/wp-json\/wp\/v2\/media?parent=327377"}],"wp:term":[{"taxonomy":"category","embeddable":true,"href":"https:\/\/www.europesays.com\/fr\/wp-json\/wp\/v2\/categories?post=327377"},{"taxonomy":"post_tag","embeddable":true,"href":"https:\/\/www.europesays.com\/fr\/wp-json\/wp\/v2\/tags?post=327377"}],"curies":[{"name":"wp","href":"https:\/\/api.w.org\/{rel}","templated":true}]}}