{"id":327381,"date":"2025-08-18T16:10:11","date_gmt":"2025-08-18T16:10:11","guid":{"rendered":"https:\/\/www.europesays.com\/fr\/327381\/"},"modified":"2025-08-18T16:10:11","modified_gmt":"2025-08-18T16:10:11","slug":"le-thriller-de-la-rentree-quon-ne-lache-pas-avant-la-derniere-page","status":"publish","type":"post","link":"https:\/\/www.europesays.com\/fr\/327381\/","title":{"rendered":"le thriller de la rentr\u00e9e qu\u2019on ne l\u00e2che pas avant la derni\u00e8re page"},"content":{"rendered":"<p>Le polar qui va dominer cette rentr\u00e9e n\u2019a rien d\u2019un simple divertissement. D\u00e8s les premi\u00e8res pages, <strong>la tension s\u2019installe<\/strong>, la peur s\u2019insinue, et le lecteur se retrouve happ\u00e9 par une atmosph\u00e8re o\u00f9 chaque silence devient suspect. Les premiers \u00e9chos laissent peu de place au doute : <a href=\"https:\/\/www.grazia.fr\/culture\/livres\/impossible-marracher-livre-mains-salue-critique-polar-scandinave-roman-lete-parfait-glisser-valise-1178383.html\" rel=\"nofollow noopener\" target=\"_blank\">ce roman s\u2019impose d\u00e9j\u00e0<\/a> comme <strong>l\u2019un des \u00e9v\u00e9nements litt\u00e9raires<\/strong> de l\u2019ann\u00e9e.<\/p>\n<p>    Un thriller qui s\u2019impose d\u00e8s la rentr\u00e9e <\/p>\n<p>Il faudra attendre le 20 ao\u00fbt pour d\u00e9couvrir <strong>La cabane dans les arbres<\/strong>, sign\u00e9 par Vera Buck. Avec ce nouveau titre, l\u2019autrice allemande confirme son talent apr\u00e8s Les Enfants Loups, qui avait marqu\u00e9 2024, et son tout premier roman Runa, nomm\u00e9 au prix Friedrich Glauser en 2016. La rentr\u00e9e s\u2019annonce donc<strong> sous le signe d\u2019un suspense<\/strong> \u00e0 couper le souffle.<\/p>\n<p>Depuis plusieurs mois, <a href=\"https:\/\/www.grazia.fr\/people\/freida-mcfadden-qui-est-lautrice-de-la-femme-de-menage-nouvelle-reine-incontestee-du-thriller-1133625.html\" rel=\"nofollow noopener\" target=\"_blank\">le thriller r\u00e8gne sur les \u00e9tals<\/a>. Freida McFadden, Harlan Coben ou encore Michel Bussi ont contribu\u00e9 \u00e0 cette vague de succ\u00e8s, tandis que la saga La Femme de M\u00e9nage a raviv\u00e9 l\u2019<strong>int\u00e9r\u00eat d\u2019un large public<\/strong>. C\u2019est dans ce climat d\u2019enthousiasme que s\u2019inscrit Vera Buck, avec une intrigue qui s\u2019ancre profond\u00e9ment dans les <strong>obsessions contemporaines<\/strong> : la famille, le secret, la peur qui couve sous l\u2019apparente normalit\u00e9.<\/p>\n<p>    Un thriller aux fronti\u00e8res du cauchemar <\/p>\n<p>Au c\u0153ur du r\u00e9cit, Henrik et Nora s\u2019offrent une <strong>parenth\u00e8se en Su\u00e8de<\/strong> avec leur fils de cinq ans. L\u2019endroit semble id\u00e9al : une maison perdue dans le V\u00e4sternorrland, entour\u00e9e de for\u00eats immenses. Mais d\u00e8s leur arriv\u00e9e, \u00ab\u00a0une sensation d\u2019oppression\u00a0\u00bb s\u2019installe. Quelques kilom\u00e8tres plus loin, Rosa, passionn\u00e9e de botanique, met au jour le <strong>squelette d\u2019un enfant disparu<\/strong> depuis des d\u00e9cennies. Lorsque le petit Fynn s\u2019\u00e9vapore \u00e0 son tour, la fronti\u00e8re entre cauchemar et r\u00e9alit\u00e9 s\u2019effondre.<\/p>\n<p>Les lecteurs, eux, ne tarissent pas d\u2019\u00e9loges. Sur le site de la Fnac, on peut lire : \u00ab\u00a0Une<strong> tr\u00e8s belle d\u00e9couverte<\/strong> ! Quand l\u2019horreur valse avec la folie, on ne sait plus qui ou quoi croire\u2026 et c\u2019est exactement mon ressenti \u00e0 la fin de cette lecture. Les personnages savent \u00e0 la fois nous attendrir et nous questionner. Quelle est la fronti\u00e8re du mensonge, sont-ils <strong>bourreaux ou victimes<\/strong> ? Et jusqu\u2019\u00e0 la toute derni\u00e8re ligne, le doute plane\u2026 Un r\u00e9cit prenant et totalement gla\u00e7ant !\u00a0\u00bb.<\/p>\n<blockquote class=\"instagram-media \" style=\"background: #ffffff;border: 0;margin: 1px;width: 100%;padding: 0;max-width: 500px;\" data-instgrm-permalink=\"https:\/\/www.instagram.com\/p\/DMSGVfVtSWd\/\" data-instgrm-version=\"14\"\/><p> Des critiques unanimes pour ce thriller <\/p>\n<p>Babelio confirme l\u2019enthousiasme. \u00ab\u00a0Dans ce formidable thriller au <strong>suspense parfaitement ma\u00eetris\u00e9<\/strong>. La maltraitance, les non-dits, les relations familiales et les secrets enfouis impr\u00e8gnent ce roman aux accents poignants\u00a0\u00bb, \u00e9crit un lecteur. Un autre ajoute : \u00ab\u00a0Un thriller passionnant et envo\u00fbtant, parfois gla\u00e7ant, aux descriptions minutieuses, aux <strong>personnages attachants<\/strong> et d\u00e9testables, aux secrets g\u00eanants, troublants et d\u00e9rangeants. La dynamique familiale est aux premi\u00e8res loges, elle est diss\u00e9qu\u00e9e avec ma\u00eetrise.\u00a0\u00bb Enfin, un troisi\u00e8me salue \u00ab\u00a0une atmosph\u00e8re pesante et stressante\u00a0\u00bb et conclut que Vera Buck lui a offert \u00ab\u00a0un excellent thriller pageturner de haut vol qui me pousse \u00e0 lire son premier livre Les Enfants Loups.\u00a0\u00bb<\/p>\n<p>Ce qui frappe, au-del\u00e0 de l\u2019intrigue, c\u2019est la mani\u00e8re dont l\u2019autrice fouille les <strong>ambigu\u00eft\u00e9s des liens familiaux<\/strong>, interroge la fronti\u00e8re entre v\u00e9rit\u00e9 et mensonge, entre victime et bourreau. La for\u00eat su\u00e9doise, cadre de l\u2019histoire, se transforme en pi\u00e8ge mental o\u00f9 chaque recoin semble <strong>dissimuler une menace<\/strong>. En filigrane, Vera Buck <a href=\"https:\/\/www.grazia.fr\/culture\/livres\/deja-1-million-lecteurs-voici-thriller-tout-monde-va-lire-plage-ete-1154760.html\" rel=\"nofollow noopener\" target=\"_blank\">joue avec le lecteur<\/a>, le laissant douter jusqu\u2019au bout, incapable de distinguer l\u2019ombre de la v\u00e9rit\u00e9.<\/p>\n<p>                <script async src=\"\/\/www.instagram.com\/embed.js\"><\/script><\/p>\n","protected":false},"excerpt":{"rendered":"Le polar qui va dominer cette rentr\u00e9e n\u2019a rien d\u2019un simple divertissement. D\u00e8s les premi\u00e8res pages, la tension&hellip;\n","protected":false},"author":2,"featured_media":327382,"comment_status":"","ping_status":"","sticky":false,"template":"","format":"standard","meta":{"footnotes":""},"categories":[1357],"tags":[1379,58,59,1011,27,1380],"class_list":{"0":"post-327381","1":"post","2":"type-post","3":"status-publish","4":"format-standard","5":"has-post-thumbnail","7":"category-livres","8":"tag-books","9":"tag-divertissement","10":"tag-entertainment","11":"tag-fr","12":"tag-france","13":"tag-livres"},"share_on_mastodon":{"url":"https:\/\/pubeurope.com\/@fr\/115050645092085136","error":""},"_links":{"self":[{"href":"https:\/\/www.europesays.com\/fr\/wp-json\/wp\/v2\/posts\/327381","targetHints":{"allow":["GET"]}}],"collection":[{"href":"https:\/\/www.europesays.com\/fr\/wp-json\/wp\/v2\/posts"}],"about":[{"href":"https:\/\/www.europesays.com\/fr\/wp-json\/wp\/v2\/types\/post"}],"author":[{"embeddable":true,"href":"https:\/\/www.europesays.com\/fr\/wp-json\/wp\/v2\/users\/2"}],"replies":[{"embeddable":true,"href":"https:\/\/www.europesays.com\/fr\/wp-json\/wp\/v2\/comments?post=327381"}],"version-history":[{"count":0,"href":"https:\/\/www.europesays.com\/fr\/wp-json\/wp\/v2\/posts\/327381\/revisions"}],"wp:featuredmedia":[{"embeddable":true,"href":"https:\/\/www.europesays.com\/fr\/wp-json\/wp\/v2\/media\/327382"}],"wp:attachment":[{"href":"https:\/\/www.europesays.com\/fr\/wp-json\/wp\/v2\/media?parent=327381"}],"wp:term":[{"taxonomy":"category","embeddable":true,"href":"https:\/\/www.europesays.com\/fr\/wp-json\/wp\/v2\/categories?post=327381"},{"taxonomy":"post_tag","embeddable":true,"href":"https:\/\/www.europesays.com\/fr\/wp-json\/wp\/v2\/tags?post=327381"}],"curies":[{"name":"wp","href":"https:\/\/api.w.org\/{rel}","templated":true}]}}