{"id":327383,"date":"2025-08-18T16:11:14","date_gmt":"2025-08-18T16:11:14","guid":{"rendered":"https:\/\/www.europesays.com\/fr\/327383\/"},"modified":"2025-08-18T16:11:14","modified_gmt":"2025-08-18T16:11:14","slug":"larcom-epingle-quotidien-de-yann-barthes-sur-tmc-apres-la-diffusion-sans-autorisation-dun-enfant-mineur-et-de-propos-moqueurs","status":"publish","type":"post","link":"https:\/\/www.europesays.com\/fr\/327383\/","title":{"rendered":"L&rsquo;Arcom \u00e9pingle \u00ab\u00a0Quotidien\u00a0\u00bb de Yann Barth\u00e8s sur TMC apr\u00e8s la diffusion sans autorisation \u00ab\u00a0d&rsquo;un enfant mineur\u00a0\u00bb et de \u00ab\u00a0propos moqueurs\u00a0\u00bb"},"content":{"rendered":"<p>            <img loading=\"lazy\" decoding=\"async\" src=\"https:\/\/www.europesays.com\/fr\/wp-content\/uploads\/2025\/04\/82-65703a09b7c5d-35x35-1.jpg\" class=\"author-article-picture\" width=\"35\" height=\"35\"\/><\/p>\n<p>                Par<br \/>\n                                    <a class=\"author-article-bio-link\" href=\"https:\/\/www.ozap.com\/auteur\/bruna-fernandez_a82\" rel=\"nofollow noopener\" target=\"_blank\">Bruna Fernandez<\/a><br \/>\n                                                    | Journaliste<\/p>\n<p>\n                N\u00e9e \u00e0 l\u2019\u00e9poque des \u201cInconnus\u201d, Bruna grandit entre le Br\u00e9sil et la France. Enfant, elle enrichit son imaginaire devant le grand et le petit \u00e9cran. Devenue journaliste, elle passe derri\u00e8re la cam\u00e9ra et travaille pour plusieurs \u00e9missions. Un petit monde qu\u2019elle se pla\u00eet \u00e0 d\u00e9cortiquer pour puremedias.\n            <\/p>\n<p>\n    Le r\u00e9gulateur de l&rsquo;audiovisuel a rappel\u00e9 \u00e0 l&rsquo;ordre TMC apr\u00e8s une s\u00e9quence de l&rsquo;\u00e9mission \u00ab\u00a0Quotidien\u00a0\u00bb, diffus\u00e9e en septembre 2024. En cause : l&rsquo;image d&rsquo;un enfant diffus\u00e9e sans autorisation parentale et accompagn\u00e9e de commentaires jug\u00e9s moqueurs.\n<\/p>\n<p>                            <img loading=\"lazy\" decoding=\"async\" class=\"player-thumbnail\" src=\"https:\/\/www.europesays.com\/fr\/wp-content\/uploads\/2025\/08\/9e2c944fa118974a-580x326-1.jpg\" width=\"580\" height=\"326\"\/><\/p>\n<p>                    Cyril Hanouna attaque l&rsquo;Arcom. \u00a9 TMC<\/p>\n<p>La suite apr\u00e8s la publicit\u00e9<\/p>\n<p>L&rsquo;Arcom a publi\u00e9, ce mercredi 14 ao\u00fbt, une mise au point visant l&rsquo;\u00e9mission <a href=\"https:\/\/www.ozap.com\/actu\/mon-job-a-quotidien-je-ne-lai-pas-eu-grace-a-eux-ambre-chalumeau-dement-avoir-ete-pistonnee-par-ses-parents-pour-integrer-le-talk-de-yann-barthes-sur-tmc\/650987\" rel=\"nofollow noopener\" target=\"_blank\">\u00ab\u00a0Quotidien\u00a0\u00bb<\/a> de <a href=\"https:\/\/www.ozap.com\/personnalite\/yann-barthes_e1614\" rel=\"nofollow noopener\" target=\"_blank\">Yann Barth\u00e8s<\/a>, diffus\u00e9e sur TMC. L&rsquo;autorit\u00e9 indique avoir \u00e9t\u00e9 saisie \u00e0 propos d&rsquo;un extrait diffus\u00e9 le 13 septembre 2024 : \u00ab\u00a0au sein d&rsquo;une chronique de l&rsquo;\u00e9mission, l&rsquo;image de l&rsquo;enfant mineur de la plaignante a \u00e9t\u00e9 diffus\u00e9e sans autorisation, non prot\u00e9g\u00e9e et accompagn\u00e9e de propos moqueurs.\u00a0\u00bb<\/p>\n<p>\u00ab\u00a0Faire preuve de la plus grande vigilance\u00a0\u00bb<\/p>\n<p>Dans son communiqu\u00e9, l&rsquo;Arcom pr\u00e9cise avoir pris acte du retrait rapide de la s\u00e9quence en question, ainsi que des excuses formul\u00e9es par la cha\u00eene et de la mise en place de mesures internes pour \u00e9viter de nouvelles d\u00e9rives. \u00ab\u00a0L\u2019Autorit\u00e9 a n\u00e9anmoins consid\u00e9r\u00e9 que la s\u00e9quence m\u00e9connaissait les stipulations de l\u2019article 2-3-4 de sa convention\u00a0\u00bb, qui demande aux cha\u00eenes de respecter la vie priv\u00e9e, l&rsquo;honneur et la r\u00e9putation des personnes qui sont \u00e0 l&rsquo;antenne.\u00a0<\/p>\n<p>Cons\u00e9quence : \u00ab\u00a0L\u2019Arcom a demand\u00e9 \u00e0 l\u2019\u00e9diteur du service de faire preuve de la plus grande vigilance\u00a0\u00bb, peut-on lire, dans le traitement de l&rsquo;image des personnes mineures, en particulier lorsque le contexte peut exposer les enfants \u00e0 des risques de harc\u00e8lement scolaire.\u00a0<\/p>\n<p><a href=\"https:\/\/www.ozap.com\/actu\/des-propos-denues-de-nuance-larcom-intervient-aupres-de-cnews-apres-un-editorial-de-pascal-praud-dans-lheure-des-pros\/651189\" rel=\"nofollow noopener\" target=\"_blank\"><strong>\u00c0 LIRE AUSSI : \u00ab\u00a0Des propos d\u00e9nu\u00e9s de nuance\u00a0\u00bb : L\u2019Arcom intervient aupr\u00e8s de CNews apr\u00e8s un \u00e9ditorial de Pascal Praud dans \u00ab\u00a0L\u2019Heure des Pros\u00a0\u00bb<\/strong><\/a><\/p>\n<p>Si l&rsquo;autorit\u00e9 ne pr\u00e9cise pas la s\u00e9quence incrimin\u00e9e, l&rsquo;\u00e9mission de ce 13 septembre comportait une chronique \u00ab\u00a0Kids Club\u00a0\u00bb, pr\u00e9sent\u00e9e par Ang\u00e8le Imbert, tourn\u00e9e lors d&rsquo;une course pour enfants \u00e0 Chamonix. La plupart des jeunes participants avaient alors \u00e9t\u00e9 film\u00e9s avec l&rsquo;autorisation de leurs parents, ce qui laisse supposer que l&rsquo;incident concernait un cas isol\u00e9. Cette remontrance demeure rare pour \u00ab\u00a0Quotidien\u00a0\u00bb, habituellement \u00e9pargn\u00e9 par l&rsquo;Arcom, contrairement \u00e0 d&rsquo;autres programmes de la TNT, comme son plus grand rival, \u00ab\u00a0Touche pas pas \u00e0 mon poste\u00a0\u00bb sur C8, dont les nombreuses r\u00e9primandes de l&rsquo;autorit\u00e9 de r\u00e9gulation ont entra\u00een\u00e9 la fermeture de la cha\u00eene.<\/p>\n<p>En mars dernier, devant la commission d&rsquo;enqu\u00eate parlementaire sur les fr\u00e9quences de la TNT, Yann Barth\u00e8s se targuait de n&rsquo;avoir connu \u00ab\u00a0aucun d\u00e9rapage, aucune mise en garde, aucune proc\u00e9dure de sanction\u00a0\u00bb.\u00a0<\/p>\n<p>        <img decoding=\"async\" class=\"thumb-img-100 thumb-img\" src=\"https:\/\/www.europesays.com\/fr\/wp-content\/uploads\/2025\/08\/65634c21430f6609-320x180-1.jpg\" alt=\"&quot;Mon job \u00e0 'Quotidien', je ne l'ai pas eu gr\u00e2ce \u00e0 eux&quot; : Ambre Chalumeau d\u00e9ment avoir \u00e9t\u00e9 pistonn\u00e9e par ses parents pour int\u00e9grer le talk de Yann Barth\u00e8s sur TMC\" width=\"320\" height=\"180\" loading=\"lazy\" role=\"presentation\"\/><\/p>\n<p>                                            \u00ab\u00a0Mon job \u00e0 &lsquo;Quotidien&rsquo;, je ne l&rsquo;ai pas eu gr\u00e2ce \u00e0 eux\u00a0\u00bb : Ambre Chalumeau d\u00e9ment avoir \u00e9t\u00e9 pistonn\u00e9e par ses parents pour int\u00e9grer le talk de Yann Barth\u00e8s sur TMC<\/p>\n<p>        <img decoding=\"async\" class=\"thumb-img-100 thumb-img\" src=\"https:\/\/www.europesays.com\/fr\/wp-content\/uploads\/2025\/08\/15aa3a6e35726b30-320x180-1.jpg\" alt=\"Audiences access 20h : Invit\u00e9e de Yann Barth\u00e8s, Delphine Ernotte, pr\u00e9sidente de France T\u00e9l\u00e9visions, a-t-elle int\u00e9ress\u00e9 les t\u00e9l\u00e9spectateurs de &quot;Quotidien&quot; sur TMC ?\" width=\"320\" height=\"180\" loading=\"lazy\" role=\"presentation\"\/><\/p>\n<p>                                            Audiences access 20h : Invit\u00e9e de Yann Barth\u00e8s, Delphine Ernotte, pr\u00e9sidente de France T\u00e9l\u00e9visions, a-t-elle int\u00e9ress\u00e9 les t\u00e9l\u00e9spectateurs de \u00ab\u00a0Quotidien\u00a0\u00bb sur TMC ?<\/p>\n<p>        <img decoding=\"async\" class=\"thumb-img-100 thumb-img\" src=\"https:\/\/www.europesays.com\/fr\/wp-content\/uploads\/2025\/08\/e83fab12f2aedc46-320x180-1.jpg\" alt=\"Audiences access 20h : Yann Barth\u00e8s et &quot;Quotidien&quot; d\u00e9gringolent \u00e0 leur plus bas niveau sur TMC, Gilles Bouleau cartonne sur TF1\" width=\"320\" height=\"180\" loading=\"lazy\" role=\"presentation\"\/><\/p>\n<p>                                            Audiences access 20h : Yann Barth\u00e8s et \u00ab\u00a0Quotidien\u00a0\u00bb d\u00e9gringolent \u00e0 leur plus bas niveau sur TMC, Gilles Bouleau cartonne sur TF1<\/p>\n","protected":false},"excerpt":{"rendered":"Par Bruna Fernandez | Journaliste N\u00e9e \u00e0 l\u2019\u00e9poque des \u201cInconnus\u201d, Bruna grandit entre le Br\u00e9sil et la France.&hellip;\n","protected":false},"author":2,"featured_media":327384,"comment_status":"","ping_status":"","sticky":false,"template":"","format":"standard","meta":{"footnotes":""},"categories":[1356],"tags":[58,59,1011,27,252,1364],"class_list":{"0":"post-327383","1":"post","2":"type-post","3":"status-publish","4":"format-standard","5":"has-post-thumbnail","7":"category-television","8":"tag-divertissement","9":"tag-entertainment","10":"tag-fr","11":"tag-france","12":"tag-television","13":"tag-tv"},"share_on_mastodon":{"url":"https:\/\/pubeurope.com\/@fr\/115050649178476545","error":""},"_links":{"self":[{"href":"https:\/\/www.europesays.com\/fr\/wp-json\/wp\/v2\/posts\/327383","targetHints":{"allow":["GET"]}}],"collection":[{"href":"https:\/\/www.europesays.com\/fr\/wp-json\/wp\/v2\/posts"}],"about":[{"href":"https:\/\/www.europesays.com\/fr\/wp-json\/wp\/v2\/types\/post"}],"author":[{"embeddable":true,"href":"https:\/\/www.europesays.com\/fr\/wp-json\/wp\/v2\/users\/2"}],"replies":[{"embeddable":true,"href":"https:\/\/www.europesays.com\/fr\/wp-json\/wp\/v2\/comments?post=327383"}],"version-history":[{"count":0,"href":"https:\/\/www.europesays.com\/fr\/wp-json\/wp\/v2\/posts\/327383\/revisions"}],"wp:featuredmedia":[{"embeddable":true,"href":"https:\/\/www.europesays.com\/fr\/wp-json\/wp\/v2\/media\/327384"}],"wp:attachment":[{"href":"https:\/\/www.europesays.com\/fr\/wp-json\/wp\/v2\/media?parent=327383"}],"wp:term":[{"taxonomy":"category","embeddable":true,"href":"https:\/\/www.europesays.com\/fr\/wp-json\/wp\/v2\/categories?post=327383"},{"taxonomy":"post_tag","embeddable":true,"href":"https:\/\/www.europesays.com\/fr\/wp-json\/wp\/v2\/tags?post=327383"}],"curies":[{"name":"wp","href":"https:\/\/api.w.org\/{rel}","templated":true}]}}