{"id":327391,"date":"2025-08-18T16:15:11","date_gmt":"2025-08-18T16:15:11","guid":{"rendered":"https:\/\/www.europesays.com\/fr\/327391\/"},"modified":"2025-08-18T16:15:11","modified_gmt":"2025-08-18T16:15:11","slug":"om-rabiot-et-rowe-temporairement-ecartes-du-groupe-maxifoot","status":"publish","type":"post","link":"https:\/\/www.europesays.com\/fr\/327391\/","title":{"rendered":"OM : Rabiot et Rowe temporairement \u00e9cart\u00e9s du groupe ! &#8211; Maxifoot"},"content":{"rendered":"<ol>\n<li><a href=\"https:\/\/news.google.com\/rss\/articles\/CBMiX0FVX3lxTE9FeWFMMUdsdDlKRnF6RGsyOU5jOHNpTXJfUXNGbzZXM0kwMTNVR0JNMkVhSlhrZ0pCS215LVVDZmdCdkV1NDFfM3FwNGhOMlY2OWwwQ0R5eDlnbkw0OHFn0gFXQVVfeXFMTmRMdEk0SVQzSXZkcDBobEcySld2S19XclVfZ004Mm43b2JNN1hyWjM5dTJCblp1YzlydVBHLVV6RU1JS2xQMmR5ZkFON1h2VWpVT3JoTkJ3?oc=5\" target=\"_blank\" rel=\"noopener\">OM : Rabiot et Rowe temporairement \u00e9cart\u00e9s du groupe !<\/a>&nbsp;&nbsp;Maxifoot<\/li>\n<li><a href=\"https:\/\/news.google.com\/rss\/articles\/CBMi2gFBVV95cUxPRi1nLXI4dWh0cFhucDFtVXZIWnhFTGJFNjlBa3gyYjdYd0p4QnFZRnNES2t2T25xR0MydzJSWUpVUFloX0htenRxVm4yRWpoZzNlUG9GTjE4TW9sOUdnX05wRktiQ1B0a0U3WWlFNlBMVGx6cWo2OVhFUXkwU2ZJSHJteng0RzdCQ0N3elZSUFJId3NvY29rcTE5dVFORXZlNTNHdkpSNjNFYkFfYWpvMWpUVlk1b3Jaa0tlb08xbVExQ1lDdkdkb0p4Q3pQOFhOdlNJVzEwWGNZdw?oc=5\" target=\"_blank\" rel=\"noopener\">OM: Adrien Rabiot et Jonathan Rowe temporairement \u00e9cart\u00e9s de l\u2019\u00e9quipe premi\u00e8re<\/a>&nbsp;&nbsp;RMC Sport<\/li>\n<li><a href=\"https:\/\/news.google.com\/rss\/articles\/CBMi_AFBVV95cUxNY3hrOEdYNWR1bkhlQTg2NHVfekZFeWY0cWNRZW95TjNxd3phU25KbmI2MmZGdWNILXVQOUNPWHNHX195QmdxMkprWnkzWHhTa3haeHN1TWhnVWZJU3Q3UzBDRERtM0d1ekNvLVI5amlsVDJQeU83WDRBcnhPYl9mckxxQjFPLVJlQldSR1VwNkt4WHFzaHJDSm50ejhuUFF2ZGF1YVFNUFhEYnF4Y1pWVDk1a3ItalZ1TWNmYnZHaUJJT0M0b1FsUUdaSExNZmJlR2FZZXotdWJGOGg4NUR1akQzYV96ejB5X0VLWXkzcVVQeXN5THpERkNld3A?oc=5\" target=\"_blank\" rel=\"noopener\">OM : apr\u00e8s leur altercation dans le vestiaire \u00e0 Rennes, Rabiot et Rowe temporairement \u00e9cart\u00e9s de l\u2019\u00e9quipe premi\u00e8re<\/a>&nbsp;&nbsp;Le Figaro<\/li>\n<li><a href=\"https:\/\/news.google.com\/rss\/articles\/CBMilgFBVV95cUxPZTNBZ2YtemJWcEhnRERDOUN5bzkzSHl6X2JDU2VtcXF1WER5T1BKbFNFaUo3UUpCT3VuVHZ2cklXbVhmUXRQMkNwd1BzSU9UMktuSWM0NjZfa2ozenY5bUFqcHZNXy1CWFBzc0E0dFdpU1VWNHJ1X2lXTjRmVlhzX0wwQnBGeGxyS0NlWmE2M1ZGZDBXNVE?oc=5\" target=\"_blank\" rel=\"noopener\">OM : Rowe et Rabiot mis \u00e0 l&rsquo;\u00e9cart par le club !<\/a>&nbsp;&nbsp;Le Phoc\u00e9en<\/li>\n<li><a href=\"https:\/\/news.google.com\/rss\/articles\/CBMizAFBVV95cUxORUJ2RU5QTVp4TmpIdGdYY0xCZm11WGRrbGlQZGo2QmM5ZFhybkVmTVB5OXdQbHVQVmpYU0xBbFJPOXp3ZmFGT3NMcmtvaElkWDZtSUh6ZXhmNEMxQ2hBaEM4NmdkdnJ4T3BURGZPb3lkZ29QZXZlTXpmMkZxYVRmZDFfQkNWcGF3RHRnN2NMbWx1MkRqZU9LMW45LWd5dmhpVmVmOUgzcGZydkIyVG5PM1lNSDBJMWpMSU5RVWMweEFjZTlIMWdDaDYzR2E?oc=5\" target=\"_blank\" rel=\"noopener\">Football &#8211; Ligue 1. OM : Adrien Rabiot et Jonathan Rowe \u00e9cart\u00e9s temporairement apr\u00e8s leur altercation \u00e0 Rennes<\/a>&nbsp;&nbsp;Le Dauphin\u00e9 Lib\u00e9r\u00e9<\/li>\n<\/ol>\n","protected":false},"excerpt":{"rendered":"OM : Rabiot et Rowe temporairement \u00e9cart\u00e9s du groupe !&nbsp;&nbsp;Maxifoot OM: Adrien Rabiot et Jonathan Rowe temporairement \u00e9cart\u00e9s&hellip;\n","protected":false},"author":2,"featured_media":327392,"comment_status":"","ping_status":"","sticky":false,"template":"","format":"standard","meta":{"footnotes":""},"categories":[9],"tags":[2266,2262,2261,1981,83,2260,451,2263,462,2269,2257,63,1011,27,2265,1441,453,66,447,2267,955,2268,241,149,70,1817,93,2264,2258,2259,60,969,455],"class_list":{"0":"post-327391","1":"post","2":"type-post","3":"status-publish","4":"format-standard","5":"has-post-thumbnail","7":"category-sports","8":"tag-as-monaco","9":"tag-bundesligua","10":"tag-calcio","11":"tag-classement","12":"tag-coupe-de-france","13":"tag-coupe-de-la-ligue","14":"tag-coupe-du-monde","15":"tag-equipe","16":"tag-fc-nantes","17":"tag-fifa","18":"tag-foot","19":"tag-football","20":"tag-fr","21":"tag-france","22":"tag-girondins-bordeaux","23":"tag-joueur","24":"tag-liga","25":"tag-ligue-1","26":"tag-ligue-des-champions","27":"tag-losc","28":"tag-match","29":"tag-ogc-nice","30":"tag-ol","31":"tag-om","32":"tag-premier-league","33":"tag-pronostic","34":"tag-psg","35":"tag-rc-lens","36":"tag-resultat","37":"tag-score","38":"tag-sports","39":"tag-transfert","40":"tag-uefa"},"share_on_mastodon":{"url":"https:\/\/pubeurope.com\/@fr\/115050664653686811","error":""},"_links":{"self":[{"href":"https:\/\/www.europesays.com\/fr\/wp-json\/wp\/v2\/posts\/327391","targetHints":{"allow":["GET"]}}],"collection":[{"href":"https:\/\/www.europesays.com\/fr\/wp-json\/wp\/v2\/posts"}],"about":[{"href":"https:\/\/www.europesays.com\/fr\/wp-json\/wp\/v2\/types\/post"}],"author":[{"embeddable":true,"href":"https:\/\/www.europesays.com\/fr\/wp-json\/wp\/v2\/users\/2"}],"replies":[{"embeddable":true,"href":"https:\/\/www.europesays.com\/fr\/wp-json\/wp\/v2\/comments?post=327391"}],"version-history":[{"count":0,"href":"https:\/\/www.europesays.com\/fr\/wp-json\/wp\/v2\/posts\/327391\/revisions"}],"wp:featuredmedia":[{"embeddable":true,"href":"https:\/\/www.europesays.com\/fr\/wp-json\/wp\/v2\/media\/327392"}],"wp:attachment":[{"href":"https:\/\/www.europesays.com\/fr\/wp-json\/wp\/v2\/media?parent=327391"}],"wp:term":[{"taxonomy":"category","embeddable":true,"href":"https:\/\/www.europesays.com\/fr\/wp-json\/wp\/v2\/categories?post=327391"},{"taxonomy":"post_tag","embeddable":true,"href":"https:\/\/www.europesays.com\/fr\/wp-json\/wp\/v2\/tags?post=327391"}],"curies":[{"name":"wp","href":"https:\/\/api.w.org\/{rel}","templated":true}]}}