{"id":327393,"date":"2025-08-18T16:16:10","date_gmt":"2025-08-18T16:16:10","guid":{"rendered":"https:\/\/www.europesays.com\/fr\/327393\/"},"modified":"2025-08-18T16:16:10","modified_gmt":"2025-08-18T16:16:10","slug":"un-an-apres-sa-mort-douchy-rend-hommage-a-alain-delon-sans-anthony-anouchka-et-alain-fabien","status":"publish","type":"post","link":"https:\/\/www.europesays.com\/fr\/327393\/","title":{"rendered":"un an apr\u00e8s sa mort, Douchy rend hommage \u00e0 Alain Delon, sans Anthony, Anouchka et Alain-Fabien"},"content":{"rendered":"<p><strong>REPORTAGE &#8211;<\/strong> Alors que des fans d\u00e9posaient des fleurs et des souvenirs, la commune du Loiret a rebaptis\u00e9, lundi, son terrain municipal du nom de son plus c\u00e9l\u00e8bre habitant, disparu il y a un an. Invit\u00e9e \u00e0 la c\u00e9r\u00e9monie, la famille n\u2019a pas r\u00e9pondu pr\u00e9sent.<\/p>\n<p class=\"fig-paragraph\">Le 18 ao\u00fbt 2024,\u00a0<a href=\"http:\/\/www.lefigaro.fr\/cinema\/dossier\/mort-d-alain-delon-retrouvez-tous-nos-articles-retracant-la-vie-de-la-legende-du-cinema\" target=\"_blank\" data-fig-type=\"Topic\" rel=\"noopener\" data-gtm-custom-categorie=\"navigation\" data-gtm-custom-action=\"crossclick\" data-gtm-custom-label=\"Contextuel\" data-gtm-event=\"customEventSPE\" data-fig-domain=\"LEFIGARO\">Alain Delon s\u2019en allait<\/a>, laissant derri\u00e8re lui une empreinte ind\u00e9l\u00e9bile sur le septi\u00e8me art. Le village de Douchy-Montcorbon (Loiret), o\u00f9 l\u2019acteur vivait depuis 1971, lui a rendu hommage ce lundi dans le cadre du premier anniversaire de sa disparition. Aux alentours de 14\u00a0h\u00a030, le maire de la commune de 1\u00a0300\u00a0habitants, Abel Martin, a accueilli une cinquantaine d\u2019invit\u00e9s sur le terrain municipal.<\/p>\n<p class=\"fig-paragraph\">\u00ab\u00a0Il a particip\u00e9 \u00e0 la vie du football, nous raconte l\u2019\u00e9lu. Le stade portera le nom d\u2019une ic\u00f4ne du cin\u00e9ma fran\u00e7ais et international. Il symbolise notre attachement et notre reconnaissance envers un homme qui a marqu\u00e9 l\u2019histoire de l\u2019art et de la culture.\u00a0\u00bb Le maire avait h\u00e9sit\u00e9 \u00e0 attribuer le nom du com\u00e9dien \u00e0 une rue, mais l\u2019op\u00e9ration aurait \u00e9t\u00e9 contraignante pour les r\u00e9sidents.<\/p>\n<p>Absence de la famille<\/p>\n<p class=\"fig-paragraph\">Les c\u00e9l\u00e9brations se d\u00e9roulent dans l\u2019intimit\u00e9. Faute de place et de forces de l\u2019ordre, confie l\u2019\u00e9lu. Sur le banc des nostalgiques du Samoura\u00ef\u00a0? Une trentaine d\u2019admirateurs venus de Douchy, mais\u2026<\/p>\n<p class=\"fig-premium-paywall__infos\">\n        Cet article est r\u00e9serv\u00e9 aux abonn\u00e9s.        Il vous reste 82% \u00e0 d\u00e9couvrir.\n    <\/p>\n<p>                <img  data- alt=\"Le Figaro\" class=\"fig-img--complete fig-img\"\/><\/p>\n<p class=\"fig-premium-paywall__title\">Vente Flash<\/p>\n<p class=\"fig-premium-paywall__subtitle\">4,99\u20ac par mois pendant 12 mois. Sans engagement<\/p>\n<p class=\"fig-premium-paywall__connect\">\n                D\u00e9j\u00e0 abonn\u00e9\u00a0?                <a class=\"fig-premium-paywall__connect-link\" href=\"https:\/\/connect.lefigaro.fr\/login?client=horizon_web&amp;type=main&amp;redirect_uri=https%3A%2F%2Fwww.lefigaro.fr%2Fculture%2Fsans-anthony-ni-anouchka-douchy-rend-hommage-a-alain-delon-notre-stade-portera-le-nom-d-une-icone-20250818\" data-js-gtm=\"{&quot;customCategorie&quot;: &quot;conversion&quot;, &quot;customAction&quot;: &quot;before_Landing_Connexion_paywall_auto&quot;, &quot;customLabel&quot;: &quot;bGVmaWdhcm8uZnJfXzFmMDdjMTBlLTc2ODQtNmMwOC1iODk1LWVkMjA0ZTFkZjYyMF9fQXJ0aWNsZQ==_\u00abIls n\u2019ont pas r\u00e9pondu\u00bb\u00a0: un an apr\u00e8s sa mort, Douchy rend hommage \u00e0 Alain Delon, sans Anthony, Anouchka et Alain-Fabien_198&quot;, &quot;customIDSPE&quot;: &quot;bGVmaWdhcm8uZnJfXzFmMDdjMTBlLTc2ODQtNmMwOC1iODk1LWVkMjA0ZTFkZjYyMF9fQXJ0aWNsZQ==&quot;, &quot;event&quot;: &quot;customEventSPE&quot;}\" target=\"_blank\" rel=\"noopener\"><br \/>\n                    Connectez-vous<br \/>\n                <\/a>\n            <\/p>\n","protected":false},"excerpt":{"rendered":"REPORTAGE &#8211; Alors que des fans d\u00e9posaient des fleurs et des souvenirs, la commune du Loiret a rebaptis\u00e9,&hellip;\n","protected":false},"author":2,"featured_media":327394,"comment_status":"","ping_status":"","sticky":false,"template":"","format":"standard","meta":{"footnotes":""},"categories":[8],"tags":[5960,22608,58,59,1011,27,4879],"class_list":{"0":"post-327393","1":"post","2":"type-post","3":"status-publish","4":"format-standard","5":"has-post-thumbnail","7":"category-divertissement","8":"tag-alain-delon","9":"tag-anthony-delon","10":"tag-divertissement","11":"tag-entertainment","12":"tag-fr","13":"tag-france","14":"tag-hommage"},"share_on_mastodon":{"url":"https:\/\/pubeurope.com\/@fr\/115050668673390069","error":""},"_links":{"self":[{"href":"https:\/\/www.europesays.com\/fr\/wp-json\/wp\/v2\/posts\/327393","targetHints":{"allow":["GET"]}}],"collection":[{"href":"https:\/\/www.europesays.com\/fr\/wp-json\/wp\/v2\/posts"}],"about":[{"href":"https:\/\/www.europesays.com\/fr\/wp-json\/wp\/v2\/types\/post"}],"author":[{"embeddable":true,"href":"https:\/\/www.europesays.com\/fr\/wp-json\/wp\/v2\/users\/2"}],"replies":[{"embeddable":true,"href":"https:\/\/www.europesays.com\/fr\/wp-json\/wp\/v2\/comments?post=327393"}],"version-history":[{"count":0,"href":"https:\/\/www.europesays.com\/fr\/wp-json\/wp\/v2\/posts\/327393\/revisions"}],"wp:featuredmedia":[{"embeddable":true,"href":"https:\/\/www.europesays.com\/fr\/wp-json\/wp\/v2\/media\/327394"}],"wp:attachment":[{"href":"https:\/\/www.europesays.com\/fr\/wp-json\/wp\/v2\/media?parent=327393"}],"wp:term":[{"taxonomy":"category","embeddable":true,"href":"https:\/\/www.europesays.com\/fr\/wp-json\/wp\/v2\/categories?post=327393"},{"taxonomy":"post_tag","embeddable":true,"href":"https:\/\/www.europesays.com\/fr\/wp-json\/wp\/v2\/tags?post=327393"}],"curies":[{"name":"wp","href":"https:\/\/api.w.org\/{rel}","templated":true}]}}