{"id":327395,"date":"2025-08-18T16:17:12","date_gmt":"2025-08-18T16:17:12","guid":{"rendered":"https:\/\/www.europesays.com\/fr\/327395\/"},"modified":"2025-08-18T16:17:12","modified_gmt":"2025-08-18T16:17:12","slug":"la-foudre-ne-vient-pas-des-nuages-decouvrez-son-origine-incroyable","status":"publish","type":"post","link":"https:\/\/www.europesays.com\/fr\/327395\/","title":{"rendered":"La foudre ne vient pas des nuages : d\u00e9couvrez son origine incroyable"},"content":{"rendered":"<p class=\"whitespace-normal break-words\"><strong>Pendant des<br \/>\nsi\u00e8cles, l\u2019origine exacte de la foudre est rest\u00e9e l\u2019un des myst\u00e8res<br \/>\nles plus tenaces de la m\u00e9t\u00e9orologie. Bien que Benjamin Franklin ait<br \/>\nd\u00e9montr\u00e9 d\u00e8s 1752 la nature \u00e9lectrique de ce ph\u00e9nom\u00e8ne, les<br \/>\nscientifiques butaient sur une \u00e9nigme fondamentale : comment les<br \/>\n<a href=\"https:\/\/sciencepost.fr\/lintensification-rapide-des-pluies-dorage-avec-le-rechauffement-global\/\" target=\"_blank\" rel=\"noopener nofollow\">nuages d\u2019orage<\/a> g\u00e9n\u00e8rent-ils un<br \/>\nchamp \u00e9lectrique suffisamment puissant pour produire ces d\u00e9charges<br \/>\nspectaculaires ? Une \u00e9tude r\u00e9volutionnaire publi\u00e9e en juillet 2025<br \/>\ndans le <a href=\"https:\/\/agupubs.onlinelibrary.wiley.com\/doi\/10.1029\/2025JD043897\" target=\"_blank\" rel=\"noopener nofollow\">Journal of Geophysical Research<\/a><br \/>\napporte enfin la r\u00e9ponse, et elle est stup\u00e9fiante. Nos orages<br \/>\nterrestres seraient en r\u00e9alit\u00e9 d\u00e9clench\u00e9s par des particules venues<br \/>\ndes confins de l\u2019univers, transformant chaque \u00e9clair en messager<br \/>\ncosmique d\u2019\u00e9toiles mortes depuis des millions<br \/>\nd\u2019ann\u00e9es.<\/strong><\/p>\n<p>Un myst\u00e8re<br \/>\nvieux de trois si\u00e8cles<\/p>\n<p class=\"whitespace-normal break-words\">L\u2019exp\u00e9rience l\u00e9gendaire de<br \/>\nBenjamin Franklin avec son cerf-volant par temps d\u2019orage marqua le<br \/>\nd\u00e9but de notre compr\u00e9hension scientifique de la foudre. En<br \/>\nattachant une cl\u00e9 m\u00e9tallique \u00e0 un cerf-volant reli\u00e9 par un fil<br \/>\nconducteur, Franklin prouva que les \u00e9clairs \u00e9taient des d\u00e9charges<br \/>\n\u00e9lectriques. Mais cette d\u00e9couverte fondamentale ne r\u00e9solut qu\u2019une<br \/>\npartie de l\u2019\u00e9nigme.<\/p>\n<p class=\"whitespace-normal break-words\">Les mesures modernes<br \/>\neffectu\u00e9es par des avions et des ballons m\u00e9t\u00e9orologiques r\u00e9v\u00e8lent<br \/>\nune contradiction troublante : le champ \u00e9lectrique th\u00e9oriquement<br \/>\nn\u00e9cessaire pour d\u00e9clencher une avalanche d\u2019\u00e9lectrons vers le sol<br \/>\ndevrait \u00eatre environ dix fois sup\u00e9rieur \u00e0 celui r\u00e9ellement observ\u00e9<br \/>\ndans les nuages d\u2019orage. Cette anomalie a aliment\u00e9 des d\u00e9cennies de<br \/>\nd\u00e9bats scientifiques et de th\u00e9ories concurrentes.<\/p>\n<p>Deux<br \/>\ncamps, une bataille th\u00e9orique<\/p>\n<p class=\"whitespace-normal break-words\">La communaut\u00e9 scientifique<br \/>\ns\u2019est longtemps divis\u00e9e entre deux explications possibles. La<br \/>\npremi\u00e8re th\u00e9orie, dite de l\u2019\u00e9lectricit\u00e9 statique atmosph\u00e9rique,<br \/>\nattribue la formation de la foudre aux frottements entre les<br \/>\ncristaux de glace dans les nuages. Ces collisions s\u00e9pareraient les<br \/>\n\u00e9lectrons de leurs atomes, cr\u00e9ant une accumulation de charges<br \/>\nn\u00e9gatives suffisante pour ioniser l\u2019atmosph\u00e8re environnante.<\/p>\n<p class=\"whitespace-normal break-words\">La seconde th\u00e9orie, plus<br \/>\naudacieuse, propose une origine extraterrestre. Selon cette<br \/>\nhypoth\u00e8se, l\u2019ionisation initiale serait provoqu\u00e9e par les rayons<br \/>\ncosmiques \u2013 ces particules subatomiques ultra-\u00e9nerg\u00e9tiques qui<br \/>\nbombardent constamment notre plan\u00e8te depuis l\u2019espace. Ces messagers<br \/>\nstellaires, principalement compos\u00e9s de protons, voyagent \u00e0 des<br \/>\nvitesses proches de celle de la lumi\u00e8re et proviennent de sources<br \/>\naussi diverses que notre Soleil, des supernovae explosives, des<br \/>\npulsars en rotation ou d\u2019autres ph\u00e9nom\u00e8nes cosmiques encore<br \/>\ninconnus.<\/p>\n<p>La<br \/>\nr\u00e9v\u00e9lation spatiale<\/p>\n<p class=\"whitespace-normal break-words\">L\u2019\u00e9quipe de recherche<br \/>\ndirig\u00e9e par Victor Pasko de Penn State a tranch\u00e9 le d\u00e9bat gr\u00e2ce \u00e0<br \/>\nune approche innovante. En combinant des donn\u00e9es provenant de<br \/>\ncapteurs terrestres, de satellites et d\u2019avions espions \u00e0 haute<br \/>\naltitude, ils ont cr\u00e9\u00e9 un mod\u00e8le math\u00e9matique sophistiqu\u00e9 simulant<br \/>\nles conditions pr\u00e9c\u00e9dant un orage.<\/p>\n<p class=\"whitespace-normal break-words\">Les r\u00e9sultats sont sans<br \/>\nappel : la th\u00e9orie des rayons cosmiques l\u2019emporte. Les simulations<br \/>\nd\u00e9montrent que lorsque ces particules interstellaires percutent<br \/>\nnotre atmosph\u00e8re, elles d\u00e9clenchent une r\u00e9action en cha\u00eene<br \/>\nspectaculaire. Les \u00e9lectrons lib\u00e9r\u00e9s par l\u2019impact initial<br \/>\nacc\u00e9l\u00e8rent le long des lignes de champ \u00e9lectrique et se multiplient<br \/>\nexponentiellement en heurtant les mol\u00e9cules d\u2019azote et<br \/>\nd\u2019oxyg\u00e8ne.<\/p>\n<p><img loading=\"lazy\" data-lazyloaded=\"1\" decoding=\"async\" class=\"size-full wp-image-313449\" src=\"https:\/\/www.europesays.com\/fr\/wp-content\/uploads\/2025\/08\/iStock-1318748572-scaled.jpg\" alt=\"foudre \u00e9clair\" width=\"2048\" height=\"1353\"  data-\/><\/p>\n<p class=\"istock-credit\" style=\"text-align:center\">Cr\u00e9dit :<br \/>\niStock<\/p>\n<p>Cr\u00e9dits : Matt Grehan \/ iStock<br \/>\nL\u2019avalanche cosmique<\/p>\n<p class=\"whitespace-normal break-words\">Cette cascade \u00e9lectronique<br \/>\nressemble \u00e0 une avalanche incontr\u00f4lable. Chaque \u00e9lectron acc\u00e9l\u00e9r\u00e9<br \/>\nproduit de nouveaux \u00e9lectrons lors de ses collisions avec les<br \/>\nmol\u00e9cules atmosph\u00e9riques, cr\u00e9ant une multiplication exponentielle<br \/>\nqui g\u00e9n\u00e8re les photons de haute \u00e9nergie responsables de la foudre.<br \/>\nLe processus s\u2019auto-entretient et s\u2019amplifie jusqu\u2019\u00e0 ce que la<br \/>\nd\u00e9charge \u00e9lectrique devienne suffisamment puissante pour franchir<br \/>\nla barri\u00e8re isolante de l\u2019air.<\/p>\n<p class=\"whitespace-normal break-words\">Cette d\u00e9couverte explique<br \/>\n\u00e9galement un ph\u00e9nom\u00e8ne longtemps incompris : pourquoi observe-t-on<br \/>\ndes \u00e9clairs de rayons gamma et de rayons X juste avant la foudre<br \/>\nvisible ? Ces radiations de haute \u00e9nergie sont en r\u00e9alit\u00e9 les<br \/>\nsignatures de l\u2019avalanche d\u2019\u00e9lectrons relativistes qui pr\u00e9c\u00e8de la<br \/>\nd\u00e9charge principale.<\/p>\n<p>Une<br \/>\nconnexion universelle r\u00e9v\u00e9l\u00e9e<\/p>\n<p class=\"whitespace-normal break-words\">Les implications de cette<br \/>\nd\u00e9couverte d\u00e9passent largement le cadre de la m\u00e9t\u00e9orologie. Elle<br \/>\n\u00e9tablit un lien direct et mesurable entre les ph\u00e9nom\u00e8nes les plus<br \/>\nviolents de l\u2019univers et notre quotidien terrestre. Chaque orage<br \/>\ndevient ainsi le t\u00e9moin de cataclysmes stellaires survenus parfois<br \/>\ndans des galaxies lointaines.<\/p>\n<p class=\"whitespace-normal break-words\">Les rayons cosmiques qui<br \/>\nd\u00e9clenchent nos orages ont parcouru l\u2019espace pendant des millions,<br \/>\nvoire des milliards d\u2019ann\u00e9es. Certains proviennent d\u2019\u00e9toiles qui<br \/>\nont explos\u00e9 bien avant la formation de notre syst\u00e8me solaire.<br \/>\nD\u2019autres naissent dans les champs magn\u00e9tiques titanesques des<br \/>\npulsars, ces cadavres stellaires ultra-denses qui tournent sur<br \/>\neux-m\u00eames des centaines de fois par seconde.<\/p>\n<p class=\"whitespace-normal break-words\">Cette r\u00e9v\u00e9lation<br \/>\ntransforme notre perception des orages : ce ne sont plus seulement<br \/>\ndes ph\u00e9nom\u00e8nes m\u00e9t\u00e9orologiques locaux, mais des manifestations<br \/>\nterrestres de l\u2019activit\u00e9 cosmique universelle. Chaque \u00e9clair qui<br \/>\nz\u00e8bre le ciel porte en lui l\u2019histoire tumultueuse de l\u2019univers.<\/p>\n","protected":false},"excerpt":{"rendered":"Pendant des si\u00e8cles, l\u2019origine exacte de la foudre est rest\u00e9e l\u2019un des myst\u00e8res les plus tenaces de la&hellip;\n","protected":false},"author":2,"featured_media":327396,"comment_status":"","ping_status":"","sticky":false,"template":"","format":"standard","meta":{"footnotes":""},"categories":[7],"tags":[1011,27,43,40,41,39,42,44],"class_list":{"0":"post-327395","1":"post","2":"type-post","3":"status-publish","4":"format-standard","5":"has-post-thumbnail","7":"category-sciences-et-technologies","8":"tag-fr","9":"tag-france","10":"tag-science","11":"tag-science-and-technology","12":"tag-sciences","13":"tag-sciences-et-technologies","14":"tag-technologies","15":"tag-technology"},"share_on_mastodon":{"url":"https:\/\/pubeurope.com\/@fr\/115050672578509776","error":""},"_links":{"self":[{"href":"https:\/\/www.europesays.com\/fr\/wp-json\/wp\/v2\/posts\/327395","targetHints":{"allow":["GET"]}}],"collection":[{"href":"https:\/\/www.europesays.com\/fr\/wp-json\/wp\/v2\/posts"}],"about":[{"href":"https:\/\/www.europesays.com\/fr\/wp-json\/wp\/v2\/types\/post"}],"author":[{"embeddable":true,"href":"https:\/\/www.europesays.com\/fr\/wp-json\/wp\/v2\/users\/2"}],"replies":[{"embeddable":true,"href":"https:\/\/www.europesays.com\/fr\/wp-json\/wp\/v2\/comments?post=327395"}],"version-history":[{"count":0,"href":"https:\/\/www.europesays.com\/fr\/wp-json\/wp\/v2\/posts\/327395\/revisions"}],"wp:featuredmedia":[{"embeddable":true,"href":"https:\/\/www.europesays.com\/fr\/wp-json\/wp\/v2\/media\/327396"}],"wp:attachment":[{"href":"https:\/\/www.europesays.com\/fr\/wp-json\/wp\/v2\/media?parent=327395"}],"wp:term":[{"taxonomy":"category","embeddable":true,"href":"https:\/\/www.europesays.com\/fr\/wp-json\/wp\/v2\/categories?post=327395"},{"taxonomy":"post_tag","embeddable":true,"href":"https:\/\/www.europesays.com\/fr\/wp-json\/wp\/v2\/tags?post=327395"}],"curies":[{"name":"wp","href":"https:\/\/api.w.org\/{rel}","templated":true}]}}