{"id":327399,"date":"2025-08-18T16:19:10","date_gmt":"2025-08-18T16:19:10","guid":{"rendered":"https:\/\/www.europesays.com\/fr\/327399\/"},"modified":"2025-08-18T16:19:10","modified_gmt":"2025-08-18T16:19:10","slug":"le-programme-des-entretiens-de-la-soiree-a-washington","status":"publish","type":"post","link":"https:\/\/www.europesays.com\/fr\/327399\/","title":{"rendered":"le programme des entretiens de la soir\u00e9e \u00e0 Washington"},"content":{"rendered":"<p>   \u00ab\u00a0C\u2019\u00e9tait une frappe russe totalement d\u00e9monstrative et cynique\u00a0\u00bb, affirme Volodymyr Zelensky\u00a0\u00e0 propos de l\u2019attaque russe \u00e0 Kharkiv             <\/p>\n<p class=\"post__live-container--answer-text post__space-node\">En d\u00e9placement \u00e0 Washington, le pr\u00e9sident ukrainien a fermement condamn\u00e9 l\u2019attaque sur Kharkiv qui a co\u00fbt\u00e9 la vie \u00e0 sept personnes, dont une fillette de 1\u00a0an et demi, et fait 20\u00a0bless\u00e9s, selon un dernier bilan, dont plusieurs enfants.<\/p>\n<p class=\"post__live-container--answer-text post__space-node\">\u00ab\u00a0C\u2019\u00e9tait une frappe russe totalement d\u00e9monstrative et cynique. Ils savent que la r\u00e9union \u00e0 Washington pour mettre fin \u00e0 la guerre a lieu aujourd\u2019hui\u00a0\u00bb, a \u00e9crit Volodymyr Zelensky, qui doit rencontrer dans quelques heures, aux c\u00f4t\u00e9s des dirigeants europ\u00e9ens, son homologue am\u00e9ricain, Donald Trump.<\/p>\n<p class=\"post__live-container--answer-text post__space-node\">\u00ab\u00a0Tout le monde veut une paix digne et une s\u00e9curit\u00e9 v\u00e9ritable. Et c\u2019est \u00e0 ce moment pr\u00e9cis que les Russes frappent Kharkiv, Zaporijia, Soumy, Odessa, frappent des immeubles r\u00e9sidentiels et notre infrastructure civile\u00a0\u00bb, <a href=\"https:\/\/t.me\/V_Zelenskiy_official\/15667\" target=\"_blank\" rel=\"noopener nofollow\" title=\"Nouvelle fen\u00eatre\">\u00e9crit le pr\u00e9sident sur Telegram.<\/a><\/p>\n<p class=\"post__live-container--answer-text post__space-node\">\u00ab\u00a0C\u2019est un meurtre d\u00e9lib\u00e9r\u00e9 de civils par les Russes, des enfants assassin\u00e9s\u00a0\u00bb, estime M.\u00a0Zelensky. \u00ab\u00a0Les Russes ont \u00e9galement d\u00e9lib\u00e9r\u00e9ment attaqu\u00e9 une installation \u00e9nerg\u00e9tique \u00e0 Odessa, appartenant \u00e0 une entreprise azerba\u00efdjanaise. Il s\u2019agit donc aussi d\u2019une attaque contre nos relations diplomatiques et notre ind\u00e9pendance \u00e9nerg\u00e9tique\u00a0\u00bb, poursuit-il avant d\u2019ajouter\u00a0: \u00ab\u00a0La machine militaire russe continue de d\u00e9truire des vies. Poutine tuera ostensiblement, pour faire pression sur l\u2019Ukraine, sur l\u2019Europe, et pour humilier les efforts diplomatiques.\u00a0\u00bb<\/p>\n<p class=\"post__live-container--answer-text post__space-node\">\u00ab\u00a0C\u2019est pour cela que nous attendons une aide r\u00e9elle pour arr\u00eater ces meurtres. C\u2019est pour cela que nous avons besoin de garanties de s\u00e9curit\u00e9 fiables. Et c\u2019est pour cela que la Russie ne doit recevoir aucune r\u00e9compense pour cette guerre, a-t-il martel\u00e9. Cette guerre doit se terminer. Et c\u2019est Moscou qui doit entendre le mot \u201cstop\u201d.\u00a0\u00bb<\/p>\n","protected":false},"excerpt":{"rendered":"\u00ab\u00a0C\u2019\u00e9tait une frappe russe totalement d\u00e9monstrative et cynique\u00a0\u00bb, affirme Volodymyr Zelensky\u00a0\u00e0 propos de l\u2019attaque russe \u00e0 Kharkiv En&hellip;\n","protected":false},"author":2,"featured_media":327400,"comment_status":"","ping_status":"","sticky":false,"template":"","format":"standard","meta":{"footnotes":""},"categories":[5],"tags":[11,1011,27,14,12,28],"class_list":{"0":"post-327399","1":"post","2":"type-post","3":"status-publish","4":"format-standard","5":"has-post-thumbnail","7":"category-international","8":"tag-actualites","9":"tag-fr","10":"tag-france","11":"tag-international","12":"tag-news","13":"tag-world"},"share_on_mastodon":{"url":"https:\/\/pubeurope.com\/@fr\/115050680443615893","error":""},"_links":{"self":[{"href":"https:\/\/www.europesays.com\/fr\/wp-json\/wp\/v2\/posts\/327399","targetHints":{"allow":["GET"]}}],"collection":[{"href":"https:\/\/www.europesays.com\/fr\/wp-json\/wp\/v2\/posts"}],"about":[{"href":"https:\/\/www.europesays.com\/fr\/wp-json\/wp\/v2\/types\/post"}],"author":[{"embeddable":true,"href":"https:\/\/www.europesays.com\/fr\/wp-json\/wp\/v2\/users\/2"}],"replies":[{"embeddable":true,"href":"https:\/\/www.europesays.com\/fr\/wp-json\/wp\/v2\/comments?post=327399"}],"version-history":[{"count":0,"href":"https:\/\/www.europesays.com\/fr\/wp-json\/wp\/v2\/posts\/327399\/revisions"}],"wp:featuredmedia":[{"embeddable":true,"href":"https:\/\/www.europesays.com\/fr\/wp-json\/wp\/v2\/media\/327400"}],"wp:attachment":[{"href":"https:\/\/www.europesays.com\/fr\/wp-json\/wp\/v2\/media?parent=327399"}],"wp:term":[{"taxonomy":"category","embeddable":true,"href":"https:\/\/www.europesays.com\/fr\/wp-json\/wp\/v2\/categories?post=327399"},{"taxonomy":"post_tag","embeddable":true,"href":"https:\/\/www.europesays.com\/fr\/wp-json\/wp\/v2\/tags?post=327399"}],"curies":[{"name":"wp","href":"https:\/\/api.w.org\/{rel}","templated":true}]}}