{"id":327406,"date":"2025-08-18T16:23:11","date_gmt":"2025-08-18T16:23:11","guid":{"rendered":"https:\/\/www.europesays.com\/fr\/327406\/"},"modified":"2025-08-18T16:23:11","modified_gmt":"2025-08-18T16:23:11","slug":"ce-quil-sest-passe-dans-cette-rue","status":"publish","type":"post","link":"https:\/\/www.europesays.com\/fr\/327406\/","title":{"rendered":"ce qu&rsquo;il s&rsquo;est pass\u00e9 dans cette rue"},"content":{"rendered":"<p>            Par<br \/>\n        <strong><br \/>\n            <a href=\"https:\/\/actu.fr\/auteur\/mathias-souteyrat\" title=\"Consulter tous les articles de Mathias Souteyrat\" rel=\"nofollow noopener\" target=\"_blank\">Mathias Souteyrat<\/a><br \/>\n        <\/strong><\/p>\n<p>        Publi\u00e9 le<\/p>\n<p>            18 ao\u00fbt 2025 \u00e0 17h25        <\/p>\n<p>La voiture est dans un piteux \u00e9tat. Ce lundi 18 ao\u00fbt 2025, vers 5 heures du matin, un accident de la circulation s\u2019est produit <strong>en haut de la rue Antoine-Durafour<\/strong>, avant le centre commercial de Centre-Deux \u00e0 <a href=\"https:\/\/actu.fr\/auvergne-rhone-alpes\/saint-etienne_42218\" rel=\"nofollow noopener\" target=\"_blank\">Saint-Etienne<\/a>. Voici ce qu\u2019il s\u2019est pass\u00e9.<\/p>\n<p>Une conduite de gaz touch\u00e9e<\/p>\n<p class=\" wall-content\">Une Mercedes GL, immatricul\u00e9e en Allemagne, a percut\u00e9 un mur et une conduite de gaz, occasionnant m\u00eame un d\u00e9but de fuite.<\/p>\n<p>    <img   decoding=\"async\" loading=\"lazy\" src=\"https:\/\/www.europesays.com\/fr\/wp-content\/uploads\/2025\/08\/535000546-1599919447634368-4505095842479549004-n-960x640.jpg\" alt=\"Si le v\u00e9hicule est fortement endommag\u00e9, il n'y a pas eu de bless\u00e9\" width=\"960\" height=\"640\"\/><br \/>\n    Si le v\u00e9hicule est fortement endommag\u00e9, il n\u2019y a pas eu de bless\u00e9 (\u00a9Photos transmises \u00e0 actu.fr)<\/p>\n<p class=\" wall-content\">Si le v\u00e9hicule est fortement endommag\u00e9, il n\u2019y a pas eu de bless\u00e9, nous pr\u00e9cise la police. Du mobilier urbain a \u00e9t\u00e9 touch\u00e9.\u00a0<\/p>\n<p>Pas de bless\u00e9, le conducteur en fuite<\/p>\n<p class=\" wall-content\">Le conducteur a pris la fuite avant l\u2019arriv\u00e9e des policiers qui ont s\u00e9curis\u00e9 la zone et bloqu\u00e9 la circulation.<\/p>\n<p>    <img   decoding=\"async\" loading=\"lazy\" src=\"https:\/\/www.europesays.com\/fr\/wp-content\/uploads\/2025\/08\/530242885-745551371699104-3906350755278520942-n-945x640.jpg\" alt=\"Les d\u00e9g\u00e2ts de la voiture sur la voie publique de la rue Durafour.\" width=\"945\" height=\"640\"\/><br \/>\n    Les d\u00e9g\u00e2ts de la voiture sur la voie publique de la rue Durafour. (\u00a9Photos transmises \u00e0 actu.fr)<\/p>\n<p class=\" wall-content\">La voiture a depuis \u00e9t\u00e9 enlev\u00e9e. Une enqu\u00eate est en cours pour retrouver le fuyard et comprendre ce qui a pu se passer.<\/p>\n<p class=\" wall-content\">Personnalisez votre actualit\u00e9 en ajoutant vos villes et m\u00e9dias en favori avec <a href=\"https:\/\/moncompte.actu.fr\" title=\"D\u00e9couvez Mon Actu\" rel=\"nofollow noopener\" data-trk=\"{&quot;cta&quot;:{&quot;action&quot;:&quot;https:\\\/\\\/moncompte.actu.fr&quot;,&quot;category&quot;:&quot;mon compte&quot;,&quot;from&quot;:&quot;article footer&quot;,&quot;name&quot;:&quot;Mon actu&quot;,&quot;type&quot;:&quot;cta&quot;}}\" target=\"_blank\">Mon Actu<\/a>.<\/p>\n","protected":false},"excerpt":{"rendered":"Par Mathias Souteyrat Publi\u00e9 le 18 ao\u00fbt 2025 \u00e0 17h25 La voiture est dans un piteux \u00e9tat. Ce&hellip;\n","protected":false},"author":2,"featured_media":327407,"comment_status":"","ping_status":"","sticky":false,"template":"","format":"standard","meta":{"footnotes":""},"categories":[9653],"tags":[119,1111,11,2430,1777,674,118,1011,27,12,1072,25,4001],"class_list":{"0":"post-327406","1":"post","2":"type-post","3":"status-publish","4":"format-standard","5":"has-post-thumbnail","7":"category-saint-etienne","8":"tag-accident","9":"tag-actu","10":"tag-actualites","11":"tag-auvergne-rhone-alpes","12":"tag-eu","13":"tag-europe","14":"tag-faits-divers","15":"tag-fr","16":"tag-france","17":"tag-news","18":"tag-police","19":"tag-republique-francaise","20":"tag-saint-etienne"},"share_on_mastodon":{"url":"https:\/\/pubeurope.com\/@fr\/115050696432186698","error":""},"_links":{"self":[{"href":"https:\/\/www.europesays.com\/fr\/wp-json\/wp\/v2\/posts\/327406","targetHints":{"allow":["GET"]}}],"collection":[{"href":"https:\/\/www.europesays.com\/fr\/wp-json\/wp\/v2\/posts"}],"about":[{"href":"https:\/\/www.europesays.com\/fr\/wp-json\/wp\/v2\/types\/post"}],"author":[{"embeddable":true,"href":"https:\/\/www.europesays.com\/fr\/wp-json\/wp\/v2\/users\/2"}],"replies":[{"embeddable":true,"href":"https:\/\/www.europesays.com\/fr\/wp-json\/wp\/v2\/comments?post=327406"}],"version-history":[{"count":0,"href":"https:\/\/www.europesays.com\/fr\/wp-json\/wp\/v2\/posts\/327406\/revisions"}],"wp:featuredmedia":[{"embeddable":true,"href":"https:\/\/www.europesays.com\/fr\/wp-json\/wp\/v2\/media\/327407"}],"wp:attachment":[{"href":"https:\/\/www.europesays.com\/fr\/wp-json\/wp\/v2\/media?parent=327406"}],"wp:term":[{"taxonomy":"category","embeddable":true,"href":"https:\/\/www.europesays.com\/fr\/wp-json\/wp\/v2\/categories?post=327406"},{"taxonomy":"post_tag","embeddable":true,"href":"https:\/\/www.europesays.com\/fr\/wp-json\/wp\/v2\/tags?post=327406"}],"curies":[{"name":"wp","href":"https:\/\/api.w.org\/{rel}","templated":true}]}}