{"id":327418,"date":"2025-08-18T16:30:10","date_gmt":"2025-08-18T16:30:10","guid":{"rendered":"https:\/\/www.europesays.com\/fr\/327418\/"},"modified":"2025-08-18T16:30:10","modified_gmt":"2025-08-18T16:30:10","slug":"accuse-dun-vol-brutal-a-rouen-il-clame-son-innocence-jusquau-bout","status":"publish","type":"post","link":"https:\/\/www.europesays.com\/fr\/327418\/","title":{"rendered":"accus\u00e9 d&rsquo;un vol brutal \u00e0 Rouen, il clame son innocence jusqu&rsquo;au bout"},"content":{"rendered":"<p>            Par<br \/>\n        <strong><br \/>\n            <a href=\"https:\/\/actu.fr\/auteur\/julien-bouteiller\" title=\"Consulter tous les articles de Julien Bouteiller\" rel=\"nofollow noopener\" target=\"_blank\">Julien Bouteiller<\/a><br \/>\n        <\/strong><\/p>\n<p>        Publi\u00e9 le<\/p>\n<p>            18 ao\u00fbt 2025 \u00e0 18h02        <\/p>\n<p>En larmes, <strong>il aura clam\u00e9 son innocence jusqu\u2019au bout<\/strong>. Mais, ce lundi 18\u00a0ao\u00fbt 2025, ce jeune homme \u00e0 peine majeur a malgr\u00e9 tout \u00e9t\u00e9 condamn\u00e9 par le <a href=\"https:\/\/actu.fr\/tag\/tribunal-de-rouen\" rel=\"nofollow noopener\" target=\"_blank\">tribunal de Rouen<\/a> pour <strong>un violent vol de collier sur une retrait\u00e9e<\/strong>, en pleine rue et en pleine journ\u00e9e. \u00ab\u2009Ce n\u2019est pas moi\u2009\u00bb, n\u2019a-t-il eu de cesse de marteler.<\/p>\n<p>Un vol \u00ab\u2009tr\u00e8s violent\u2009\u00bb<\/p>\n<p class=\" wall-content\">Quelques jours auparavant, le 13\u00a0ao\u00fbt, dans l\u2019apr\u00e8s-midi, des policiers suivent discr\u00e8tement deux jeunes hommes<strong> au comportement jug\u00e9 suspect<\/strong>, dans le quartier de la pr\u00e9fecture, explique le pr\u00e9sident du tribunal.<\/p>\n<p class=\" wall-content\">Ils les perdent de vue puis, une dame signale avoir \u00e9t\u00e9 victime d\u2019un violent vol de collier. \u00ab\u2009\u00c7a a \u00e9t\u00e9 <strong>tr\u00e8s violent<\/strong>, j\u2019ai eu l\u2019impression d\u2019un animal furieux\u2009\u00bb, explique au tribunal la femme de 76\u00a0ans, plaqu\u00e9e au sol, son collier arrach\u00e9 <strong>au point de lui laisser une ecchymose au cou<\/strong>.<\/p>\n<p class=\" wall-content\">La description du suspect semble correspondre \u00e0 Sofiane*, l\u2019un des deux hommes pist\u00e9s par les policiers. Et cela tombe bien, ils sont tous deux retrouv\u00e9s peu apr\u00e8s \u00e0 un arr\u00eat de bus, \u00ab\u2009en train d\u2019\u00e9changer quelque chose\u2009\u00bb, selon le t\u00e9moignage des policiers. Ce que Sofiane va nier tout au long de la proc\u00e9dure.<\/p>\n<p class=\" wall-content\">La victime, aussi bien que les t\u00e9moins qui sont intervenus, assurent que le voleur n\u2019est autre que Sofiane. \u00ab\u2009Il avait une raie tr\u00e8s marqu\u00e9e\u2009\u00bb, se souvient la victime. \u00c0 l\u2019audience, face au pr\u00e9venu, <strong>elle maintient que c\u2019est lui, mais pr\u00e9sente un l\u00e9ger doute<\/strong>. \u00ab\u2009\u00c7a a \u00e9t\u00e9 tellement vite\u2026\u2009\u00bb.<\/p>\n<p>Terroris\u00e9 par la prison, il clame son innocence<\/p>\n<p class=\" wall-content\">Sofiane, lui, est cat\u00e9gorique\u2009: \u00ab\u2009Vraiment, je n\u2019ai rien fait. Si je l\u2019avais fait, je l\u2019aurais dit\u2009\u00bb, plaide-t-il en sanglotant, assist\u00e9 d\u2019une interpr\u00e8te.<\/p>\n<p class=\" wall-content\">Il d\u00e9crit son itin\u00e9raire en ville avec un copain, celui qui l\u2019accompagnait lors de la filature des policiers. \u00ab\u2009Lui, <strong>il a un ami qui est un voleur, il \u00e9tait habill\u00e9 comme moi<\/strong>, c\u2019est juste pour \u00e7a que je suis en d\u00e9tention [provisoire, NDLR].\u2009\u00bb L\u2019id\u00e9e d\u2019y retourner le terrorise d\u2019ailleurs\u2009:<\/p>\n<p>Votre r\u00e9gion, votre actu !<\/p>\n<p>Recevez chaque jour les infos qui comptent pour vous.<\/p>\n<p>\t<a href=\"https:\/\/actu.fr\/newsletter\" class=\"ac-btn ac-btn--corner ac-btn--medium ac-btn--blue800\" rel=\"nofollow noopener\" target=\"_blank\">S&rsquo;incrire<\/a><\/p>\n<blockquote class=\"ac-article-quote wall-content\">\n<p>En prison, il y a des gens qui font vraiment peur.<\/p>\n<p>    <strong>Sofiane*<\/strong><br \/>\n        accus\u00e9 de vol avec violences    <\/p><\/blockquote>\n<p class=\" wall-content\">Il reconna\u00eet avoir d\u00e9j\u00e0 vol\u00e9 dans sa vie, \u00ab\u2009mais pas comme \u00e7a\u2009\u00bb, et <strong>son casier judiciaire est d\u2019ailleurs vierge.<\/strong><\/p>\n<p>De lourdes r\u00e9quisitions<\/p>\n<p class=\" wall-content\">Malgr\u00e9 cela, la procureure se montre s\u00e9v\u00e8re. Elle pointe les t\u00e9moignages qui convergent vers lui, sa pr\u00e9sence dans le secteur\u2026 \u00ab\u2009Soit c\u2019est pas de chance, soit il se moque totalement de nous.\u2009\u00bb Face \u00e0 la \u00ab\u2009violence particuli\u00e8rement lourde des faits sur une personne vuln\u00e9rable\u2009\u00bb, et \u00ab\u2009inqui\u00e8te qu\u2019il ne reconnaisse pas les faits\u2009\u00bb, <strong>elle requiert une peine de 18\u00a0mois de prison ferme<\/strong> avec maintien en d\u00e9tention et une interdiction de territoire (Sofiane est en attente d\u2019un titre de s\u00e9jour) pendant trois ans.<\/p>\n<p class=\" wall-content\">L\u2019avocate du jeune homme s\u2019\u00e9tonne de ces r\u00e9quisitions. \u00ab\u2009Il n\u2019y a plus beaucoup de principes quand on demande une peine ferme pour quelqu\u2019un qui n\u2019a pas de casier\u2009\u00bb, argue-t-elle. Pour la p\u00e9naliste, \u00ab\u2009\u00e0 la lecture du dossier, il y a vraiment des phases de doute\u2009\u00bb et<strong> \u00ab\u2009il faut se m\u00e9fier des \u00e9vidences\u2009\u00bb<\/strong>. Pour elle, les t\u00e9moignages ne suffisent pas et sont sujets \u00e0 caution, allant m\u00eame jusqu\u2019\u00e0 citer un passage des Mis\u00e9rables. \u00ab\u2009Dans le dossier, rien n\u2019atteste avec certitude qu\u2019il a commis les faits\u2009\u00bb, estime-t-elle, <strong>plaidant la relaxe de son client<\/strong>.<\/p>\n<p class=\" wall-content\">Ses arguments n\u2019ont pas \u00e9t\u00e9 retenus par le tribunal. <strong>Sofiane est condamn\u00e9** \u00e0 12\u00a0mois de prison avec sursis<\/strong> et l\u2019interdiction de d\u00e9tenir une arme. D\u00e9clar\u00e9 coupable, il souffle d\u00e9j\u00e0 de ne pas retourner en prison. Il a d\u00e9sormais 10\u00a0jours pour faire appel.<\/p>\n<p class=\" wall-content\">*Le pr\u00e9nom a \u00e9t\u00e9 modifi\u00e9.<\/p>\n<p class=\" wall-content\">**Cette peine est susceptible d\u2019appel. Tout pr\u00e9venu demeure pr\u00e9sum\u00e9 innocent tant que toutes les voies de recours ne sont pas \u00e9puis\u00e9es.<\/p>\n<p>Suivez l\u2019actualit\u00e9 de Rouen <a href=\"https:\/\/www.whatsapp.com\/channel\/0029VaKfnf99hXF2ddApFB1D\" rel=\"nofollow noopener\" target=\"_blank\">sur notre cha\u00eene WhatsApp<\/a> et <a href=\"https:\/\/www.tiktok.com\/@76actu.fr?lang=fr\" rel=\"nofollow noopener\" target=\"_blank\">sur notre compte TikTok<\/a><\/p>\n<p class=\" wall-content\">Personnalisez votre actualit\u00e9 en ajoutant vos villes et m\u00e9dias en favori avec <a href=\"https:\/\/moncompte.actu.fr\" title=\"D\u00e9couvez Mon Actu\" rel=\"nofollow noopener\" data-trk=\"{&quot;cta&quot;:{&quot;action&quot;:&quot;https:\\\/\\\/moncompte.actu.fr&quot;,&quot;category&quot;:&quot;mon compte&quot;,&quot;from&quot;:&quot;article footer&quot;,&quot;name&quot;:&quot;Mon actu&quot;,&quot;type&quot;:&quot;cta&quot;}}\" target=\"_blank\">Mon Actu<\/a>.<\/p>\n<p>                    <script async src=\"\/\/www.tiktok.com\/embed.js\"><\/script><\/p>\n","protected":false},"excerpt":{"rendered":"Par Julien Bouteiller Publi\u00e9 le 18 ao\u00fbt 2025 \u00e0 18h02 En larmes, il aura clam\u00e9 son innocence jusqu\u2019au&hellip;\n","protected":false},"author":2,"featured_media":327419,"comment_status":"","ping_status":"","sticky":false,"template":"","format":"standard","meta":{"footnotes":""},"categories":[9587],"tags":[1111,11,1777,674,118,1011,27,303,12,5161,25,9590,13682],"class_list":{"0":"post-327418","1":"post","2":"type-post","3":"status-publish","4":"format-standard","5":"has-post-thumbnail","7":"category-rouen","8":"tag-actu","9":"tag-actualites","10":"tag-eu","11":"tag-europe","12":"tag-faits-divers","13":"tag-fr","14":"tag-france","15":"tag-justice","16":"tag-news","17":"tag-normandie","18":"tag-republique-francaise","19":"tag-rouen","20":"tag-tribunal-de-rouen"},"share_on_mastodon":{"url":"https:\/\/pubeurope.com\/@fr\/115050723577710598","error":""},"_links":{"self":[{"href":"https:\/\/www.europesays.com\/fr\/wp-json\/wp\/v2\/posts\/327418","targetHints":{"allow":["GET"]}}],"collection":[{"href":"https:\/\/www.europesays.com\/fr\/wp-json\/wp\/v2\/posts"}],"about":[{"href":"https:\/\/www.europesays.com\/fr\/wp-json\/wp\/v2\/types\/post"}],"author":[{"embeddable":true,"href":"https:\/\/www.europesays.com\/fr\/wp-json\/wp\/v2\/users\/2"}],"replies":[{"embeddable":true,"href":"https:\/\/www.europesays.com\/fr\/wp-json\/wp\/v2\/comments?post=327418"}],"version-history":[{"count":0,"href":"https:\/\/www.europesays.com\/fr\/wp-json\/wp\/v2\/posts\/327418\/revisions"}],"wp:featuredmedia":[{"embeddable":true,"href":"https:\/\/www.europesays.com\/fr\/wp-json\/wp\/v2\/media\/327419"}],"wp:attachment":[{"href":"https:\/\/www.europesays.com\/fr\/wp-json\/wp\/v2\/media?parent=327418"}],"wp:term":[{"taxonomy":"category","embeddable":true,"href":"https:\/\/www.europesays.com\/fr\/wp-json\/wp\/v2\/categories?post=327418"},{"taxonomy":"post_tag","embeddable":true,"href":"https:\/\/www.europesays.com\/fr\/wp-json\/wp\/v2\/tags?post=327418"}],"curies":[{"name":"wp","href":"https:\/\/api.w.org\/{rel}","templated":true}]}}