{"id":327420,"date":"2025-08-18T16:33:16","date_gmt":"2025-08-18T16:33:16","guid":{"rendered":"https:\/\/www.europesays.com\/fr\/327420\/"},"modified":"2025-08-18T16:33:16","modified_gmt":"2025-08-18T16:33:16","slug":"gieres-cambriolage-dans-un-laboratoire-de-luga-une-vingtaine-dordinateurs-volee","status":"publish","type":"post","link":"https:\/\/www.europesays.com\/fr\/327420\/","title":{"rendered":"Gi\u00e8res. Cambriolage dans un laboratoire de l\u2019UGA\u00a0: une vingtaine d\u2019ordinateurs vol\u00e9e"},"content":{"rendered":"<p>  Ce lundi 18\u00a0ao\u00fbt, vers 8\u00a0h\u00a030, les policiers ont \u00e9t\u00e9 requis au 1\u00a0209 rue de la piscine, \u00e0 Gi\u00e8res, o\u00f9 un cambriolage venait d\u2019\u00eatre commis. Le site, \u00e0 l\u2019int\u00e9rieur duquel une trentaine de bureaux a \u00e9t\u00e9 visit\u00e9e, est le laboratoire des \u00e9coulements g\u00e9ophysiques et industriels, un laboratoire de recherche rattach\u00e9 \u00e0 l\u2019Universit\u00e9 Grenoble Alpes. <\/p>\n<p>D\u2019apr\u00e8s nos renseignements, une vingtaine d\u2019ordinateurs a \u00e9t\u00e9 vol\u00e9e. Les policiers ont proc\u00e9d\u00e9 aux constatations d\u2019usage pour tenter de retrouver les malfaiteurs.<\/p>\n","protected":false},"excerpt":{"rendered":"Ce lundi 18\u00a0ao\u00fbt, vers 8\u00a0h\u00a030, les policiers ont \u00e9t\u00e9 requis au 1\u00a0209 rue de la piscine, \u00e0 Gi\u00e8res,&hellip;\n","protected":false},"author":2,"featured_media":327421,"comment_status":"","ping_status":"","sticky":false,"template":"","format":"standard","meta":{"footnotes":""},"categories":[9566],"tags":[1111,11,2430,271,272,112,1777,674,274,1795,1011,27,12505,2731,108,7000,12,25],"class_list":{"0":"post-327420","1":"post","2":"type-post","3":"status-publish","4":"format-standard","5":"has-post-thumbnail","7":"category-grenoble","8":"tag-actu","9":"tag-actualites","10":"tag-auvergne-rhone-alpes","11":"tag-crime","12":"tag-delit-et-contravention","13":"tag-edition-grenoble-agglomeration","14":"tag-eu","15":"tag-europe","16":"tag-faits-divers-justice","17":"tag-fil-web","18":"tag-fr","19":"tag-france","20":"tag-gieres","21":"tag-grenoble","22":"tag-isere","23":"tag-lagglomeration","24":"tag-news","25":"tag-republique-francaise"},"share_on_mastodon":{"url":"https:\/\/pubeurope.com\/@fr\/115050735468509978","error":""},"_links":{"self":[{"href":"https:\/\/www.europesays.com\/fr\/wp-json\/wp\/v2\/posts\/327420","targetHints":{"allow":["GET"]}}],"collection":[{"href":"https:\/\/www.europesays.com\/fr\/wp-json\/wp\/v2\/posts"}],"about":[{"href":"https:\/\/www.europesays.com\/fr\/wp-json\/wp\/v2\/types\/post"}],"author":[{"embeddable":true,"href":"https:\/\/www.europesays.com\/fr\/wp-json\/wp\/v2\/users\/2"}],"replies":[{"embeddable":true,"href":"https:\/\/www.europesays.com\/fr\/wp-json\/wp\/v2\/comments?post=327420"}],"version-history":[{"count":0,"href":"https:\/\/www.europesays.com\/fr\/wp-json\/wp\/v2\/posts\/327420\/revisions"}],"wp:featuredmedia":[{"embeddable":true,"href":"https:\/\/www.europesays.com\/fr\/wp-json\/wp\/v2\/media\/327421"}],"wp:attachment":[{"href":"https:\/\/www.europesays.com\/fr\/wp-json\/wp\/v2\/media?parent=327420"}],"wp:term":[{"taxonomy":"category","embeddable":true,"href":"https:\/\/www.europesays.com\/fr\/wp-json\/wp\/v2\/categories?post=327420"},{"taxonomy":"post_tag","embeddable":true,"href":"https:\/\/www.europesays.com\/fr\/wp-json\/wp\/v2\/tags?post=327420"}],"curies":[{"name":"wp","href":"https:\/\/api.w.org\/{rel}","templated":true}]}}