{"id":327422,"date":"2025-08-18T16:34:50","date_gmt":"2025-08-18T16:34:50","guid":{"rendered":"https:\/\/www.europesays.com\/fr\/327422\/"},"modified":"2025-08-18T16:34:50","modified_gmt":"2025-08-18T16:34:50","slug":"mercato-le-gf38-tient-il-son-nouveau-buteur","status":"publish","type":"post","link":"https:\/\/www.europesays.com\/fr\/327422\/","title":{"rendered":"Mercato. Le GF38 tient-il son nouveau buteur ?"},"content":{"rendered":"<p style=\"font-size:20px\"><strong>D\u2019apr\u00e8s une information de \u00ab\u00a0Match360\u00a0\u00bb que nous sommes en mesure de vous confirmer, le GF38 pourrait faire revenir son ancien buteur Moussa Djitt\u00e9 au bercail.<\/strong><\/p>\n<p>Djitt\u00e9, qui est libre de tout contrat,  a d\u00e9j\u00e0 trouv\u00e9 un accord salarial avec le GF38 selon nos informations mais est pour le moment dans l\u2019attente d\u2019un visa. Son arriv\u00e9e pourrait \u00eatre officielle d\u00e8s les prochains jours une fois ce probl\u00e8me administratif r\u00e9gl\u00e9\u00a0\u00bb.<\/p>\n<p>Depuis son d\u00e9part de Grenoble en 2021, le S\u00e9n\u00e9galais de 25 ans n\u2019a jamais r\u00e9ussi \u00e0 s\u2019imposer dans ces diff\u00e9rents clubs (Austin en MLS, Ajaccio en pr\u00eat, Bandirmasport \u2013 o\u00f9 il a tout de m\u00eame inscrit 13 buts en 33 matchs \u2013 et Genclerbirligi en Turquie et Al-Faisaly en Arabie Saouudite). Dans les Alpes, il avait fait trembler les filets \u00e0 15 reprises en 67 rencontres et \u00e9tait devenu un des chouchous du public gr\u00e2ce \u00e0 son activit\u00e9 sur le terrain et sa gentillesse en dehors.<\/p>\n<p>Un retour qui pourrait faire du bien \u00e0 un secteur d\u00e9peupl\u00e9 \u00e0 Grenoble alors que le d\u00e9but de saison de l\u2019\u00e9quipe de Franck Rizzetto est compliqu\u00e9. <\/p>\n","protected":false},"excerpt":{"rendered":"D\u2019apr\u00e8s une information de \u00ab\u00a0Match360\u00a0\u00bb que nous sommes en mesure de vous confirmer, le GF38 pourrait faire revenir&hellip;\n","protected":false},"author":2,"featured_media":327423,"comment_status":"","ping_status":"","sticky":false,"template":"","format":"standard","meta":{"footnotes":""},"categories":[9566],"tags":[1111,11,2430,1777,674,1011,27,2731,12,25],"class_list":{"0":"post-327422","1":"post","2":"type-post","3":"status-publish","4":"format-standard","5":"has-post-thumbnail","7":"category-grenoble","8":"tag-actu","9":"tag-actualites","10":"tag-auvergne-rhone-alpes","11":"tag-eu","12":"tag-europe","13":"tag-fr","14":"tag-france","15":"tag-grenoble","16":"tag-news","17":"tag-republique-francaise"},"share_on_mastodon":{"url":"https:\/\/pubeurope.com\/@fr\/115050743358733647","error":""},"_links":{"self":[{"href":"https:\/\/www.europesays.com\/fr\/wp-json\/wp\/v2\/posts\/327422","targetHints":{"allow":["GET"]}}],"collection":[{"href":"https:\/\/www.europesays.com\/fr\/wp-json\/wp\/v2\/posts"}],"about":[{"href":"https:\/\/www.europesays.com\/fr\/wp-json\/wp\/v2\/types\/post"}],"author":[{"embeddable":true,"href":"https:\/\/www.europesays.com\/fr\/wp-json\/wp\/v2\/users\/2"}],"replies":[{"embeddable":true,"href":"https:\/\/www.europesays.com\/fr\/wp-json\/wp\/v2\/comments?post=327422"}],"version-history":[{"count":0,"href":"https:\/\/www.europesays.com\/fr\/wp-json\/wp\/v2\/posts\/327422\/revisions"}],"wp:featuredmedia":[{"embeddable":true,"href":"https:\/\/www.europesays.com\/fr\/wp-json\/wp\/v2\/media\/327423"}],"wp:attachment":[{"href":"https:\/\/www.europesays.com\/fr\/wp-json\/wp\/v2\/media?parent=327422"}],"wp:term":[{"taxonomy":"category","embeddable":true,"href":"https:\/\/www.europesays.com\/fr\/wp-json\/wp\/v2\/categories?post=327422"},{"taxonomy":"post_tag","embeddable":true,"href":"https:\/\/www.europesays.com\/fr\/wp-json\/wp\/v2\/tags?post=327422"}],"curies":[{"name":"wp","href":"https:\/\/api.w.org\/{rel}","templated":true}]}}