{"id":327424,"date":"2025-08-18T16:35:12","date_gmt":"2025-08-18T16:35:12","guid":{"rendered":"https:\/\/www.europesays.com\/fr\/327424\/"},"modified":"2025-08-18T16:35:12","modified_gmt":"2025-08-18T16:35:12","slug":"pres-de-rennes-see-you-sun-decroche-45-me-pour-multiplier-les-centrales-solaires","status":"publish","type":"post","link":"https:\/\/www.europesays.com\/fr\/327424\/","title":{"rendered":"Pr\u00e8s de Rennes, See you sun d\u00e9croche 45\u00a0M\u20ac pour multiplier les centrales solaires"},"content":{"rendered":"<p>See you sun avance \u00e0 pas de g\u00e9ant. Cr\u00e9\u00e9e en 2016, la soci\u00e9t\u00e9 bas\u00e9e \u00e0 Cesson-S\u00e9vign\u00e9 (35), pr\u00e8s de Rennes, s\u2019est sp\u00e9cialis\u00e9e dans l\u2019installation de petites centrales solaires sur des espaces d\u00e9j\u00e0 artificialis\u00e9s (parkings, pr\u00e9aux, terrains de tennis, boulodromes\u2026). Une offre qui a s\u00e9duit entreprises et collectivit\u00e9s, avec, \u00e0 ce jour, environ 800 centrales install\u00e9es partout en France et 58 M\u20ac lev\u00e9s lors de <a href=\"https:\/\/www.letelegramme.fr\/ille-et-vilaine\/rennes-35000\/pres-de-rennes-le-specialiste-de-lenergie-solaire-see-you-sun-leve-46-meur-6575161.php\" target=\"_blank\" rel=\"noopener\">deux lev\u00e9es de fonds,<\/a> en 2021 et 2024.<\/p>\n<p>Pour poursuivre son d\u00e9veloppement, la PME a boucl\u00e9, en juillet dernier, une nouvelle op\u00e9ration financi\u00e8re\u00a0: l\u2019obtention d\u2019un cr\u00e9dit bancaire de 45 M\u20ac aupr\u00e8s d\u2019un pool de dix \u00e9tablissements, emmen\u00e9s par le Cr\u00e9dit agricole d\u2019Ille-et-Vilaine et la Caisse d\u2019\u00e9pargne Bretagne-Pays de la Loire. Sur le r\u00e9seau social <a href=\"https:\/\/www.linkedin.com\/posts\/see-you-sun_transition%C3%A9nerg%C3%A9tique-photovolta%C3%AFque-solaire-activity-7354159681138761728-SEd2\/?originalSubdomain=fr\" target=\"_blank\" rel=\"noopener\">Linkedin<\/a>, See you sun indique que ce financement lui servira \u00e0 \u00ab\u00a0d\u00e9ployer de nouvelles centrales photovolta\u00efques sur ombri\u00e8res de parking, toitures ou sites au sol\u00a0\u00bb. Il atteste, selon elle, \u00ab\u00a0de la confiance renouvel\u00e9e des banques, dans un contexte de mutation du march\u00e9 de l\u2019\u00e9nergie\u00a0\u00bb.<\/p>\n<p>\u00ab\u00a0Mutation du march\u00e9 de l\u2019\u00e9nergie\u00a0\u00bb<\/p>\n<p>Boost\u00e9 par la crise \u00e9nerg\u00e9tique li\u00e9e \u00e0 la guerre en Ukraine, le secteur solaire est aujourd\u2019hui confront\u00e9 \u00e0 une \u00e9volution du cadre r\u00e9glementaire dans lequel il op\u00e8re. Fin mars, Bercy a, par exemple, publi\u00e9 <a href=\"https:\/\/www.legifrance.gouv.fr\/jorf\/id\/JORFTEXT000051380903\" target=\"_blank\" rel=\"noopener\">un arr\u00eat\u00e9<\/a> abaissant les tarifs de revente de l\u2019\u00e9lectricit\u00e9 produite par les petites installations photovolta\u00efques, afin de favoriser l\u2019autoconsommation et de <a href=\"https:\/\/www.letelegramme.fr\/economie\/ca-va-faire-des-ravages-en-bretagne-des-dizaines-de-projets-solaires-menaces-6780387.php\" target=\"_blank\" rel=\"noopener\">r\u00e9duire son soutien<\/a> \u00e0 une technologie arriv\u00e9e \u00e0 maturit\u00e9.<\/p>\n<p>Le gouvernement a, par ailleurs, revu \u00e0 la baisse les objectifs de d\u00e9veloppement du solaire dans la derni\u00e8re version de son projet de \ufeff\u00ab\u00a0<a href=\"https:\/\/www.letelegramme.fr\/bretagne\/energies-pourquoi-la-feuille-de-route-du-gouvernement-divise-en-bretagne-6807927.php\" target=\"_blank\" rel=\"noopener\">programmation pluriannuelle de l\u2019\u00e9nergie<\/a>\u00a0\u00bb, un document strat\u00e9gique, <a href=\"https:\/\/www.letelegramme.fr\/opinions\/tribune-programmation-pluriannuelle-de-lenergie-un-retard-et-une-catastrophe-6817588.php\" target=\"_blank\" rel=\"noopener\">en attente de publication<\/a> depuis deux ans, et dont la r\u00e9daction doit composer avec <a href=\"https:\/\/www.letelegramme.fr\/france\/energie-lassemblee-rejette-la-proposition-de-loi-gremillet-le-moratoire-sur-leolien-et-le-photovoltaique-abandonne-6842522.php\" target=\"_blank\" rel=\"noopener\">une proposition de loi s\u00e9natoriale<\/a> en cours d\u2019examen au Parlement. Rejet\u00e9 par les d\u00e9put\u00e9s en juin, ce texte fait la part belle au nucl\u00e9aire, sans assigner d\u2019objectifs sp\u00e9cifiques \u00e0 l\u2019\u00e9olien ou au solaire. Apr\u00e8s un nouveau feu vert au S\u00e9nat en juillet, il doit revenir \u00e0 l\u2019Assembl\u00e9e en septembre.<\/p>\n<p>Autoconsommation collective<\/p>\n<p>Malgr\u00e9 ces changements et flous r\u00e9glementaires, See you sun poursuit son chemin. L\u2019entreprise, qui emploie 120 salari\u00e9s, a atteint 70 M\u20ac de chiffre d\u2019affaires en 2024, soit une hausse de 40\u00a0% sur un an. Son objectif pour la suite\u00a0: d\u00e9velopper non pas des centrales solaires mais de vrais \u00ab\u00a0villes et syst\u00e8mes solaires\u00a0\u00bb, associant panneaux photovolta\u00efques, infrastructures, services ou encore immobilier.<\/p>\n<p>Dans cette optique, l\u2019entreprise s\u2019est lanc\u00e9e, depuis quelques mois, sur <a href=\"https:\/\/www.letelegramme.fr\/ille-et-vilaine\/rennes-35000\/a-rennes-ce-specialiste-de-lenergie-solaire-part-a-la-conquete-dun-nouveau-marche-prometteur-6749448.php\" target=\"_blank\" rel=\"noopener\">le march\u00e9 des particuliers<\/a>, o\u00f9 le taux d\u2019installation est encore tr\u00e8s faible. Elle a aussi d\u00e9voil\u00e9, en juillet, une nouvelle offre en partenariat avec le francilien Enogrid, afin de simplifier la mise en place &#8211; souvent compliqu\u00e9e d\u2019un pont de vue technique et administratif &#8211; de boucles locales de production et de consommation d\u2019\u00e9lectricit\u00e9. La France compte actuellement moins de 1\u00a0200 installations d\u2019autoconsommation collective.<\/p>\n","protected":false},"excerpt":{"rendered":"See you sun avance \u00e0 pas de g\u00e9ant. Cr\u00e9\u00e9e en 2016, la soci\u00e9t\u00e9 bas\u00e9e \u00e0 Cesson-S\u00e9vign\u00e9 (35), pr\u00e8s&hellip;\n","protected":false},"author":2,"featured_media":327425,"comment_status":"","ping_status":"","sticky":false,"template":"","format":"standard","meta":{"footnotes":""},"categories":[2821],"tags":[1111,11,829,1777,674,1011,27,848,4555,12,584,25],"class_list":{"0":"post-327424","1":"post","2":"type-post","3":"status-publish","4":"format-standard","5":"has-post-thumbnail","7":"category-rennes","8":"tag-actu","9":"tag-actualites","10":"tag-bretagne","11":"tag-eu","12":"tag-europe","13":"tag-fr","14":"tag-france","15":"tag-ille-et-vilaine","16":"tag-local","17":"tag-news","18":"tag-rennes","19":"tag-republique-francaise"},"share_on_mastodon":{"url":"https:\/\/pubeurope.com\/@fr\/115050743425652627","error":""},"_links":{"self":[{"href":"https:\/\/www.europesays.com\/fr\/wp-json\/wp\/v2\/posts\/327424","targetHints":{"allow":["GET"]}}],"collection":[{"href":"https:\/\/www.europesays.com\/fr\/wp-json\/wp\/v2\/posts"}],"about":[{"href":"https:\/\/www.europesays.com\/fr\/wp-json\/wp\/v2\/types\/post"}],"author":[{"embeddable":true,"href":"https:\/\/www.europesays.com\/fr\/wp-json\/wp\/v2\/users\/2"}],"replies":[{"embeddable":true,"href":"https:\/\/www.europesays.com\/fr\/wp-json\/wp\/v2\/comments?post=327424"}],"version-history":[{"count":0,"href":"https:\/\/www.europesays.com\/fr\/wp-json\/wp\/v2\/posts\/327424\/revisions"}],"wp:featuredmedia":[{"embeddable":true,"href":"https:\/\/www.europesays.com\/fr\/wp-json\/wp\/v2\/media\/327425"}],"wp:attachment":[{"href":"https:\/\/www.europesays.com\/fr\/wp-json\/wp\/v2\/media?parent=327424"}],"wp:term":[{"taxonomy":"category","embeddable":true,"href":"https:\/\/www.europesays.com\/fr\/wp-json\/wp\/v2\/categories?post=327424"},{"taxonomy":"post_tag","embeddable":true,"href":"https:\/\/www.europesays.com\/fr\/wp-json\/wp\/v2\/tags?post=327424"}],"curies":[{"name":"wp","href":"https:\/\/api.w.org\/{rel}","templated":true}]}}