{"id":327430,"date":"2025-08-18T16:38:11","date_gmt":"2025-08-18T16:38:11","guid":{"rendered":"https:\/\/www.europesays.com\/fr\/327430\/"},"modified":"2025-08-18T16:38:11","modified_gmt":"2025-08-18T16:38:11","slug":"le-gouvernement-va-prononcer-la-dissolution-dun-groupe-hooligan-de-strasbourg-france-rc-strasbourg","status":"publish","type":"post","link":"https:\/\/www.europesays.com\/fr\/327430\/","title":{"rendered":"Le gouvernement va prononcer la dissolution d&rsquo;un groupe hooligan de Strasbourg &#8211; France &#8211; RC Strasbourg"},"content":{"rendered":"<p>Un de moins.<\/p>\n<p>Il \u00e9tait en haut de la pile du minist\u00e8re de l\u2019Int\u00e9rieur : <strong>le groupe Strasbourg Offenders devrait bient\u00f4t \u00eatre dissout<\/strong>, d\u2019apr\u00e8s les informations de <a target=\"_blank\" href=\"https:\/\/www.lequipe.fr\/Football\/Actualites\/Une-procedure-de-dissolution-a-l-encontre-du-groupe-de-hooligans-strasbourg-offender-bientot-annoncee\/1585943\" rel=\"nofollow noopener\">L\u2019\u00c9quipe<\/a>. Ce collectif de supporters du RC Strasbourg est connu ses actions violentes, ses diff\u00e9rentes incitations \u00e0 la haine et plus g\u00e9n\u00e9ralement ses positions assum\u00e9es d\u2019extr\u00eame droite.<\/p>\n<p>Un dossier de longue date<\/p>\n<p>Bruno Retailleau et son cabinet <a target=\"_blank\" href=\"https:\/\/www.sofoot.com\/breves\/le-ministere-de-linterieur-souhaite-dissoudre-plusieurs-groupes-de-supporters#goog_rewarded\" rel=\"nofollow noopener\">\u00e9tudient depuis plusieurs mois<\/a> la dissolution de plusieurs groupes de supporters de Ligue 1 et de Ligue 2, tels que la L\u00e9gion X du Paris FC, la Brigade Loire du FC Nantes, les Magic Fans et les Green Angels de l\u2019AS Saint-\u00c9tienne.<\/p>\n<p>Seul caract\u00e9ris\u00e9 comme groupe de \u00ab\u202fhooligans\u202f\u00bb, les Strasbourg Offenders ont vu leur dossier passer devant la commission nationale consultative de pr\u00e9vention des violences lors des manifestations sportives le 11 juin dernier. <strong>Le verdict rendu a \u00e9t\u00e9 favorable \u00e0 une dissolution<\/strong>. Une proc\u00e9dure administrative aurait donc \u00e9t\u00e9 engag\u00e9e et l\u2019on devrait encore attendre quelques semaines avant que cette derni\u00e8re soit prononc\u00e9e, explique le quotidien sportif.<\/p>\n<p><a target=\"_blank\" href=\"https:\/\/www.sofoot.com\/breves\/auxerre-quand-guy-roux-se-fait-prendre-en-photo-avec-des-hooligans-strasbourgeois-dextreme-droite#goog_rewarded\" rel=\"nofollow noopener\">Il ne fallait pas emb\u00eater Guy Roux.<\/a><\/p>\n<p>\t\t\t\t\t\t\t\t\t\t<a class=\"lien-connexe\" href=\"https:\/\/www.sofoot.com\/breves\/un-petard-a-explose-pres-dun-ramasseur-de-balles-lors-de-metz-strasbourg\" rel=\"nofollow noopener\" target=\"_blank\">Un p\u00e9tard a explos\u00e9 pr\u00e8s d\u2019un ramasseur de balles lors de Metz-Strasbourg<\/a>\t\t\t\t\t<\/p>\n","protected":false},"excerpt":{"rendered":"Un de moins. Il \u00e9tait en haut de la pile du minist\u00e8re de l\u2019Int\u00e9rieur : le groupe Strasbourg&hellip;\n","protected":false},"author":2,"featured_media":327431,"comment_status":"","ping_status":"","sticky":false,"template":"","format":"standard","meta":{"footnotes":""},"categories":[2820],"tags":[1111,47,11,61,69,65,64,1777,674,63,1011,27,775,68,66,12,62,70,25,67,640],"class_list":{"0":"post-327430","1":"post","2":"type-post","3":"status-publish","4":"format-standard","5":"has-post-thumbnail","7":"category-strasbourg","8":"tag-actu","9":"tag-actualite","10":"tag-actualites","11":"tag-actus-football","12":"tag-bundesliga","13":"tag-championnats-europeens","14":"tag-equipe-de-france","15":"tag-eu","16":"tag-europe","17":"tag-football","18":"tag-fr","19":"tag-france","20":"tag-grand-est","21":"tag-ligua","22":"tag-ligue-1","23":"tag-news","24":"tag-news-foot","25":"tag-premier-league","26":"tag-republique-francaise","27":"tag-serie-a","28":"tag-strasbourg"},"share_on_mastodon":{"url":"https:\/\/pubeurope.com\/@fr\/115050755114074086","error":""},"_links":{"self":[{"href":"https:\/\/www.europesays.com\/fr\/wp-json\/wp\/v2\/posts\/327430","targetHints":{"allow":["GET"]}}],"collection":[{"href":"https:\/\/www.europesays.com\/fr\/wp-json\/wp\/v2\/posts"}],"about":[{"href":"https:\/\/www.europesays.com\/fr\/wp-json\/wp\/v2\/types\/post"}],"author":[{"embeddable":true,"href":"https:\/\/www.europesays.com\/fr\/wp-json\/wp\/v2\/users\/2"}],"replies":[{"embeddable":true,"href":"https:\/\/www.europesays.com\/fr\/wp-json\/wp\/v2\/comments?post=327430"}],"version-history":[{"count":0,"href":"https:\/\/www.europesays.com\/fr\/wp-json\/wp\/v2\/posts\/327430\/revisions"}],"wp:featuredmedia":[{"embeddable":true,"href":"https:\/\/www.europesays.com\/fr\/wp-json\/wp\/v2\/media\/327431"}],"wp:attachment":[{"href":"https:\/\/www.europesays.com\/fr\/wp-json\/wp\/v2\/media?parent=327430"}],"wp:term":[{"taxonomy":"category","embeddable":true,"href":"https:\/\/www.europesays.com\/fr\/wp-json\/wp\/v2\/categories?post=327430"},{"taxonomy":"post_tag","embeddable":true,"href":"https:\/\/www.europesays.com\/fr\/wp-json\/wp\/v2\/tags?post=327430"}],"curies":[{"name":"wp","href":"https:\/\/api.w.org\/{rel}","templated":true}]}}