{"id":327432,"date":"2025-08-18T16:39:10","date_gmt":"2025-08-18T16:39:10","guid":{"rendered":"https:\/\/www.europesays.com\/fr\/327432\/"},"modified":"2025-08-18T16:39:10","modified_gmt":"2025-08-18T16:39:10","slug":"une-jeune-fille-mineure-blessee-a-larme-blanche-a-nice","status":"publish","type":"post","link":"https:\/\/www.europesays.com\/fr\/327432\/","title":{"rendered":"Une jeune fille mineure bless\u00e9e \u00e0 l\u2019arme blanche \u00e0 Nice"},"content":{"rendered":"<p>Les sapeurs-pompiers sont intervenus vers 16h30 ce lundi 18 ao\u00fbt dans l&rsquo;apr\u00e8s-midi, boulevard de la Madeleine \u00e0 Nice.<\/p>\n<p>Ils ont pris en charge une jeune fille, agress\u00e9e \u00e0 l\u2019arme blanche.<\/p>\n<p>La piste d&rsquo;un diff\u00e9rend familial<\/p>\n<p>La mineure n\u2019est que l\u00e9g\u00e8rement bless\u00e9e.<\/p>\n<p>Selon les premiers \u00e9l\u00e9ments de l\u2019enqu\u00eate, il pourrait s\u2019agir d\u2019un diff\u00e9rend familial.<\/p>\n","protected":false},"excerpt":{"rendered":"Les sapeurs-pompiers sont intervenus vers 16h30 ce lundi 18 ao\u00fbt dans l&rsquo;apr\u00e8s-midi, boulevard de la Madeleine \u00e0 Nice.&hellip;\n","protected":false},"author":2,"featured_media":327433,"comment_status":"","ping_status":"","sticky":false,"template":"","format":"standard","meta":{"footnotes":""},"categories":[2819],"tags":[1111,11,1777,674,118,1011,27,12,2401,882,25],"class_list":{"0":"post-327432","1":"post","2":"type-post","3":"status-publish","4":"format-standard","5":"has-post-thumbnail","7":"category-nice","8":"tag-actu","9":"tag-actualites","10":"tag-eu","11":"tag-europe","12":"tag-faits-divers","13":"tag-fr","14":"tag-france","15":"tag-news","16":"tag-nice","17":"tag-provence-alpes-cote-dazur","18":"tag-republique-francaise"},"share_on_mastodon":{"url":"https:\/\/pubeurope.com\/@fr\/115050759121879229","error":""},"_links":{"self":[{"href":"https:\/\/www.europesays.com\/fr\/wp-json\/wp\/v2\/posts\/327432","targetHints":{"allow":["GET"]}}],"collection":[{"href":"https:\/\/www.europesays.com\/fr\/wp-json\/wp\/v2\/posts"}],"about":[{"href":"https:\/\/www.europesays.com\/fr\/wp-json\/wp\/v2\/types\/post"}],"author":[{"embeddable":true,"href":"https:\/\/www.europesays.com\/fr\/wp-json\/wp\/v2\/users\/2"}],"replies":[{"embeddable":true,"href":"https:\/\/www.europesays.com\/fr\/wp-json\/wp\/v2\/comments?post=327432"}],"version-history":[{"count":0,"href":"https:\/\/www.europesays.com\/fr\/wp-json\/wp\/v2\/posts\/327432\/revisions"}],"wp:featuredmedia":[{"embeddable":true,"href":"https:\/\/www.europesays.com\/fr\/wp-json\/wp\/v2\/media\/327433"}],"wp:attachment":[{"href":"https:\/\/www.europesays.com\/fr\/wp-json\/wp\/v2\/media?parent=327432"}],"wp:term":[{"taxonomy":"category","embeddable":true,"href":"https:\/\/www.europesays.com\/fr\/wp-json\/wp\/v2\/categories?post=327432"},{"taxonomy":"post_tag","embeddable":true,"href":"https:\/\/www.europesays.com\/fr\/wp-json\/wp\/v2\/tags?post=327432"}],"curies":[{"name":"wp","href":"https:\/\/api.w.org\/{rel}","templated":true}]}}