{"id":327434,"date":"2025-08-18T16:40:15","date_gmt":"2025-08-18T16:40:15","guid":{"rendered":"https:\/\/www.europesays.com\/fr\/327434\/"},"modified":"2025-08-18T16:40:15","modified_gmt":"2025-08-18T16:40:15","slug":"logc-nice-a-boucle-un-attaquant-pour-6-me","status":"publish","type":"post","link":"https:\/\/www.europesays.com\/fr\/327434\/","title":{"rendered":"L\u2019OGC Nice a boucl\u00e9 un attaquant pour 6 M\u20ac"},"content":{"rendered":"<p>L\u2019OGC Nice s\u2019est offert un nouvel attaquant. Apr\u00e8s avoir perdu Evann Guessand (Aston Villa), Ga\u00ebtan Laborde (Al-Diraiyah FC) et Youssoufa Moukoko (de retour \u00e0 Dortmund), les Aiglons cherchaient \u00e0 se renforcer avant la fin du mercato. Pour \u00e9pauler Terem Moffi, l\u2019OGC Nice a s\u00e9curis\u00e9 un autre nom en s\u2019offrant <a href=\"https:\/\/www.footmercato.net\/joueur\/kevin-carlos-omoruyi-benjamin\/\" rel=\"nofollow noopener\" target=\"_blank\">Kevin Carlos<\/a> (24 ans). Selon RMC Sport, le club azur\u00e9en et le FC <a href=\"https:\/\/www.footmercato.net\/club\/fc-bale-1893\/\" rel=\"nofollow noopener\" target=\"_blank\">B\u00e2le<\/a> sont tomb\u00e9s d\u2019accord pour sa venue. L\u2019attaquant espagnol de 1,88m  doit s\u2019engager 5 ans avec le Gym dans les prochains jours. Le montant de l\u2019op\u00e9ration est \u00e9valu\u00e9 \u00e0 6 millions d\u2019euros. <\/p>\n<p>            La suite apr\u00e8s cette publicit\u00e9<\/p>\n<p>Il devrait \u00eatre apte face \u00e0 Auxerre, samedi (19h). Mais sa venue n\u2019exclut pas <a href=\"https:\/\/www.footmercato.net\/a8300727985994835171-mercato-le-prix-des-ndeg9-senvole-en-ligue-1\" rel=\"nofollow noopener\" target=\"_blank\">l\u2019arriv\u00e9e d\u2019un nouvel attaquant \u00e0 Nice<\/a>, alors que l\u2019attaquant malien de l\u2019AJ Auxerre, Lassine Sinayoko (5 buts et 9 passes d\u00e9cisives en 2024-25), a \u00e9t\u00e9 approch\u00e9. Mais Auxerre refuse toutes les offres concernant le joueur, notamment venu d\u2019Allemagne, mais aussi de <a href=\"https:\/\/www.footmercato.net\/club\/ogc-nice\/\" rel=\"nofollow noopener\" target=\"_blank\">Nice<\/a> qui a propos\u00e9 5 M\u20ac + 1 M\u20ac de bonus, selon nos informations. Mais le club icaunais r\u00e9clame davantage pour laisser partir son attaquant, buteur lors de la premi\u00e8re journ\u00e9e de L1. <\/p>\n<p>\n    Pub. le 18\/08\/2025 18:14<br \/>\n            &#8211; MAJ le 18\/08\/2025 18:33\n    <\/p>\n","protected":false},"excerpt":{"rendered":"L\u2019OGC Nice s\u2019est offert un nouvel attaquant. Apr\u00e8s avoir perdu Evann Guessand (Aston Villa), Ga\u00ebtan Laborde (Al-Diraiyah FC)&hellip;\n","protected":false},"author":2,"featured_media":220717,"comment_status":"","ping_status":"","sticky":false,"template":"","format":"standard","meta":{"footnotes":""},"categories":[2819],"tags":[1111,11,1777,674,1011,27,12,2401,882,25],"class_list":{"0":"post-327434","1":"post","2":"type-post","3":"status-publish","4":"format-standard","5":"has-post-thumbnail","7":"category-nice","8":"tag-actu","9":"tag-actualites","10":"tag-eu","11":"tag-europe","12":"tag-fr","13":"tag-france","14":"tag-news","15":"tag-nice","16":"tag-provence-alpes-cote-dazur","17":"tag-republique-francaise"},"share_on_mastodon":{"url":"https:\/\/pubeurope.com\/@fr\/115050762916211253","error":""},"_links":{"self":[{"href":"https:\/\/www.europesays.com\/fr\/wp-json\/wp\/v2\/posts\/327434","targetHints":{"allow":["GET"]}}],"collection":[{"href":"https:\/\/www.europesays.com\/fr\/wp-json\/wp\/v2\/posts"}],"about":[{"href":"https:\/\/www.europesays.com\/fr\/wp-json\/wp\/v2\/types\/post"}],"author":[{"embeddable":true,"href":"https:\/\/www.europesays.com\/fr\/wp-json\/wp\/v2\/users\/2"}],"replies":[{"embeddable":true,"href":"https:\/\/www.europesays.com\/fr\/wp-json\/wp\/v2\/comments?post=327434"}],"version-history":[{"count":0,"href":"https:\/\/www.europesays.com\/fr\/wp-json\/wp\/v2\/posts\/327434\/revisions"}],"wp:featuredmedia":[{"embeddable":true,"href":"https:\/\/www.europesays.com\/fr\/wp-json\/wp\/v2\/media\/220717"}],"wp:attachment":[{"href":"https:\/\/www.europesays.com\/fr\/wp-json\/wp\/v2\/media?parent=327434"}],"wp:term":[{"taxonomy":"category","embeddable":true,"href":"https:\/\/www.europesays.com\/fr\/wp-json\/wp\/v2\/categories?post=327434"},{"taxonomy":"post_tag","embeddable":true,"href":"https:\/\/www.europesays.com\/fr\/wp-json\/wp\/v2\/tags?post=327434"}],"curies":[{"name":"wp","href":"https:\/\/api.w.org\/{rel}","templated":true}]}}