{"id":327437,"date":"2025-08-18T16:44:10","date_gmt":"2025-08-18T16:44:10","guid":{"rendered":"https:\/\/www.europesays.com\/fr\/327437\/"},"modified":"2025-08-18T16:44:10","modified_gmt":"2025-08-18T16:44:10","slug":"les-aveux-du-prevenu-apres-un-rodeo-urbain-mortel-en-gironde","status":"publish","type":"post","link":"https:\/\/www.europesays.com\/fr\/327437\/","title":{"rendered":"les aveux du pr\u00e9venu apr\u00e8s un rod\u00e9o urbain mortel en Gironde"},"content":{"rendered":"<p>            Par<br \/>\n        <strong><br \/>\n            <a href=\"https:\/\/actu.fr\/auteur\/julian-doubax\" title=\"Consulter tous les articles de Julian Doubax\" target=\"_blank\" rel=\"noopener\">Julian Doubax<\/a><br \/>\n        <\/strong><\/p>\n<p>        Publi\u00e9 le<\/p>\n<p>            18 ao\u00fbt 2025 \u00e0 18h34        <\/p>\n<p>Un peu moins d\u2019un an apr\u00e8s les faits, la famille de la victime commence enfin \u00e0 obtenir des r\u00e9ponses. Ce lundi 18\u00a0ao\u00fbt 2025, <a href=\"https:\/\/actu.fr\/nouvelle-aquitaine\/bassens_33032\/lors-d-un-rodeo-urbain-en-gironde-deux-motards-provoquent-la-mort-d-une-femme-ils-multipliaient-les-delits_62820955.html\" target=\"_blank\" rel=\"noopener\">deux hommes \u00e9taient jug\u00e9s<\/a> au tribunal judiciaire de Bordeaux apr\u00e8s un <strong>accident<\/strong> survenu le 24\u00a0novembre dernier. \u00c0 <a href=\"https:\/\/actu.fr\/nouvelle-aquitaine\/bassens_33032\" target=\"_blank\" rel=\"noopener\">Bassens<\/a> (Gironde), ils avaient particip\u00e9 \u00e0 un <a href=\"https:\/\/actu.fr\/nouvelle-aquitaine\/bassens_33032\/une-femme-de-18-ans-est-morte-dans-une-collision-lors-d-un-rodeo-urbain-au-nord-de-bordeaux_61910748.html\" target=\"_blank\" rel=\"noopener\">rod\u00e9o urbain motoris\u00e9<\/a>. Les deux motos \u00e9taient entr\u00e9es en <strong>collision<\/strong> et la passag\u00e8re, une jeune femme de 19\u00a0ans, avait<strong> perdu la vie<\/strong>. Poursuivis pour <strong>homicide involontaire<\/strong>, les deux jeunes hommes ont vu les circonstances de ce tragique accident partiellement \u00e9claircies au cours de l\u2019audience.<\/p>\n<p>Rappel des faits<\/p>\n<p class=\" wall-content\">Le dimanche 24\u00a0novembre 2024, les pompiers sont appel\u00e9s pour un accident sur le boulevard de l\u2019Industrie \u00e0 Bassens, pr\u00e8s de Bordeaux. Ce lieu est tr\u00e8s pris\u00e9 des <strong>rod\u00e9os urbains<\/strong> o\u00f9 des rassemblements sont fr\u00e9quemment organis\u00e9s.<\/p>\n<p class=\" wall-content\">Sur place, ils d\u00e9couvrent le <strong>corps sans vie<\/strong> d\u2019une jeune femme de 19\u00a0ans. Cette derni\u00e8re est d\u00e9c\u00e9d\u00e9e apr\u00e8s une collision entre deux motos. Les conducteurs, deux hommes \u00e2g\u00e9s de 20 et 21\u00a0ans, avaient \u00e9t\u00e9 gravement bless\u00e9s.<\/p>\n<p class=\" wall-content\">D\u2019apr\u00e8s les premi\u00e8res investigations du parquet de Bordeaux en juin\u00a02025, le conducteur et sa passag\u00e8re <strong>ne portaient pas de casque<\/strong> au moment des faits. De plus, l\u2019homme avait consomm\u00e9 du cannabis et des stup\u00e9fiants et conduisait une <strong>moto vol\u00e9e<\/strong>. Ce dernier \u00e9tait \u00e9galement connu de la justice pour des d\u00e9lits routiers.<\/p>\n<p class=\" wall-content\">Aucun des deux pilotes ne poss\u00e9dait le permis de conduire. Le 17\u00a0juin, ils avaient \u00e9t\u00e9 plac\u00e9s en garde \u00e0 vue. Huit jours plus tard, le conducteur de la moto qui transportait la victime a \u00e9t\u00e9 plac\u00e9 en <strong>d\u00e9tention provisoire<\/strong> en amont du proc\u00e8s. L\u2019autre pilote qui a percut\u00e9 les deux individus est sous contr\u00f4le judiciaire.<\/p>\n<p>Mari\u00e9 et p\u00e8re d\u2019un petit b\u00e9b\u00e9<\/p>\n<p class=\" wall-content\">Dans le box des accus\u00e9s, Brandon D. avance les bras derri\u00e8re le dos, la t\u00eate parfois baiss\u00e9e durant le rappel des faits. L\u2019homme \u00e2g\u00e9 de 21\u00a0ans, qui conduisait la moto o\u00f9 se trouvait la victime, est <strong>mari\u00e9<\/strong> et vient d\u2019avoir un <strong>b\u00e9b\u00e9<\/strong> mais il ne travaille pas.<\/p>\n<p class=\" wall-content\">De son c\u00f4t\u00e9, Simon D., le conducteur de l\u2019autre moto, vient de reprendre le travail apr\u00e8s plusieurs jours d\u2019hospitalisation qui ont suivi l\u2019accident. Durant l\u2019audience, le tribunal essaye d\u2019\u00e9claircir les circonstances de cette <strong>collision mortelle.<\/strong><\/p>\n<p>Votre r\u00e9gion, votre actu !<\/p>\n<p>Recevez chaque jour les infos qui comptent pour vous.<\/p>\n<p>\t<a href=\"https:\/\/actu.fr\/newsletter\" class=\"ac-btn ac-btn--corner ac-btn--medium ac-btn--blue800\" target=\"_blank\" rel=\"noopener\">S&rsquo;incrire<\/a><\/p>\n<p class=\" wall-content\">Simon D. affirme dans un premier temps avoir roul\u00e9 \u00ab\u2009avec attention\u2009\u00bb avant d\u2019avouer avoir eu une \u00ab\u2009conduite dangereuse\u2009\u00bb en r\u00e9alisant une <strong>roue arri\u00e8re<\/strong> avec sa moto de marque Honda. Dans le box, Brandon D. indique m\u00eame que son acolyte \u00ab\u2009roulait n\u2019importe comment\u2009\u00bb sur la<strong> voie publique<\/strong> en r\u00e9alisant un \u00ab\u2009zigzag\u2009\u00bb.<\/p>\n<p class=\" wall-content\">Autre zone d\u2019ombre du dossier\u2009: le pilote de la moto au moment des faits. Les cam\u00e9ras de surveillance n\u2019ont pas r\u00e9ussi \u00e0 identifier le conducteur. Parfois, Brandon D. \u00e9tait aux commandes. Sur d\u2019autres allers-retours, c\u2019est la victime \u2013 qui est la cousine de l\u2019homme de 21 ans \u2013 qui avait les mains sur le guidon. Malheureusement pour le tribunal, les protagonistes n\u2019ont quasiment <strong>aucun souvenir<\/strong> de cet accident mortel.<\/p>\n<p>\u00ab\u2009Je m\u00e9rite d\u2019aller en prison\u2009\u00bb<\/p>\n<p class=\" wall-content\">Devant la justice, les deux hommes ne sont pas tr\u00e8s bavards mais Brandon D. reconna\u00eet son erreur sans sourciller. \u00ab\u2009Je ne voulais pas qu\u2019elle parte seule sur ma moto. Ma punition, c\u2019est d\u2019avoir gard\u00e9 tous ces souvenirs dans ma t\u00eate. <strong>Je m\u00e9rite d\u2019aller en prison<\/strong> et ce n\u2019est m\u00eame pas assez dur pour ce que j\u2019ai fait\u00a0\u00bb, sanglote le jeune homme. Des propos qui provoquent une <strong>vive \u00e9motion<\/strong> pour ses proches plac\u00e9s sur les bancs de la salle d\u2019audience.<\/p>\n<p class=\" wall-content\">Avant le d\u00e9lib\u00e9r\u00e9, Simon D. sort une <strong>lettre<\/strong> de sa poche pour exprimer sa peine \u00e0 la famille de la victime. \u00ab\u2009Pas un jour ne passe sans que je pense \u00e0 cette histoire. Rien ne pourra effacer votre douleur et j\u2019\u00e9prouve un profond respect pour vous\u2009\u00bb, prononce le jeune conducteur, les mains l\u00e9g\u00e8rement tremblantes.<\/p>\n<p>Le tribunal ne suit pas les r\u00e9quisitions<\/p>\n<p class=\" wall-content\">En voyant ces infractions parfaitement constitu\u00e9es, la procureure requiert des peines lourdes\u2009: 3\u00a0ans d\u2019emprisonnement avec 1 an de sursis pour Simon D. et 4\u00a0ans dont 1 an de sursis pour Brandon D. malgr\u00e9 \u00ab\u2009ses remords\u2009\u00bb.<\/p>\n<p class=\" wall-content\">Pour rebondir sur ces sanctions, l\u2019avocate du cousin de la victime indique que son client a \u00e9galement \u00ab\u2009tout perdu\u2009\u00bb le soir de l\u2019accident. Devant ses yeux, elle voit un homme \u00ab\u2009plein de sinc\u00e9rit\u00e9 qui<strong> refuse de recevoir de l\u2019argent<\/strong> car il sait qu\u2019il est coupable\u2009\u00bb.<\/p>\n<p class=\" wall-content\">Elle se permet m\u00eame de citer le c\u00e9l\u00e8bre rappeur<strong> Koba la D<\/strong>, condamn\u00e9 \u00e0 six ans de prison ferme pour avoir provoqu\u00e9 un accident routier mortel. Deux cas similaires mais une peine exag\u00e9r\u00e9e selon l\u2019avocate.<\/p>\n<p class=\" wall-content\">Apr\u00e8s quasiment une heure d\u2019attente, le tribunal a rendu son d\u00e9lib\u00e9r\u00e9. Les deux hommes ont \u00e9cop\u00e9 de la m\u00eame peine\u2009:<strong> 3 ans d\u2019emprisonnement dont 2 ans avec sursis<\/strong>. Ils doivent \u00e9galement payer plus de 15\u2009000 euros chacun \u00e0 la famille de la victime. \u00c0 l\u2019annonce de cette condamnation, les <strong>larmes<\/strong> se sont install\u00e9es sur le visage des parents de la victime, s\u00fbrement surpris de la diff\u00e9rence entre les r\u00e9quisitions et le d\u00e9lib\u00e9r\u00e9.<\/p>\n<p class=\" wall-content\">Personnalisez votre actualit\u00e9 en ajoutant vos villes et m\u00e9dias en favori avec <a href=\"https:\/\/moncompte.actu.fr\" title=\"D\u00e9couvez Mon Actu\" rel=\"nofollow noopener\" data-trk=\"{&quot;cta&quot;:{&quot;action&quot;:&quot;https:\\\/\\\/moncompte.actu.fr&quot;,&quot;category&quot;:&quot;mon compte&quot;,&quot;from&quot;:&quot;article footer&quot;,&quot;name&quot;:&quot;Mon actu&quot;,&quot;type&quot;:&quot;cta&quot;}}\" target=\"_blank\">Mon Actu<\/a>.<\/p>\n","protected":false},"excerpt":{"rendered":"Par Julian Doubax Publi\u00e9 le 18 ao\u00fbt 2025 \u00e0 18h34 Un peu moins d\u2019un an apr\u00e8s les faits,&hellip;\n","protected":false},"author":2,"featured_media":327438,"comment_status":"","ping_status":"","sticky":false,"template":"","format":"standard","meta":{"footnotes":""},"categories":[2817],"tags":[1111,11,1997,1777,674,118,1011,27,12,2219,2694,25,5575],"class_list":{"0":"post-327437","1":"post","2":"type-post","3":"status-publish","4":"format-standard","5":"has-post-thumbnail","7":"category-bordeaux","8":"tag-actu","9":"tag-actualites","10":"tag-bordeaux","11":"tag-eu","12":"tag-europe","13":"tag-faits-divers","14":"tag-fr","15":"tag-france","16":"tag-news","17":"tag-nouvelle-aquitaine","18":"tag-proces","19":"tag-republique-francaise","20":"tag-rodeos-urbains"},"share_on_mastodon":{"url":"https:\/\/pubeurope.com\/@fr\/115050778726025522","error":""},"_links":{"self":[{"href":"https:\/\/www.europesays.com\/fr\/wp-json\/wp\/v2\/posts\/327437","targetHints":{"allow":["GET"]}}],"collection":[{"href":"https:\/\/www.europesays.com\/fr\/wp-json\/wp\/v2\/posts"}],"about":[{"href":"https:\/\/www.europesays.com\/fr\/wp-json\/wp\/v2\/types\/post"}],"author":[{"embeddable":true,"href":"https:\/\/www.europesays.com\/fr\/wp-json\/wp\/v2\/users\/2"}],"replies":[{"embeddable":true,"href":"https:\/\/www.europesays.com\/fr\/wp-json\/wp\/v2\/comments?post=327437"}],"version-history":[{"count":0,"href":"https:\/\/www.europesays.com\/fr\/wp-json\/wp\/v2\/posts\/327437\/revisions"}],"wp:featuredmedia":[{"embeddable":true,"href":"https:\/\/www.europesays.com\/fr\/wp-json\/wp\/v2\/media\/327438"}],"wp:attachment":[{"href":"https:\/\/www.europesays.com\/fr\/wp-json\/wp\/v2\/media?parent=327437"}],"wp:term":[{"taxonomy":"category","embeddable":true,"href":"https:\/\/www.europesays.com\/fr\/wp-json\/wp\/v2\/categories?post=327437"},{"taxonomy":"post_tag","embeddable":true,"href":"https:\/\/www.europesays.com\/fr\/wp-json\/wp\/v2\/tags?post=327437"}],"curies":[{"name":"wp","href":"https:\/\/api.w.org\/{rel}","templated":true}]}}