{"id":327451,"date":"2025-08-18T16:51:11","date_gmt":"2025-08-18T16:51:11","guid":{"rendered":"https:\/\/www.europesays.com\/fr\/327451\/"},"modified":"2025-08-18T16:51:11","modified_gmt":"2025-08-18T16:51:11","slug":"ligue-1-rabiot-et-rowe-ecartes-temporairement-par-marseille-suite-a-leur-altercation-a-rennes","status":"publish","type":"post","link":"https:\/\/www.europesays.com\/fr\/327451\/","title":{"rendered":"Ligue\u00a01\u00a0: Rabiot et Rowe \u00e9cart\u00e9s temporairement par Marseille suite \u00e0 leur altercation \u00e0 Rennes"},"content":{"rendered":"<p class=\"paragraph text_align_left lp-f-body-02\">L\u2019Olympique de Marseille ne pouvait pas laisser passer l\u2019affaire sans intervenir. Trois jours apr\u00e8s l\u2019altercation entre Adrien Rabiot et Jonathan Rowe dans les vestiaires suite \u00e0 leur d\u00e9faite \u00e0 Rennes <a href=\"https:\/\/www.leparisien.fr\/sports\/football\/ligue-1\/\" target=\"_blank\" rel=\"noreferrer nofollow noopener\">en Ligue 1<\/a>, le club phoc\u00e9en a d\u00e9cid\u00e9 de les sanctionner. <\/p>\n<p class=\"paragraph text_align_left lp-f-body-02\">Comme r\u00e9v\u00e9l\u00e9 par <a href=\"https:\/\/rmcsport.bfmtv.com\/football\/ligue-1\/om-adrien-rabiot-et-jonathan-rowe-temporairement-ecartes-de-l-equipe-premiere_AV-202508180402.html\" target=\"_blank\" rel=\"noreferrer nofollow noopener\">RMC Sport<\/a>, ils ont \u00e9t\u00e9 temporairement exclus de l\u2019\u00e9quipe premi\u00e8re pour montrer que certaines attitudes ne seront pas tol\u00e9r\u00e9es. Un don \u00e0 la fondation OM pourrait \u00e9galement avoir lieu.<\/p>\n<p class=\"paragraph text_align_left lp-f-body-02\">Alors que ce n\u2019est encore que la reprise, <a href=\"https:\/\/www.leparisien.fr\/sports\/football\/ligue-1\/coup-de-gueule-de-de-zerbi-altercation-rabiot-rowe-le-vestiaire-de-lom-a-tremble-apres-la-defaite-a-rennes-16-08-2025-MMNTHSY56NEDPE7VMHFPZTZLV4.php\" target=\"_blank\" rel=\"noreferrer nofollow noopener\">le vestiaire marseillais est d\u00e9j\u00e0 tr\u00e8s tendu<\/a>. Battus \u00e0 cause d\u2019un but de Ludovic Blas dans les arr\u00eats de jeu malgr\u00e9 une sup\u00e9riorit\u00e9 num\u00e9rique, les Olympiens se sont montr\u00e9s tr\u00e8s agac\u00e9s dans le vestiaire. Le coach Roberto De Zerbi n\u2019a d\u2019ailleurs pas m\u00e2ch\u00e9 ses mots, appelant ses joueurs \u00e0 faire preuve \u00ab d\u2019humilit\u00e9 \u00bb.<\/p>\n<p class=\"paragraph text_align_left lp-f-body-02\">Dans le vestiaire, le ton est mont\u00e9. Plusieurs joueurs ont notamment point\u00e9 du doigt le manque d\u2019efforts d\u2019autres. Le traducteur de De Zerbi aurait d\u2019ailleurs traduit une phrase \u00e9quivoque : \u00ab Les autres, ils nous battent sur le terrain et nous, on rentre, on se tape ici. Vous savez ce que cela veut dire ? Que l\u2019on a des petites coui***s. Alors qu\u2019\u00e0 Marseille, on doit en avoir des grosses. \u00bb<\/p>\n<p class=\"paragraph text_align_left lp-f-body-02\">Une altercation entre Adrien Rabiot et Jonathan Rowe a finalement \u00e9clat\u00e9. L\u2019ailier anglais, m\u00e9content des critiques qu\u2019il recevait, s\u2019est \u00e9nerv\u00e9. Les deux hommes n\u2019en sont toutefois pas venus aux mains.<\/p>\n","protected":false},"excerpt":{"rendered":"L\u2019Olympique de Marseille ne pouvait pas laisser passer l\u2019affaire sans intervenir. Trois jours apr\u00e8s l\u2019altercation entre Adrien Rabiot&hellip;\n","protected":false},"author":2,"featured_media":327452,"comment_status":"","ping_status":"","sticky":false,"template":"","format":"standard","meta":{"footnotes":""},"categories":[2814],"tags":[1111,11,1777,674,63,1011,27,66,884,12,882,25,60],"class_list":{"0":"post-327451","1":"post","2":"type-post","3":"status-publish","4":"format-standard","5":"has-post-thumbnail","7":"category-marseille","8":"tag-actu","9":"tag-actualites","10":"tag-eu","11":"tag-europe","12":"tag-football","13":"tag-fr","14":"tag-france","15":"tag-ligue-1","16":"tag-marseille","17":"tag-news","18":"tag-provence-alpes-cote-dazur","19":"tag-republique-francaise","20":"tag-sports"},"share_on_mastodon":{"url":"https:\/\/pubeurope.com\/@fr\/115050806275431205","error":""},"_links":{"self":[{"href":"https:\/\/www.europesays.com\/fr\/wp-json\/wp\/v2\/posts\/327451","targetHints":{"allow":["GET"]}}],"collection":[{"href":"https:\/\/www.europesays.com\/fr\/wp-json\/wp\/v2\/posts"}],"about":[{"href":"https:\/\/www.europesays.com\/fr\/wp-json\/wp\/v2\/types\/post"}],"author":[{"embeddable":true,"href":"https:\/\/www.europesays.com\/fr\/wp-json\/wp\/v2\/users\/2"}],"replies":[{"embeddable":true,"href":"https:\/\/www.europesays.com\/fr\/wp-json\/wp\/v2\/comments?post=327451"}],"version-history":[{"count":0,"href":"https:\/\/www.europesays.com\/fr\/wp-json\/wp\/v2\/posts\/327451\/revisions"}],"wp:featuredmedia":[{"embeddable":true,"href":"https:\/\/www.europesays.com\/fr\/wp-json\/wp\/v2\/media\/327452"}],"wp:attachment":[{"href":"https:\/\/www.europesays.com\/fr\/wp-json\/wp\/v2\/media?parent=327451"}],"wp:term":[{"taxonomy":"category","embeddable":true,"href":"https:\/\/www.europesays.com\/fr\/wp-json\/wp\/v2\/categories?post=327451"},{"taxonomy":"post_tag","embeddable":true,"href":"https:\/\/www.europesays.com\/fr\/wp-json\/wp\/v2\/tags?post=327451"}],"curies":[{"name":"wp","href":"https:\/\/api.w.org\/{rel}","templated":true}]}}