{"id":327453,"date":"2025-08-18T16:52:25","date_gmt":"2025-08-18T16:52:25","guid":{"rendered":"https:\/\/www.europesays.com\/fr\/327453\/"},"modified":"2025-08-18T16:52:25","modified_gmt":"2025-08-18T16:52:25","slug":"lyon-un-nouveau-quartier-avec-des-logements-sociaux-sort-de-terre-dans-ce-secteur-huppe","status":"publish","type":"post","link":"https:\/\/www.europesays.com\/fr\/327453\/","title":{"rendered":"Lyon. Un nouveau quartier avec des logements sociaux sort de terre dans ce secteur hupp\u00e9"},"content":{"rendered":"<p>            Par<br \/>\n        <strong><br \/>\n            <a href=\"https:\/\/actu.fr\/auteur\/emma-ressegaire\" title=\"Consulter tous les articles de Emma Ressegaire\" target=\"_blank\" rel=\"noopener\">Emma Ressegaire<\/a><br \/>\n        <\/strong><\/p>\n<p>        Publi\u00e9 le<\/p>\n<p>            18 ao\u00fbt 2025 \u00e0 17h56        <\/p>\n<p>Un <strong>\u00e9norme chantier est en cours<\/strong> au 8 rue Th\u00e9venet, dans le 4e arrondissement de <a href=\"https:\/\/actu.fr\/lyon\/\" target=\"_blank\" rel=\"noopener\">Lyon<\/a>. \u00c0 la place de l\u2019<a href=\"https:\/\/actu.fr\/auvergne-rhone-alpes\/lyon_69123\/lyon-l-ancien-college-et-squat-maurice-sceve-demoli-pour-faire-place-a-de-nouveaux-logements_39216870.html\" target=\"_blank\" rel=\"noopener\">ancien coll\u00e8ge Maurice Sc\u00e8ve<\/a>, se construit un grand projet immobilier compos\u00e9 de <strong>logements 100 % abordables<\/strong> (locatif et accession). <br \/>\u00ab\u00a0Un chantier embl\u00e9matique pour la m\u00e9tropole de Lyon car il avait \u00e9t\u00e9, de base, c\u00e9d\u00e9 \u00e0 un promoteur priv\u00e9\u00a0\u00bb, explique Bruno Bernard, pr\u00e9sident de la m\u00e9tropole de Lyon.\u00a0<br \/>En effet, la collectivit\u00e9, \u00e9tant propri\u00e9taire du foncier, a<strong> r\u00e9orient\u00e9 en 2021 le futur projet immobilier<\/strong>. Sous le pr\u00e9c\u00e9dent mandat, des logements priv\u00e9s (avec 30 % de logements sociaux) devaient voir le jour. \u00ab\u00a0Le 4e arrondissement de Lyon a un taux de logements sociaux faible et donc c\u2019\u00e9tait incompr\u00e9hensible quand on ma\u00eetrise le foncier de faire un projet \u00e0 70 % de logements priv\u00e9s\u00a0\u00bb, argumente le pr\u00e9sident de la m\u00e9tropole.\u00a0<\/p>\n<p>Logements 100 % abordables<\/p>\n<p class=\" wall-content\">La collectivit\u00e9 a souhait\u00e9 r\u00e9server ce site \u00e0 du logement 100 % abordable avec <strong>un tiers de logements sociaux<\/strong> et deux tiers de logements en accession sociale \u00e0 la propri\u00e9t\u00e9 via le dispositif de Bail R\u00e9el Solidaire (BRS). \u00ab\u00a0Des personnes qui n\u2019auraient jamais pu \u00eatre prioritaires de leur vie dans ce quartier vont le devenir gr\u00e2ce \u00e0 cela\u00a0\u00bb, poursuit Bruno Bernard.<\/p>\n<p class=\" wall-content\">Cette nouvelle r\u00e9sidence, qui va <strong>surplomber le Rh\u00f4ne <\/strong>et le <a href=\"https:\/\/actu.fr\/auvergne-rhone-alpes\/lyon_69123\/lyon-controverse-au-zoo-de-la-tete-d-or-c-est-dur-pour-nous-les-soigneurs-reagissent_62916994.html\" target=\"_blank\" rel=\"noopener\">parc de la T\u00eate d\u2019Or<\/a><strong>,<\/strong> est compos\u00e9e de cinq petits immeubles (comprenant 8 \u00e0 36 logements sur 2 \u00e0 5 \u00e9tages), de 67 logements en accession via le BRS (avec 35 places de parking en sous-sol), de 38 logements locatifs sociaux (avec 19 places de stationnement), de cinq locaux commerciaux et d\u2019<strong>une toute nouvelle Maison de l\u2019Enfance et de la Jeunesse<\/strong>.<\/p>\n<p class=\" wall-content\">De plus, la r\u00e9sidence va \u00e9galement b\u00e9n\u00e9ficier d\u2019un parc enrichi <strong>d\u2019un belv\u00e9d\u00e8re et d\u2019un verger<\/strong>. Un projet port\u00e9 par Grand Lyon Habitat avec Mazaud Construction et le cabinet d\u2019architecture Rue Royale.<\/p>\n<p>Donne une chance \u00e0 tous d\u2019\u00eatre propri\u00e9taire<\/p>\n<p class=\" wall-content\">Avec ce projet immobilier, l\u2019objectif est de <strong>donner une chance \u00e0 tous<\/strong> d\u2019\u00eatre propri\u00e9taire dans sa vie. \u00ab\u00a0Le prix de vente est inf\u00e9rieur \u00e0 3 600 euros du m\u00e8tre carr\u00e9 soit<strong> la moiti\u00e9<\/strong> de ce qui se fait habituellement sur le quartier de la Croix-Rousse\u00a0\u00bb, pr\u00e9cise Jean-No\u00ebl Freixinos, directeur g\u00e9n\u00e9ral de GrandLyon Habitat.<\/p>\n<p class=\" wall-content\">Ce projet immobilier s\u2019inscrit donc dans une volont\u00e9 de favoriser la mixit\u00e9 sociale \u00e0 Lyon 4e, arrondissement qui pr\u00e9sente un manque r\u00e9el de logements accessibles selon Bruno Bernard : \u00ab\u00a0On essaye de r\u00e9pondre \u00e0 la crise du logement sur le territoire et on souhaite surtout loger plus de monde de fa\u00e7on abordable sur l\u2019agglom\u00e9ration. Sur le quartier de la Croix-Rousse, le taux de logement social s\u2019\u00e9l\u00e8ve \u00e0 seulement 15 %\u00a0\u00bb.\u00a0<\/p>\n<p class=\" wall-content\">Voici <strong>quelques chiffres<\/strong> sur le profil des acqu\u00e9reurs :<\/p>\n<p>Votre r\u00e9gion, votre actu !<\/p>\n<p>Recevez chaque jour les infos qui comptent pour vous.<\/p>\n<p>\t<a href=\"https:\/\/actu.fr\/newsletter\" class=\"ac-btn ac-btn--corner ac-btn--medium ac-btn--blue800\" target=\"_blank\" rel=\"noopener\">S&rsquo;incrire<\/a><\/p>\n<ul class=\" wall-content\">\n<li>93 % seront propri\u00e9taires pour la premi\u00e8re fois de leur vie.<\/li>\n<li>58 % sont des familles dont <strong>1\/4 sont des familles monoparentales<\/strong>.\u00a0<\/li>\n<li>50 % sont des habitants de l\u2019arrondissement.<\/li>\n<li>17 % ont moins de 35 ans et l\u2019\u00e2ge moyen est de 43 ans.\u00a0<\/li>\n<li>La plupart ont des revenus modestes.<\/li>\n<\/ul>\n<p>    <img   decoding=\"async\" loading=\"lazy\" src=\"https:\/\/www.europesays.com\/fr\/wp-content\/uploads\/2025\/08\/img-9601-2-960x640.jpg\" alt=\"Le chantier est en cours. La livraison est pr\u00e9vue pour d\u00e9but 2027.\" width=\"960\" height=\"640\"\/><br \/>\n    Le chantier est en cours. La livraison est pr\u00e9vue pour d\u00e9but 2027. (\u00a9Emma Ressegaire \/ Actu Lyon)Des appartements qui se sont vite vendus<\/p>\n<p class=\" wall-content\">Pour les s\u00e9lectionner, un appel \u00e0 candidatures avait \u00e9t\u00e9 lanc\u00e9 il y a quelques mois. Et les logements se sont <strong>vendus comme des petits pains.<\/strong> \u00ab\u00a0En un mois seulement, 80 % des logements commercialis\u00e9s ont trouv\u00e9 des acheteurs\u00a0\u00bb, poursuit le directeur g\u00e9n\u00e9ral de GrandLyon Habitat.<\/p>\n<p class=\" wall-content\">Mais il va falloir encore attendre pour r\u00e9cup\u00e9rer les cl\u00e9s de leur nouveau domicile, <strong>la<\/strong> <strong>livraison \u00e9tant pr\u00e9vue pour d\u00e9but 2027<\/strong>.<\/p>\n<p class=\" wall-content\">Personnalisez votre actualit\u00e9 en ajoutant vos villes et m\u00e9dias en favori avec <a href=\"https:\/\/moncompte.actu.fr\" title=\"D\u00e9couvez Mon Actu\" rel=\"nofollow noopener\" data-trk=\"{&quot;cta&quot;:{&quot;action&quot;:&quot;https:\\\/\\\/moncompte.actu.fr&quot;,&quot;category&quot;:&quot;mon compte&quot;,&quot;from&quot;:&quot;article footer&quot;,&quot;name&quot;:&quot;Mon actu&quot;,&quot;type&quot;:&quot;cta&quot;}}\" target=\"_blank\">Mon Actu<\/a>.<\/p>\n","protected":false},"excerpt":{"rendered":"Par Emma Ressegaire Publi\u00e9 le 18 ao\u00fbt 2025 \u00e0 17h56 Un \u00e9norme chantier est en cours au 8&hellip;\n","protected":false},"author":2,"featured_media":327454,"comment_status":"","ping_status":"","sticky":false,"template":"","format":"standard","meta":{"footnotes":""},"categories":[1889],"tags":[1111,11,2430,1777,674,1011,27,1908,6459,2428,12,2922,25,104],"class_list":{"0":"post-327453","1":"post","2":"type-post","3":"status-publish","4":"format-standard","5":"has-post-thumbnail","7":"category-lyon","8":"tag-actu","9":"tag-actualites","10":"tag-auvergne-rhone-alpes","11":"tag-eu","12":"tag-europe","13":"tag-fr","14":"tag-france","15":"tag-logement","16":"tag-logements-sociaux","17":"tag-lyon","18":"tag-news","19":"tag-pouvoir-dachat","20":"tag-republique-francaise","21":"tag-societe"},"share_on_mastodon":{"url":"https:\/\/pubeurope.com\/@fr\/115050810250796092","error":""},"_links":{"self":[{"href":"https:\/\/www.europesays.com\/fr\/wp-json\/wp\/v2\/posts\/327453","targetHints":{"allow":["GET"]}}],"collection":[{"href":"https:\/\/www.europesays.com\/fr\/wp-json\/wp\/v2\/posts"}],"about":[{"href":"https:\/\/www.europesays.com\/fr\/wp-json\/wp\/v2\/types\/post"}],"author":[{"embeddable":true,"href":"https:\/\/www.europesays.com\/fr\/wp-json\/wp\/v2\/users\/2"}],"replies":[{"embeddable":true,"href":"https:\/\/www.europesays.com\/fr\/wp-json\/wp\/v2\/comments?post=327453"}],"version-history":[{"count":0,"href":"https:\/\/www.europesays.com\/fr\/wp-json\/wp\/v2\/posts\/327453\/revisions"}],"wp:featuredmedia":[{"embeddable":true,"href":"https:\/\/www.europesays.com\/fr\/wp-json\/wp\/v2\/media\/327454"}],"wp:attachment":[{"href":"https:\/\/www.europesays.com\/fr\/wp-json\/wp\/v2\/media?parent=327453"}],"wp:term":[{"taxonomy":"category","embeddable":true,"href":"https:\/\/www.europesays.com\/fr\/wp-json\/wp\/v2\/categories?post=327453"},{"taxonomy":"post_tag","embeddable":true,"href":"https:\/\/www.europesays.com\/fr\/wp-json\/wp\/v2\/tags?post=327453"}],"curies":[{"name":"wp","href":"https:\/\/api.w.org\/{rel}","templated":true}]}}