{"id":327457,"date":"2025-08-18T16:55:10","date_gmt":"2025-08-18T16:55:10","guid":{"rendered":"https:\/\/www.europesays.com\/fr\/327457\/"},"modified":"2025-08-18T16:55:10","modified_gmt":"2025-08-18T16:55:10","slug":"ca-permet-de-sevader-venus-dile-de-france-ces-fans-de-rodeo-a-moto-exasperent-un-village-de-loise","status":"publish","type":"post","link":"https:\/\/www.europesays.com\/fr\/327457\/","title":{"rendered":"\u00ab\u00a0\u00c7a permet de s\u2019\u00e9vader\u00a0\u00bb\u00a0: venus d\u2019\u00cele-de-France, ces fans de rod\u00e9o \u00e0 moto exasp\u00e8rent un village de l\u2019Oise"},"content":{"rendered":"<p class=\"paragraph text_align_left lp-f-body-02\">\u00c0 force, il s\u2019est habitu\u00e9 aux vrombissements, comme le m\u00e9lomane d\u00e9veloppe son oreille musicale. Un moteur rugit au loin. Ils arrivent. \u00ab Non, non, \u00e7a, c\u2019est une vulgaire mobylette \u00bb, coupe net Daniel Lefranc, le maire (SE) de Silly-le-Long (Oise). Quelques minutes plus tard, cette fois, il est cat\u00e9gorique. \u00ab Ce sont eux. \u00bb \u00c0 proximit\u00e9 de la N 2, deux jeunes encha\u00eenent <a href=\"https:\/\/www.leparisien.fr\/val-d-oise-95\/a-peine-ados-et-deja-accros-aux-rodeos-a-moto-cest-mon-frere-qui-ma-appris-quand-javais-9-ans-12-06-2023-AUP2QQ5ZTRALJBE4SSXECWSHQU.php\" target=\"_self\" rel=\"noopener\">les roues arri\u00e8re<\/a>, juch\u00e9s sur leur moto de cross.<\/p>\n<p class=\"paragraph text_align_left lp-f-body-02\">Depuis plusieurs ann\u00e9es, \u00e0 <a href=\"https:\/\/www.leparisien.fr\/oise-60\/silly-le-long-60330\/\" target=\"_self\" rel=\"noopener\">Silly-le-Long<\/a>, un chemin d\u00e9laiss\u00e9 par la DIR (Direction interd\u00e9partementale des routes) Nord, destin\u00e9 au passage des convois exceptionnels, est devenu le terrain d\u2019entra\u00eenement des mordus de la \u00ab bike life \u00bb, une discipline non encadr\u00e9e \u2014 malgr\u00e9 les appels du pied des pratiquants \u2014 consistant \u00e0 r\u00e9aliser des figures en deux-roues. Gr\u00e2ce au \u00ab bouche-\u00e0-oreille \u00bb et aux r\u00e9seaux sociaux, ces passionn\u00e9s se partagent le bon plan.<\/p>\n","protected":false},"excerpt":{"rendered":"\u00c0 force, il s\u2019est habitu\u00e9 aux vrombissements, comme le m\u00e9lomane d\u00e9veloppe son oreille musicale. Un moteur rugit au&hellip;\n","protected":false},"author":2,"featured_media":327458,"comment_status":"","ping_status":"","sticky":false,"template":"","format":"standard","meta":{"footnotes":""},"categories":[1592],"tags":[1111,11,1777,674,1011,27,662,1944,12,1940,626,25],"class_list":{"0":"post-327457","1":"post","2":"type-post","3":"status-publish","4":"format-standard","5":"has-post-thumbnail","7":"category-ile-de-france","8":"tag-actu","9":"tag-actualites","10":"tag-eu","11":"tag-europe","12":"tag-fr","13":"tag-france","14":"tag-ile-de-france","15":"tag-ma-ville","16":"tag-news","17":"tag-oise","18":"tag-paris","19":"tag-republique-francaise"},"share_on_mastodon":{"url":"https:\/\/pubeurope.com\/@fr\/115050822041960544","error":""},"_links":{"self":[{"href":"https:\/\/www.europesays.com\/fr\/wp-json\/wp\/v2\/posts\/327457","targetHints":{"allow":["GET"]}}],"collection":[{"href":"https:\/\/www.europesays.com\/fr\/wp-json\/wp\/v2\/posts"}],"about":[{"href":"https:\/\/www.europesays.com\/fr\/wp-json\/wp\/v2\/types\/post"}],"author":[{"embeddable":true,"href":"https:\/\/www.europesays.com\/fr\/wp-json\/wp\/v2\/users\/2"}],"replies":[{"embeddable":true,"href":"https:\/\/www.europesays.com\/fr\/wp-json\/wp\/v2\/comments?post=327457"}],"version-history":[{"count":0,"href":"https:\/\/www.europesays.com\/fr\/wp-json\/wp\/v2\/posts\/327457\/revisions"}],"wp:featuredmedia":[{"embeddable":true,"href":"https:\/\/www.europesays.com\/fr\/wp-json\/wp\/v2\/media\/327458"}],"wp:attachment":[{"href":"https:\/\/www.europesays.com\/fr\/wp-json\/wp\/v2\/media?parent=327457"}],"wp:term":[{"taxonomy":"category","embeddable":true,"href":"https:\/\/www.europesays.com\/fr\/wp-json\/wp\/v2\/categories?post=327457"},{"taxonomy":"post_tag","embeddable":true,"href":"https:\/\/www.europesays.com\/fr\/wp-json\/wp\/v2\/tags?post=327457"}],"curies":[{"name":"wp","href":"https:\/\/api.w.org\/{rel}","templated":true}]}}