{"id":327461,"date":"2025-08-18T16:57:11","date_gmt":"2025-08-18T16:57:11","guid":{"rendered":"https:\/\/www.europesays.com\/fr\/327461\/"},"modified":"2025-08-18T16:57:11","modified_gmt":"2025-08-18T16:57:11","slug":"meteo-paris-chute-des-temperatures-et-retour-de-la-pluie-cette-semaine","status":"publish","type":"post","link":"https:\/\/www.europesays.com\/fr\/327461\/","title":{"rendered":"M\u00e9t\u00e9o Paris\u00a0: chute des temp\u00e9ratures et retour de la pluie cette semaine"},"content":{"rendered":"<p><strong>Toutes les bonnes choses ont une fin <\/strong>et comme pour nous pr\u00e9parer \u00e0 la rentr\u00e9e o\u00f9 on s&rsquo;enferme \u00e0 nouveau dans des bureaux et des salles de classe, la m\u00e9t\u00e9o a d\u00e9cid\u00e9 de passer d\u2019un stade caniculaire<strong> \u00e0 des temp\u00e9ratures bien plus fra\u00eeches<\/strong> pour la saison. La cerise sur le g\u00e2teau\u00a0? <a href=\"https:\/\/www.lebonbon.fr\/paris\/les-tops-spots\/activites-pluie-paris-ete\/\" rel=\"nofollow noopener\" target=\"_blank\"><strong>Le retour de la pluie<\/strong><\/a> en prime. Bref, vous l\u2019aurez compris, cette semaine promet de nous faire \u2014 violemment \u2014\u00a0<strong>revenir \u00e0 la r\u00e9alit\u00e9<\/strong>, \u00e0 coups de gilet sur le dos et de parapluie \u00e0 la main.\u00a0<\/p>\n<p>&#13;<br \/>\n<strong><br \/>Des temp\u00e9ratures qui descendront jusqu&rsquo;\u00e0 22\u00b0C en journ\u00e9e<\/strong>&#13;<\/p>\n<p>S\u2019il y a une bonne nouvelle dans tout \u00e7a, c\u2019est que <strong>la chute des temp\u00e9ratures<\/strong> va se faire de mani\u00e8re progressive, comme l&rsquo;indique <a href=\"https:\/\/meteofrance.com\" rel=\"nofollow noopener noreferrer\" target=\"_blank\">M\u00e9t\u00e9o France<\/a>. Si <strong>28\u00b0C<\/strong> seront encore ressentis le lundi 18 ao\u00fbt en journ\u00e9e, attendez-vous \u00e0 <strong>27\u00b0C <\/strong>le mardi 19 ao\u00fbt, puis <strong>23\u00b0C <\/strong>le mercredi 20 ao\u00fbt et<strong> 22\u00b0C<\/strong> le jeudi 21 et vendredi 22 ao\u00fbt. Autant dire qu\u2019apr\u00e8s <a href=\"https:\/\/www.lebonbon.fr\/paris\/news\/rechauffement-climatique-paris-nouveau-plan-pluie\/\" rel=\"nofollow noopener\" target=\"_blank\">les 34 et 35\u00b0C ressentis quotidiennement<\/a> ces derniers jours, une perte de plus de dix degr\u00e9s risque de piquer un peu. Le week-end sera cependant un peu plus r\u00e9jouissant\u00a0: <strong>24\u00b0C <\/strong>sont attendus le samedi 23 ao\u00fbt, tandis qu\u2019une remont\u00e9e jusqu\u2019\u00e0 <strong>26\u00b0C<\/strong> devrait avoir lieu le dimanche 24 ao\u00fbt.\u00a0<\/p>\n<p>&#13;<\/p>\n<blockquote class=\"instagram-media\" data-instgrm-permalink=\"https:\/\/www.instagram.com\/p\/BppC7WMA68O\/?utm_source=ig_embed&amp;utm_campaign=loading\" data-instgrm-version=\"14\" style=\"background: #FFF; border: 0; border-radius: 3px; box-shadow: 0 0 1px 0 rgba(0,0,0,0.5),0 1px 10px 0 rgba(0,0,0,0.15); margin: 1px; max-width: 540px; min-width: 326px; padding: 0; width: calc(100% - 2px);\"><p>&#13;<br \/>\n&#13;\n<\/p><\/blockquote>\n<p>&#13;<br \/>\n&#13;<br \/>\n<br \/><strong>Un ciel mi-pluvieux, mi-ensoleill\u00e9<\/strong>&#13;<\/p>\n<p>C\u00f4t\u00e9 m\u00e9t\u00e9o, \u00e0 proprement parler, \u00e7a dit quoi\u00a0? Eh bien, \u00e7a va \u00eatre relativement variable. D\u00e8s le mardi 19 ao\u00fbt, <strong><a href=\"https:\/\/www.lebonbon.fr\/paris\/les-tops-insolite\/trucs-faire-paris-moche-pleut\/\" rel=\"nofollow noopener\" target=\"_blank\">la pluie<\/a> va faire son grand retour<\/strong> dans la capitale comme dans une majeure partie de la France d\u2019ailleurs. M\u00eame constat pour le lendemain, mercredi 20 ao\u00fbt, premier jour du <a href=\"https:\/\/www.lebonbon.fr\/paris\/festivals-et-concerts\/rock-seine-accueillera-star-americaine-son-unique-concert-france-2025\/\" rel=\"nofollow noopener\" target=\"_blank\">festival Rock en Seine<\/a>. Mais ne dit-on pas \u00ab\u00a0<strong>festival pluvieux, festival heureux<\/strong>\u00a0\u00bb\u00a0? En revanche, \u00e0 partir du jeudi 21 ao\u00fbt, place au retour du soleil, et ce, jusqu\u2019\u00e0 la fin de la semaine. Est-ce de bon augure pour la semaine qui suivra\u00a0? \u00c0 priori, il semblerait qu\u2019elle soit relativement <strong>chaude et ensoleill\u00e9e<\/strong>. Affaire \u00e0 suivre\u2026\u00a0<\/p>\n<p>&#13;<\/p>\n<blockquote class=\"instagram-media\" data-instgrm-permalink=\"https:\/\/www.instagram.com\/p\/CltH3BnOtpW\/?utm_source=ig_embed&amp;utm_campaign=loading\" data-instgrm-version=\"14\" style=\"background: #FFF; border: 0; border-radius: 3px; box-shadow: 0 0 1px 0 rgba(0,0,0,0.5),0 1px 10px 0 rgba(0,0,0,0.15); margin: 1px; max-width: 540px; min-width: 326px; padding: 0; width: calc(100% - 2px);\"><p>&#13;<br \/>\n&#13;\n<\/p><\/blockquote>\n<p>&#13;<br \/>\n<script async src=\"\/\/www.instagram.com\/embed.js\"><\/script><\/p>\n","protected":false},"excerpt":{"rendered":"Toutes les bonnes choses ont une fin et comme pour nous pr\u00e9parer \u00e0 la rentr\u00e9e o\u00f9 on s&rsquo;enferme&hellip;\n","protected":false},"author":2,"featured_media":327462,"comment_status":"","ping_status":"","sticky":false,"template":"","format":"standard","meta":{"footnotes":""},"categories":[1888],"tags":[1111,1928,11,1927,1777,674,1011,27,12,1926,626,1925,25],"class_list":{"0":"post-327461","1":"post","2":"type-post","3":"status-publish","4":"format-standard","5":"has-post-thumbnail","7":"category-paris","8":"tag-actu","9":"tag-actu-paris","10":"tag-actualites","11":"tag-actualites-paris","12":"tag-eu","13":"tag-europe","14":"tag-fr","15":"tag-france","16":"tag-news","17":"tag-news-paris","18":"tag-paris","19":"tag-paris-news","20":"tag-republique-francaise"},"share_on_mastodon":{"url":"https:\/\/pubeurope.com\/@fr\/115050829875869416","error":""},"_links":{"self":[{"href":"https:\/\/www.europesays.com\/fr\/wp-json\/wp\/v2\/posts\/327461","targetHints":{"allow":["GET"]}}],"collection":[{"href":"https:\/\/www.europesays.com\/fr\/wp-json\/wp\/v2\/posts"}],"about":[{"href":"https:\/\/www.europesays.com\/fr\/wp-json\/wp\/v2\/types\/post"}],"author":[{"embeddable":true,"href":"https:\/\/www.europesays.com\/fr\/wp-json\/wp\/v2\/users\/2"}],"replies":[{"embeddable":true,"href":"https:\/\/www.europesays.com\/fr\/wp-json\/wp\/v2\/comments?post=327461"}],"version-history":[{"count":0,"href":"https:\/\/www.europesays.com\/fr\/wp-json\/wp\/v2\/posts\/327461\/revisions"}],"wp:featuredmedia":[{"embeddable":true,"href":"https:\/\/www.europesays.com\/fr\/wp-json\/wp\/v2\/media\/327462"}],"wp:attachment":[{"href":"https:\/\/www.europesays.com\/fr\/wp-json\/wp\/v2\/media?parent=327461"}],"wp:term":[{"taxonomy":"category","embeddable":true,"href":"https:\/\/www.europesays.com\/fr\/wp-json\/wp\/v2\/categories?post=327461"},{"taxonomy":"post_tag","embeddable":true,"href":"https:\/\/www.europesays.com\/fr\/wp-json\/wp\/v2\/tags?post=327461"}],"curies":[{"name":"wp","href":"https:\/\/api.w.org\/{rel}","templated":true}]}}