{"id":327472,"date":"2025-08-18T17:03:25","date_gmt":"2025-08-18T17:03:25","guid":{"rendered":"https:\/\/www.europesays.com\/fr\/327472\/"},"modified":"2025-08-18T17:03:25","modified_gmt":"2025-08-18T17:03:25","slug":"charles-iii-ce-privilege-royal-quil-est-le-seul-a-posseder-au-royaume-uni","status":"publish","type":"post","link":"https:\/\/www.europesays.com\/fr\/327472\/","title":{"rendered":"Charles III : ce privil\u00e8ge royal qu&rsquo;il est le seul \u00e0 poss\u00e9der au Royaume-Uni"},"content":{"rendered":"<p>Depuis plus d\u2019un an, le roi Charles III affronte un cancer tout en poursuivant ses engagements officiels. Entre traitements m\u00e9dicaux et voyages diplomatiques, le souverain de 76 ans continue d\u2019assurer son r\u00f4le. Derri\u00e8re ce combat se cache tout de m\u00eame un privil\u00e8ge \u00e9tonnant&#8230;<\/p>\n<p>Depuis plus d\u2019un an,<strong> le roi Charles III affronte <\/strong><a href=\"https:\/\/www.voici.fr\/celebrites\/charles-iii-atteint-d-un-cancer-pourquoi-le-roi-ne-peut-pas-resider-a-buckingham-palace-806418\" target=\"_blank\" rel=\"noopener\"><strong>une \u00e9preuve qui a boulevers\u00e9 son r\u00e8gne<\/strong><\/a>. En janvier 2024, le monarque annon\u00e7ait devoir subir une <strong>op\u00e9ration pour hypertrophie b\u00e9nigne de la prostate<\/strong> \u00e0 la London Clinic. Une intervention banale sur le papier, mais qui a marqu\u00e9 un tournant. Lors de son hospitalisation, <a href=\"https:\/\/www.voici.fr\/news-people\/ca-fait-partie-des-choses-de-la-vie-les-premieres-confidences-en-public-de-charles-iii-sur-son-cancer-808632\" target=\"_blank\" rel=\"noopener\">les m\u00e9decins ont d\u00e9couvert un cancer<\/a>, obligeant le souverain \u00e0 adapter son emploi du temps et \u00e0 lever le voile sur sa sant\u00e9, un sujet longtemps tabou au palais.<\/p>\n<p>Quelques mois plus tard, c\u2019est un v\u00e9ritable s\u00e9isme qui secouait Buckingham : <strong>Kate Middleton<\/strong> <strong>r\u00e9v\u00e9lait \u00e0 son tour \u00eatre atteinte d\u2019un cancer.<\/strong> En mars 2024, la princesse de Galles expliquait qu\u2019elle suivait une chimioth\u00e9rapie pr\u00e9ventive apr\u00e8s la d\u00e9couverte de cellules canc\u00e9reuses. Son traitement s\u2019est achev\u00e9 en septembre 2024, et elle a pu annoncer une r\u00e9mission au mois de janvier dernier.<\/p>\n<p>                                                                        Le roi Charles III multiplie les apparitions malgr\u00e9 son cancer<\/p>\n<p>Malgr\u00e9 son \u00e9tat de sant\u00e9,<a href=\"https:\/\/www.voici.fr\/news-people\/charles-iii-atteint-dun-cancer-oui-sa-maladie-est-incurable-mais-il-y-a-pourtant-une-bonne-nouvelle-807845\" target=\"_blank\" rel=\"noopener\"><strong> Charles III n\u2019a pas choisi la retraite, bien au contraire<\/strong><\/a>. D\u00e8s le printemps 2024,<a href=\"https:\/\/www.voici.fr\/royaute\/camilla-parker-bowles-emue-la-femme-du-prince-charles-iii-fond-en-larmes-lors-des-commemorations-du-vj-day-809813\" target=\"_blank\" rel=\"noopener\"> il reprenait ses apparitions publiques<\/a>, dosant ses efforts mais multipliant les gestes symboliques. On l\u2019a vu \u00e0 Trooping the Colour, aux c\u00e9r\u00e9monies de P\u00e2ques, puis aux c\u00f4t\u00e9s d&rsquo;Emmanuel Macron le mois dernier, incarnant toujours la continuit\u00e9 de la Couronne. Cette volont\u00e9 de rester pr\u00e9sent, m\u00eame affaibli, a renforc\u00e9 l\u2019image d\u2019un roi tenace, d\u00e9cid\u00e9 \u00e0 assumer son r\u00f4le malgr\u00e9 la maladie. Mais derri\u00e8re ces voyages se cache aussi un d\u00e9tail surprenant. En effet, le roi b\u00e9n\u00e9ficie d\u2019un privil\u00e8ge qu\u2019aucun autre Britannique ne poss\u00e8de.<\/p>\n<p>Comme l\u2019a rappel\u00e9 The Mirror ce 17 ao\u00fbt, <strong>Charles III n\u2019a ni passeport, ni permis de conduire<\/strong>. Le souverain peut donc voyager \u00e0 travers le monde ou prendre le volant sans jamais avoir \u00e0 pr\u00e9senter de papiers d\u2019identit\u00e9. \u00ab\u00a0Le roi Charles n\u2019a pas de passeport ni de permis de conduire et peut toujours voyager librement dans le monde entier\u00a0\u00bb, pr\u00e9cise le m\u00e9dia. Ce privil\u00e8ge n\u2019est r\u00e9serv\u00e9 qu\u2019\u00e0 lui. <strong>Tous les autres membres de la famille royale doivent, eux, voyager avec un passeport en r\u00e8gle. <\/strong><\/p>\n","protected":false},"excerpt":{"rendered":"Depuis plus d\u2019un an, le roi Charles III affronte un cancer tout en poursuivant ses engagements officiels. Entre&hellip;\n","protected":false},"author":2,"featured_media":327473,"comment_status":"","ping_status":"","sticky":false,"template":"","format":"standard","meta":{"footnotes":""},"categories":[1588],"tags":[11,101,46337,1777,674,5860,5861,5858,12,553,473,1853,8755,1851,1850,1852],"class_list":{"0":"post-327472","1":"post","2":"type-post","3":"status-publish","4":"format-standard","5":"has-post-thumbnail","7":"category-royaume-uni","8":"tag-actualites","9":"tag-cancer","10":"tag-charles-dangleterre","11":"tag-eu","12":"tag-europe","13":"tag-famille-royale-dangleterre","14":"tag-gotha","15":"tag-kate-middleton","16":"tag-news","17":"tag-roi","18":"tag-royaume-uni","19":"tag-royaume-uni-de-grande-bretagne-et-dirlande-du-nord","20":"tag-santu00e9","21":"tag-uk","22":"tag-united-kingdom","23":"tag-united-kingdom-of-great-britain-and-northern-ireland"},"share_on_mastodon":{"url":"https:\/\/pubeurope.com\/@fr\/115050853483998036","error":""},"_links":{"self":[{"href":"https:\/\/www.europesays.com\/fr\/wp-json\/wp\/v2\/posts\/327472","targetHints":{"allow":["GET"]}}],"collection":[{"href":"https:\/\/www.europesays.com\/fr\/wp-json\/wp\/v2\/posts"}],"about":[{"href":"https:\/\/www.europesays.com\/fr\/wp-json\/wp\/v2\/types\/post"}],"author":[{"embeddable":true,"href":"https:\/\/www.europesays.com\/fr\/wp-json\/wp\/v2\/users\/2"}],"replies":[{"embeddable":true,"href":"https:\/\/www.europesays.com\/fr\/wp-json\/wp\/v2\/comments?post=327472"}],"version-history":[{"count":0,"href":"https:\/\/www.europesays.com\/fr\/wp-json\/wp\/v2\/posts\/327472\/revisions"}],"wp:featuredmedia":[{"embeddable":true,"href":"https:\/\/www.europesays.com\/fr\/wp-json\/wp\/v2\/media\/327473"}],"wp:attachment":[{"href":"https:\/\/www.europesays.com\/fr\/wp-json\/wp\/v2\/media?parent=327472"}],"wp:term":[{"taxonomy":"category","embeddable":true,"href":"https:\/\/www.europesays.com\/fr\/wp-json\/wp\/v2\/categories?post=327472"},{"taxonomy":"post_tag","embeddable":true,"href":"https:\/\/www.europesays.com\/fr\/wp-json\/wp\/v2\/tags?post=327472"}],"curies":[{"name":"wp","href":"https:\/\/api.w.org\/{rel}","templated":true}]}}