{"id":327478,"date":"2025-08-18T17:06:16","date_gmt":"2025-08-18T17:06:16","guid":{"rendered":"https:\/\/www.europesays.com\/fr\/327478\/"},"modified":"2025-08-18T17:06:16","modified_gmt":"2025-08-18T17:06:16","slug":"le-recyclage-des-batteries-electriques-devient-obligatoire-a-partir-de-ce-lundi","status":"publish","type":"post","link":"https:\/\/www.europesays.com\/fr\/327478\/","title":{"rendered":"Le recyclage des batteries \u00e9lectriques devient obligatoire \u00e0 partir de ce lundi"},"content":{"rendered":"<p><strong>Nouvelles r\u00e8gles &#8211; Pour r\u00e9duire l\u2019importation de m\u00e9taux critiques et \u00e9viter la p\u00e9nurie, un nouveau r\u00e8glement entr\u00e9 en vigueur ce lundi rend obligatoire le recyclage de toutes les batteries \u00e9lectriques dans l\u2019Union europ\u00e9enne<\/strong><\/p>\n<p>La mesure se veut \u00e9cologique pour r\u00e9duire l\u2019empreinte environnementale <a href=\"https:\/\/www.20minutes.fr\/dossier\/batterie?at_medium=RSS%20feed&amp;at_campaign=ynews&amp;utm_source=yahoo&amp;utm_medium=rss&amp;utm_campaign=news_feed&amp;utm_content=in_article_link\" rel=\"nofollow noopener\" target=\"_blank\" data-ylk=\"slk:des batteries;elm:context_link;itc:0;sec:content-canvas\" class=\"link \">des batteries<\/a>, mais aussi strat\u00e9gique afin de r\u00e9cup\u00e9rer et de valoriser les m\u00e9taux critiques pour \u00e9viter une p\u00e9nurie. Depuis ce lundi 18\u00a0ao\u00fbt, le recyclage des batteries <a href=\"https:\/\/www.20minutes.fr\/dossier\/voiture-electrique?at_medium=RSS%20feed&amp;at_campaign=ynews&amp;utm_source=yahoo&amp;utm_medium=rss&amp;utm_campaign=news_feed&amp;utm_content=in_article_link\" rel=\"nofollow noopener\" target=\"_blank\" data-ylk=\"slk:des v\u00e9hicules \u00e9lectriques;elm:context_link;itc:0;sec:content-canvas\" class=\"link \">des v\u00e9hicules \u00e9lectriques<\/a> est d\u00e9sormais obligatoire en France et dans tous les pays de l\u2019Union europ\u00e9enne.<\/p>\n<p>Entr\u00e9 progressivement en application depuis f\u00e9vrier\u00a02024, ce nouveau r\u00e8glement impose donc aux fabricants et vendeurs de voitures, v\u00e9los et trottinettes \u00e9lectriques de financer la collecte et <a href=\"https:\/\/www.20minutes.fr\/planete\/recyclage\/?at_medium=RSS%20feed&amp;at_campaign=ynews&amp;utm_source=yahoo&amp;utm_medium=rss&amp;utm_campaign=news_feed&amp;utm_content=in_article_link\" rel=\"nofollow noopener\" target=\"_blank\" data-ylk=\"slk:le recyclage;elm:context_link;itc:0;sec:content-canvas\" class=\"link \">le recyclage<\/a> de ces batteries suivant le principe de la REP, la responsabilit\u00e9 \u00e9largie du producteur. Jusqu\u2019\u00e0 pr\u00e9sent, cette obligation ne concernait que les petites batteries portables des t\u00e9l\u00e9phones, ordinateurs et autres appareils \u00e9lectroniques.<\/p>\n<p>Un passeport num\u00e9rique pour les batteries en\u00a02027<\/p>\n<p>Concr\u00e8tement, les fabricants pourront eux-m\u00eames organiser leur propre fili\u00e8re de recyclage ou confier la t\u00e2che \u00e0 des \u00e9co-organismes en les finan\u00e7ant. En France, trois structures ont obtenu un agr\u00e9ment du Gouvernement pour cette mission de recyclage avec Ecosystem, Batribox et Recycler mon v\u00e9hicule.<\/p>\n<p>A compter du 18\u00a0f\u00e9vrier 2027, cette r\u00e9glementation se renforcera encore puisque toutes les batteries de v\u00e9hicules \u00e9lectriques, de transports l\u00e9gers et industrielles d\u2019une capacit\u00e9 sup\u00e9rieure \u00e0 2 kWh devront disposer d\u2019un passeport num\u00e9rique afin de suivre l\u2019origine, l\u2019empreinte carbone et l\u2019\u00e9tat de sant\u00e9 de ces batteries depuis leur production jusqu\u2019\u00e0 leur (&#8230;)<\/p>\n<p><a href=\"https:\/\/www.20minutes.fr\/planete\/4168422-20250818-ue-recyclage-batteries-electriques-devient-obligatoire-partir-lundi?at_medium=RSS%20feed&amp;at_campaign=ynews&amp;utm_source=yahoo&amp;utm_medium=rss&amp;utm_campaign=news_feed&amp;utm_content=read_more_link&quot;\" rel=\"nofollow noopener\" target=\"_blank\" data-ylk=\"slk:Lire la suite sur 20minutes;elm:context_link;itc:0;sec:content-canvas\" class=\"link \">Lire la suite sur 20minutes<\/a><\/p>\n<p>\u00c0 lire aussi :<br \/><a href=\"https:\/\/www.20minutes.fr\/economie\/4147008-20250404-batteries-voitures-electriques-usines-francaises-vont-avant-malgre-secteur-plein-doute?at_medium=RSS%20feed&amp;at_campaign=ynews&amp;utm_source=yahoo&amp;utm_medium=rss&amp;utm_campaign=news_feed&amp;utm_content=related_content_link\" rel=\"nofollow noopener\" target=\"_blank\" data-ylk=\"slk:Voitures \u00e9lectriques\u00a0: Les usines fran\u00e7aises de batteries vont de l\u2019avant, malgr\u00e9 un secteur en plein doute;elm:context_link;itc:0;sec:content-canvas\" class=\"link \">Voitures \u00e9lectriques\u00a0: Les usines fran\u00e7aises de batteries vont de l\u2019avant, malgr\u00e9 un secteur en plein doute<\/a><br \/><a href=\"https:\/\/www.20minutes.fr\/auto\/4165982-20250730-premiere-batterie-solide-europe-signee-mg?at_medium=RSS%20feed&amp;at_campaign=ynews&amp;utm_source=yahoo&amp;utm_medium=rss&amp;utm_campaign=news_feed&amp;utm_content=related_content_link\" rel=\"nofollow noopener\" target=\"_blank\" data-ylk=\"slk:Voiture \u00e9lectrique\u00a0: la premi\u00e8re batterie solide en Europe sera sign\u00e9e MG;elm:context_link;itc:0;sec:content-canvas\" class=\"link \">Voiture \u00e9lectrique\u00a0: la premi\u00e8re batterie solide en Europe sera sign\u00e9e MG<\/a><\/p>\n","protected":false},"excerpt":{"rendered":"Nouvelles r\u00e8gles &#8211; Pour r\u00e9duire l\u2019importation de m\u00e9taux critiques et \u00e9viter la p\u00e9nurie, un nouveau r\u00e8glement entr\u00e9 en&hellip;\n","protected":false},"author":2,"featured_media":327479,"comment_status":"","ping_status":"","sticky":false,"template":"","format":"standard","meta":{"footnotes":""},"categories":[1586],"tags":[11,1777,674,1779,1011,27,12,46435,3887,25,1778,364,9983],"class_list":{"0":"post-327478","1":"post","2":"type-post","3":"status-publish","4":"format-standard","5":"has-post-thumbnail","7":"category-europe","8":"tag-actualites","9":"tag-eu","10":"tag-europe","11":"tag-european-union","12":"tag-fr","13":"tag-france","14":"tag-news","15":"tag-nouveau-reglement","16":"tag-recyclage","17":"tag-republique-francaise","18":"tag-ue","19":"tag-union-europeenne","20":"tag-vehicules-electriques"},"share_on_mastodon":{"url":"https:\/\/pubeurope.com\/@fr\/115050865261293064","error":""},"_links":{"self":[{"href":"https:\/\/www.europesays.com\/fr\/wp-json\/wp\/v2\/posts\/327478","targetHints":{"allow":["GET"]}}],"collection":[{"href":"https:\/\/www.europesays.com\/fr\/wp-json\/wp\/v2\/posts"}],"about":[{"href":"https:\/\/www.europesays.com\/fr\/wp-json\/wp\/v2\/types\/post"}],"author":[{"embeddable":true,"href":"https:\/\/www.europesays.com\/fr\/wp-json\/wp\/v2\/users\/2"}],"replies":[{"embeddable":true,"href":"https:\/\/www.europesays.com\/fr\/wp-json\/wp\/v2\/comments?post=327478"}],"version-history":[{"count":0,"href":"https:\/\/www.europesays.com\/fr\/wp-json\/wp\/v2\/posts\/327478\/revisions"}],"wp:featuredmedia":[{"embeddable":true,"href":"https:\/\/www.europesays.com\/fr\/wp-json\/wp\/v2\/media\/327479"}],"wp:attachment":[{"href":"https:\/\/www.europesays.com\/fr\/wp-json\/wp\/v2\/media?parent=327478"}],"wp:term":[{"taxonomy":"category","embeddable":true,"href":"https:\/\/www.europesays.com\/fr\/wp-json\/wp\/v2\/categories?post=327478"},{"taxonomy":"post_tag","embeddable":true,"href":"https:\/\/www.europesays.com\/fr\/wp-json\/wp\/v2\/tags?post=327478"}],"curies":[{"name":"wp","href":"https:\/\/api.w.org\/{rel}","templated":true}]}}