{"id":327493,"date":"2025-08-18T17:16:10","date_gmt":"2025-08-18T17:16:10","guid":{"rendered":"https:\/\/www.europesays.com\/fr\/327493\/"},"modified":"2025-08-18T17:16:10","modified_gmt":"2025-08-18T17:16:10","slug":"revolution-f1-2026-seuls-les-pilotes-les-plus-intelligents-sont-ils-prets-pour-le-defi-electrisant","status":"publish","type":"post","link":"https:\/\/www.europesays.com\/fr\/327493\/","title":{"rendered":"R\u00e9volution F1 2026 : Seuls les pilotes les plus intelligents sont-ils pr\u00eats pour le d\u00e9fi \u00e9lectrisant ?"},"content":{"rendered":"<p>La Formule 1 est \u00e0 l\u2019aube d\u2019un changement sismique en 2026, et les enjeux n\u2019ont jamais \u00e9t\u00e9 aussi \u00e9lev\u00e9s ! Alors que de nouvelles r\u00e9glementations r\u00e9volutionnaires sont sur le point de transformer l\u2019essence m\u00eame de la course, les pilotes doivent se pr\u00e9parer non seulement \u00e0 courir, mais \u00e0 surpasser leurs concurrents comme jamais auparavant.<\/p>\n<p>Dans une d\u00e9claration audacieuse, le pilote de Williams, Alex Albon, a soulign\u00e9 que les pilotes les plus intelligents\u2014ceux qui peuvent \u00ab abuser du syst\u00e8me \u00bb\u2014s\u2019\u00e9panouiront au milieu de ces changements radicaux. Les r\u00e8gles \u00e0 venir sont pr\u00eates \u00e0 \u00e9lever le r\u00f4le de l\u2019acuit\u00e9 mentale en Formule 1, marquant un d\u00e9part par rapport \u00e0 l\u2019accent traditionnel mis sur la vitesse brute et les comp\u00e9tences de conduite.<\/p>\n<p>Pr\u00e9parez-vous \u00e0 un changement de jeu ! Avec un saut significatif vers une \u00e9lectrification accrue des syst\u00e8mes de groupes motopropulseurs hybrides, les r\u00e9glementations de 2026 introduiront une a\u00e9rodynamique active et mettront fin aux r\u00e8gles de l\u2019effet de sol en vigueur depuis longtemps. Cela signifie que, bien que les temps au tour ne chutent pas de mani\u00e8re spectaculaire, les caract\u00e9ristiques de maniabilit\u00e9 des voitures changeront consid\u00e9rablement, exigeant un nouveau niveau d\u2019adaptabilit\u00e9 de la part des pilotes. Albon a r\u00e9v\u00e9l\u00e9 que les premiers tests dans les simulateurs d\u2019\u00e9quipe ont laiss\u00e9 de nombreux pilotes peu enthousiastes quant \u00e0 la fa\u00e7on dont les nouvelles machines se comportent.<\/p>\n<p>\u00ab La charge sur le pilote, mentalement, est \u00e9lev\u00e9e \u00bb, a expliqu\u00e9 Albon. \u00ab Il est crucial de ma\u00eetriser la gestion du moteur et d\u2019apprendre un tout nouveau style de conduite. \u00bb Alors que la F1 transitionne vers un mod\u00e8le de groupe motopropulseur qui divise l\u2019utilisation de l\u2019\u00e9nergie entre le moteur \u00e0 combustion interne et les \u00e9l\u00e9ments hybrides, les pilotes seront confront\u00e9s \u00e0 des d\u00e9fis sans pr\u00e9c\u00e9dent en mati\u00e8re de d\u00e9ploiement d\u2019\u00e9nergie.<\/p>\n<p>La pression mentale est r\u00e9elle ! Albon avertit que les pilotes qui excelleront seront ceux capables de maintenir leur concentration tout en ma\u00eetrisant les subtilit\u00e9s des nouveaux syst\u00e8mes. \u201cVous devez \u00eatre adaptable et ouvert d\u2019esprit,\u201d souligne-t-il. \u201cCeux qui comprennent comment conduire ces voitures efficacement trouveront des performances d\u2019une mani\u00e8re que nous n\u2019avons jamais vue auparavant.\u201d<\/p>\n<p>Fini le temps de simplement naviguer dans les virages ; maintenant, la pens\u00e9e strat\u00e9gique sera essentielle alors que les pilotes naviguent dans les complexit\u00e9s de leurs unit\u00e9s de puissance. \u201cCe ne sera pas seulement une question de vitesse dans un virage,\u201d affirme Albon. \u201cLes pilotes intelligents qui peuvent manipuler le syst\u00e8me auront un avantage significatif.\u201d<\/p>\n<p>Comme si cela ne suffisait pas, Albon \u00e9tablit une comparaison provocante avec la Formule E, qui exige des comp\u00e9tences extr\u00eames en gestion d\u2019\u00e9nergie de ses pilotes. Bien qu\u2019il reconnaisse que la F1 se rapproche de la s\u00e9rie enti\u00e8rement \u00e9lectrique, il soutient que les styles de conduite ne divergeront pas de mani\u00e8re drastique\u2014du moins pas encore. \u201cNous n\u2019allons pas avoir de longues s\u00e9ances de lev\u00e9e et de glisse comme en Formule E,\u201d a-t-il not\u00e9, tout en reconnaissant que l\u2019\u00e9volution de la F1 pourrait s\u2019inspirer de son homologue \u00e9lectrisant.<\/p>\n<p>La prochaine pause hivernale ne sera pas le r\u00e9pit tranquille que les pilotes ont connu les ann\u00e9es pr\u00e9c\u00e9dentes. Albon pr\u00e9dit une intersaison \u00e9prouvante remplie de travail sur simulateur et de pr\u00e9paration intensive pour s\u2019adapter aux nouvelles exigences de 2026. \u201cNos pauses hivernales ne seront pas aussi d\u00e9contract\u00e9es,\u201d a-t-il dit avec un sourire complice, pr\u00e9voyant une nouvelle \u00e8re d\u2019entra\u00eenement qui se concentrera fortement sur la ma\u00eetrise de ces syst\u00e8mes avanc\u00e9s.<\/p>\n<p>Alors que la Formule 1 se pr\u00e9pare pour cette transformation monumentale, l\u2019avenir de la course semble plus palpitant et mentalement \u00e9prouvant que jamais. Pr\u00e9parez-vous \u00e0 assister \u00e0 une bataille d\u2019esprit alors que les pilotes les plus intelligents se hisseront au sommet dans ce nouveau chapitre \u00e9lectrisant de l\u2019histoire de la F1 !<\/p>\n","protected":false},"excerpt":{"rendered":"La Formule 1 est \u00e0 l\u2019aube d\u2019un changement sismique en 2026, et les enjeux n\u2019ont jamais \u00e9t\u00e9 aussi&hellip;\n","protected":false},"author":2,"featured_media":327494,"comment_status":"","ping_status":"","sticky":false,"template":"","format":"standard","meta":{"footnotes":""},"categories":[1412],"tags":[46436,34163,42667,1451,1452,1453,1454,1455,1011,27,60],"class_list":{"0":"post-327493","1":"post","2":"type-post","3":"status-publish","4":"format-standard","5":"has-post-thumbnail","7":"category-f1","8":"tag-1994-formula-1-season","9":"tag-alex-albon","10":"tag-amari-williams","11":"tag-f1","12":"tag-formula-1","13":"tag-formula1","14":"tag-formule-1","15":"tag-formule1","16":"tag-fr","17":"tag-france","18":"tag-sports"},"share_on_mastodon":{"url":"https:\/\/pubeurope.com\/@fr\/115050905019398532","error":""},"_links":{"self":[{"href":"https:\/\/www.europesays.com\/fr\/wp-json\/wp\/v2\/posts\/327493","targetHints":{"allow":["GET"]}}],"collection":[{"href":"https:\/\/www.europesays.com\/fr\/wp-json\/wp\/v2\/posts"}],"about":[{"href":"https:\/\/www.europesays.com\/fr\/wp-json\/wp\/v2\/types\/post"}],"author":[{"embeddable":true,"href":"https:\/\/www.europesays.com\/fr\/wp-json\/wp\/v2\/users\/2"}],"replies":[{"embeddable":true,"href":"https:\/\/www.europesays.com\/fr\/wp-json\/wp\/v2\/comments?post=327493"}],"version-history":[{"count":0,"href":"https:\/\/www.europesays.com\/fr\/wp-json\/wp\/v2\/posts\/327493\/revisions"}],"wp:featuredmedia":[{"embeddable":true,"href":"https:\/\/www.europesays.com\/fr\/wp-json\/wp\/v2\/media\/327494"}],"wp:attachment":[{"href":"https:\/\/www.europesays.com\/fr\/wp-json\/wp\/v2\/media?parent=327493"}],"wp:term":[{"taxonomy":"category","embeddable":true,"href":"https:\/\/www.europesays.com\/fr\/wp-json\/wp\/v2\/categories?post=327493"},{"taxonomy":"post_tag","embeddable":true,"href":"https:\/\/www.europesays.com\/fr\/wp-json\/wp\/v2\/tags?post=327493"}],"curies":[{"name":"wp","href":"https:\/\/api.w.org\/{rel}","templated":true}]}}