{"id":327497,"date":"2025-08-18T17:18:10","date_gmt":"2025-08-18T17:18:10","guid":{"rendered":"https:\/\/www.europesays.com\/fr\/327497\/"},"modified":"2025-08-18T17:18:10","modified_gmt":"2025-08-18T17:18:10","slug":"pierre-sage-drague-un-attaquant-de-premier-league-a-9-me","status":"publish","type":"post","link":"https:\/\/www.europesays.com\/fr\/327497\/","title":{"rendered":"Pierre Sage drague un attaquant de Premier League \u00e0 9 M\u20ac"},"content":{"rendered":"<p>Il y a quelques jours, <a href=\"https:\/\/www.dailymercato.com\/news\/mercato-rc-lens-thauvin-va-signer-leca-frappe-un-grand-coup\" rel=\"nofollow noopener\" target=\"_blank\">le Racing Club de Lens a fait parler de lui en s&rsquo;offrant un champion du monde fran\u00e7ais, Florian Thauvin<\/a>. Une bonne nouvelle pour un groupe art\u00e9sien qui a perdu pas mal d&rsquo;exp\u00e9rience ces derniers mois.\u00a0<\/p>\n<p>La d\u00e9faite du week-end dernier face \u00e0 l&rsquo;OL (0-1) pour le coup d&rsquo;envoi de la <a href=\"https:\/\/www.dailymercato.com\/ligue-1\" rel=\"nofollow noopener\" target=\"_blank\">Ligue 1<\/a> version 2025\/2026 a soulign\u00e9 quelques carences. Notamment le manque d&rsquo;un v\u00e9ritable avant-centre. Un souci qui pourrait \u00eatre r\u00e9gl\u00e9 dans les jours \u00e0 venir.\u00a0<\/p>\n<blockquote class=\"twitter-tweet\"><p>&#13;<\/p>\n<p dir=\"ltr\" lang=\"fr\">Pas pr le poste d\u2019attaquant (9), Lens r\u00e9fl\u00e9ch\u00eet \u00e0 Abdallah Sima !! <\/p>\n<p>Faut all\u00e9ger la masse salariale. <a href=\"https:\/\/twitter.com\/hashtag\/RCLens?src=hash&amp;ref_src=twsrc%5Etfw\" rel=\"nofollow noopener\" target=\"_blank\">#RCLens<\/a><\/p>\n<p>&#13;<br \/>\n\u2014 Mohamed TOUBACHE-TER (@MohamedTERParis) <a href=\"https:\/\/twitter.com\/MohamedTERParis\/status\/1957087496694554812?ref_src=twsrc%5Etfw\" rel=\"nofollow noopener\" target=\"_blank\">August 17, 2025<\/a><\/p><\/blockquote>\n<p>Le RC Lens pr\u00eat \u00e0 relancer un ancien de Ligue 1<\/p>\n<p>Comme l&rsquo;indique Mohamed Toubache-TER, le Racing Club de Lens cherche actuellement \u00e0 all\u00e9ger sa masse salariale. <a href=\"https:\/\/www.dailymercato.com\/news\/mercato-rc-lens-joseph-oughourlian-a-fixe-le-prix-pour-andy-diouf\" rel=\"nofollow noopener\" target=\"_blank\">Andy Diouf et Angelo Fulgini \u00e9tant susceptibles d&rsquo;\u00eatre vendus tr\u00e8s prochainement<\/a>. Ceci, dans le but de recruter un nouveau num\u00e9ro 9.<\/p>\n<p>Notre confr\u00e8re indique que les Sang et Or songeraient \u00e0 rapatrier Abdallah Sima. L&rsquo;ailier gauche international s\u00e9n\u00e9galais de 24 ans, capable de jouer dans l&rsquo;axe, du haut de son m\u00e8tre 88, sort d&rsquo;une saison de Ligue 1 avec Brest. En difficult\u00e9 \u00e0 <a href=\"https:\/\/www.dailymercato.com\/club\/brighton-hove-albion-fc-48\" rel=\"nofollow noopener\" target=\"_blank\">Brighton<\/a>, en Premier League, il pourrait revenir en France, pour de bon, \u00e0 un an du terme de son contrat. D\u00e9nouement imminent.\u00a0<\/p>\n<p>Nordiste pure souche, qui pr\u00e9f\u00e8re un bon match de National avec l&rsquo;USBCO \u00e0 la rivalit\u00e9 entre le RC Lens et le LOSC. Fan des grosses ambiances avant tout, de l&rsquo;ASSE \u00e0 l&rsquo;OM en passant par Strasbourg. Aux armes !<\/p>\n<p>            <script async src=\"https:\/\/platform.twitter.com\/widgets.js\" charset=\"utf-8\"><\/script><\/p>\n","protected":false},"excerpt":{"rendered":"Il y a quelques jours, le Racing Club de Lens a fait parler de lui en s&rsquo;offrant un&hellip;\n","protected":false},"author":2,"featured_media":327498,"comment_status":"","ping_status":"","sticky":false,"template":"","format":"standard","meta":{"footnotes":""},"categories":[1410],"tags":[63,1011,27,60],"class_list":{"0":"post-327497","1":"post","2":"type-post","3":"status-publish","4":"format-standard","5":"has-post-thumbnail","7":"category-football","8":"tag-football","9":"tag-fr","10":"tag-france","11":"tag-sports"},"share_on_mastodon":{"url":"https:\/\/pubeurope.com\/@fr\/115050912394809771","error":""},"_links":{"self":[{"href":"https:\/\/www.europesays.com\/fr\/wp-json\/wp\/v2\/posts\/327497","targetHints":{"allow":["GET"]}}],"collection":[{"href":"https:\/\/www.europesays.com\/fr\/wp-json\/wp\/v2\/posts"}],"about":[{"href":"https:\/\/www.europesays.com\/fr\/wp-json\/wp\/v2\/types\/post"}],"author":[{"embeddable":true,"href":"https:\/\/www.europesays.com\/fr\/wp-json\/wp\/v2\/users\/2"}],"replies":[{"embeddable":true,"href":"https:\/\/www.europesays.com\/fr\/wp-json\/wp\/v2\/comments?post=327497"}],"version-history":[{"count":0,"href":"https:\/\/www.europesays.com\/fr\/wp-json\/wp\/v2\/posts\/327497\/revisions"}],"wp:featuredmedia":[{"embeddable":true,"href":"https:\/\/www.europesays.com\/fr\/wp-json\/wp\/v2\/media\/327498"}],"wp:attachment":[{"href":"https:\/\/www.europesays.com\/fr\/wp-json\/wp\/v2\/media?parent=327497"}],"wp:term":[{"taxonomy":"category","embeddable":true,"href":"https:\/\/www.europesays.com\/fr\/wp-json\/wp\/v2\/categories?post=327497"},{"taxonomy":"post_tag","embeddable":true,"href":"https:\/\/www.europesays.com\/fr\/wp-json\/wp\/v2\/tags?post=327497"}],"curies":[{"name":"wp","href":"https:\/\/api.w.org\/{rel}","templated":true}]}}