{"id":327501,"date":"2025-08-18T17:20:23","date_gmt":"2025-08-18T17:20:23","guid":{"rendered":"https:\/\/www.europesays.com\/fr\/327501\/"},"modified":"2025-08-18T17:20:23","modified_gmt":"2025-08-18T17:20:23","slug":"montaut-les-creneaux-sophie-dardenne-expose-ses-animaux-saisissants-a-la-galerie-cap-montaut","status":"publish","type":"post","link":"https:\/\/www.europesays.com\/fr\/327501\/","title":{"rendered":"Montaut-les-Cr\u00e9neaux. Sophie Dardenne expose ses animaux saisissants \u00e0 la galerie CAP Montaut"},"content":{"rendered":"<p>La galerie CAP Montaut, toujours dans sa d\u00e9marche culture, art et patrimoine, fait de Montaut-les-Cr\u00e9neaux une destination d\u2019art privil\u00e9gi\u00e9e.<\/p>\n<p>Du 18 ao\u00fbt au 7 septembre, elle accueille sur ses cimaises l\u2019artiste peintre animali\u00e8re Sophie Dardenne.<\/p>\n<p>Artiste autodidacte, Sophie Dardenne r\u00e9alise au pastel des portraits animaliers, qu\u2019ils soient sauvages ou domestiques. Ses animaux de compagnie sont des sujets de pr\u00e9dilection autant que les ours polaires, panth\u00e8res inqui\u00e9tantes de r\u00e9alisme, chevaux majestueux avec leurs cavali\u00e8res, blaireaux ou oiseaux.<\/p>\n<p>\u00c0 l\u2019image des grands pastellistes, elle cultive un go\u00fbt prononc\u00e9 pour la couleur, le d\u00e9tail et la pr\u00e9cision, produisant des \u0153uvres proches du rendu photographique.<\/p>\n<p>Sophie Dardenne travaille son art depuis 25 ans, consacr\u00e9 par de nombreuses expositions, dont une au Grand Palais \u00e0 Paris, et bien d\u2019autres dans tout le Sud-Ouest, ainsi qu\u2019une tr\u00e8s originale lors d\u2019une f\u00eate de la chasse en r\u00e9gion parisienne.<\/p>\n<p>Une vitrine permanente \u00e0 Simorre permet \u00e9galement d\u2019admirer ses cr\u00e9ations.<\/p>\n<p>Galerie Montaltaise : du mardi au samedi (10 heures \u2013 12 h 30 et 15 h 30 \u2013 18 heures en ao\u00fbt).<\/p>\n<p>Pr\u00e9sence de l\u2019artiste : les 24 et 31 ao\u00fbt (15 heures \u2013 18 heures) ; du 1er au 7 septembre : sous r\u00e9serve, de 16 heures \u00e0 18 heures.<\/p>\n","protected":false},"excerpt":{"rendered":"La galerie CAP Montaut, toujours dans sa d\u00e9marche culture, art et patrimoine, fait de Montaut-les-Cr\u00e9neaux une destination d\u2019art&hellip;\n","protected":false},"author":2,"featured_media":327502,"comment_status":"","ping_status":"","sticky":false,"template":"","format":"standard","meta":{"footnotes":""},"categories":[1358],"tags":[1348,1384,1385,1386,58,59,1011,27],"class_list":{"0":"post-327501","1":"post","2":"type-post","3":"status-publish","4":"format-standard","5":"has-post-thumbnail","7":"category-arts-et-design","8":"tag-arts","9":"tag-arts-and-design","10":"tag-arts-et-design","11":"tag-design","12":"tag-divertissement","13":"tag-entertainment","14":"tag-fr","15":"tag-france"},"share_on_mastodon":{"url":"https:\/\/pubeurope.com\/@fr\/115050920264062086","error":""},"_links":{"self":[{"href":"https:\/\/www.europesays.com\/fr\/wp-json\/wp\/v2\/posts\/327501","targetHints":{"allow":["GET"]}}],"collection":[{"href":"https:\/\/www.europesays.com\/fr\/wp-json\/wp\/v2\/posts"}],"about":[{"href":"https:\/\/www.europesays.com\/fr\/wp-json\/wp\/v2\/types\/post"}],"author":[{"embeddable":true,"href":"https:\/\/www.europesays.com\/fr\/wp-json\/wp\/v2\/users\/2"}],"replies":[{"embeddable":true,"href":"https:\/\/www.europesays.com\/fr\/wp-json\/wp\/v2\/comments?post=327501"}],"version-history":[{"count":0,"href":"https:\/\/www.europesays.com\/fr\/wp-json\/wp\/v2\/posts\/327501\/revisions"}],"wp:featuredmedia":[{"embeddable":true,"href":"https:\/\/www.europesays.com\/fr\/wp-json\/wp\/v2\/media\/327502"}],"wp:attachment":[{"href":"https:\/\/www.europesays.com\/fr\/wp-json\/wp\/v2\/media?parent=327501"}],"wp:term":[{"taxonomy":"category","embeddable":true,"href":"https:\/\/www.europesays.com\/fr\/wp-json\/wp\/v2\/categories?post=327501"},{"taxonomy":"post_tag","embeddable":true,"href":"https:\/\/www.europesays.com\/fr\/wp-json\/wp\/v2\/tags?post=327501"}],"curies":[{"name":"wp","href":"https:\/\/api.w.org\/{rel}","templated":true}]}}