{"id":327505,"date":"2025-08-18T17:22:17","date_gmt":"2025-08-18T17:22:17","guid":{"rendered":"https:\/\/www.europesays.com\/fr\/327505\/"},"modified":"2025-08-18T17:22:17","modified_gmt":"2025-08-18T17:22:17","slug":"prime-video-devoile-les-premieres-images-et-la-date-de-diffusion-de-la-saison-2-de-fallout","status":"publish","type":"post","link":"https:\/\/www.europesays.com\/fr\/327505\/","title":{"rendered":"Prime Video d\u00e9voile les premi\u00e8res images et la date de diffusion de la saison 2 de Fallout"},"content":{"rendered":"<p>    Ella Purnell dans le r\u00f4le de Lucy MacLean dans Fallout<br \/>\n                Amazon Prime Video<\/p>\n<p>Sortie en avril 2024 sur la plate-forme de streaming d\u2019Amazon, la premi\u00e8re saison de la s\u00e9rie adapt\u00e9e du c\u00e9l\u00e8bre jeu vid\u00e9o va avoir une suite. Dans quelques mois.<\/p>\n<p class=\"fig-paragraph\">\u00ab C\u2019est l\u2019heure d\u2019un petit road trip\u00a0\u00bb, a annonc\u00e9 jeudi Prime Video en marge de l\u2019affiche de la saison 2 de\u00a0<a href=\"http:\/\/tvmag.lefigaro.fr\/programme-tv\/series\/fallout-sur-prime-video-haletant-western-postapocalyptique-20240411\" target=\"_blank\" data-fig-type=\"Article\" rel=\"noopener\" data-gtm-custom-categorie=\"navigation\" data-gtm-custom-action=\"crossclick\" data-gtm-custom-label=\"Contextuel\" data-gtm-event=\"customEventSPE\" data-fig-domain=\"TVMAG\"><strong>Fallout<\/strong> <\/a>. Sur l\u2019image, quatre silhouettes progressent dans le d\u00e9cor d\u00e9sertique de Mojave avec, en fond, les vestiges de Las Vegas. L\u2019action de cette s\u00e9rie de science-fiction se d\u00e9roule sur Terre en 2296, deux si\u00e8cles apr\u00e8s que la plan\u00e8te ait \u00e9t\u00e9 ravag\u00e9e par une catastrophe nucl\u00e9aire de grande ampleur r\u00e9sultant d\u2019un conflit sur les ressources \u00e9nerg\u00e9tiques.<\/p>\n<p class=\"fig-paragraph\">Dans cet univers postapocalyptique r\u00e8gnent plusieurs cat\u00e9gories de population\u00a0: les plus chanceux \u00e9voluent sous terre dans des abris antiatomiques confortables con\u00e7us pour vivre durablement. \u00c0 la surface, une arm\u00e9e dot\u00e9e de technologies avanc\u00e9es s\u2019\u00e9vertue \u00e0 maintenir l\u2019ordre et la paix en \u00e9liminant les mutants et les pillards.<\/p>\n<p class=\"fig-body-link\">\n            \u00c0 lire aussi<br \/>\n        <a class=\"fig-body-link__link fig-premium-mark\" href=\"http:\/\/tvmag.lefigaro.fr\/programme-tv\/series\/fallout-en-serie-un-retour-en-force-dans-le-game-20240411\" target=\"_blank\" data-fig-type=\"Article\" rel=\"sponsored noopener\" data-gtm-custom-categorie=\"navigation\" data-gtm-custom-action=\"crossclick\" data-gtm-custom-label=\"Contextuel\" data-gtm-event=\"customEventSPE\" data-fig-domain=\"TVMAG\">Fallout, The Last of Us, Assassin\u2019s Creed&#8230; Quand les jeux vid\u00e9o sont adapt\u00e9s en s\u00e9rie t\u00e9l\u00e9<br \/>\n    <\/a>\n<\/p>\n<p>                                    <a class=\"fig-a11y-skip a11y-hidden\" href=\"#fig-a11y-skip-main-inarticle\"><br \/>\n        Passer la publicit\u00e9<br \/>\n    <\/a><\/p>\n<p class=\"fig-paragraph\">Dans la saison 1 de Fallout, la jeune et na\u00efve Lucy MacLean (<a href=\"https:\/\/tvmag.lefigaro.fr\/programme-tv\/series\/qui-est-ella-purnell-remarquee-pour-ses-roles-dans-les-series-fallout-et-arcane-20241227?tblci=GiDGCpADP60zMCA5FKyc6RC8hUD9SLup3WJLaF8drJ34ayDwzEYondK95f_PuoQ9\" target=\"_blank\" data-fig-type=\"Article\" rel=\"noopener\" data-gtm-custom-categorie=\"navigation\" data-gtm-custom-action=\"crossclick\" data-gtm-custom-label=\"Contextuel\" data-gtm-event=\"customEventSPE\" data-fig-domain=\"TVMAG\">Ella Purnell<\/a>) quitte son abri s\u00e9curis\u00e9 pour venir en aide \u00e0 son p\u00e8re, Hank MacLean (Kyle MacLachlan), kidnapp\u00e9 par des pillards. \u00c0 l\u2019ext\u00e9rieur, elle d\u00e9couvre un monde de d\u00e9solation o\u00f9 elle fait la rencontre du soldat Maximus (Aaron Moten) et du chasseur de prime mutant La Goule (Walton Goggins). \u00c0 l\u2019issue de sa qu\u00eate, Lucy d\u00e9couvre que son p\u00e8re n\u2019\u00e9tait pas un homme aussi attentionn\u00e9 qu\u2019il le pr\u00e9tendait.<\/p>\n<p class=\"fig-paragraph\">Cens\u00e9 aider la communaut\u00e9 de son abri \u00e0 la reconqu\u00eate de la surface de la plan\u00e8te, Hank MacLean faisait en r\u00e9alit\u00e9 tout pour les maintenir sous terre. En 2077, le cr\u00e9ateur des abris et pr\u00e9sident de l\u2019entreprise Vault-Tec, Bud Askins (Michael Esper), a cryog\u00e9nis\u00e9 une \u00e9quipe d\u2019hommes et de femmes de confiance &#8211; dont Hank fait partie &#8211; dont la mission est de maintenir \u00e9ternellement la vie humaine sous terre.<\/p>\n<p class=\"fig-body-link\">\n            \u00c0 lire aussi<br \/>\n        <a class=\"fig-body-link__link\" href=\"http:\/\/tvmag.lefigaro.fr\/programme-tv\/series\/succes-mondial-de-fallout-sur-prime-video-on-vous-explique-tout-sur-la-saison-1-20240422\" target=\"_blank\" data-fig-type=\"Article\" rel=\"noopener\" data-gtm-custom-categorie=\"navigation\" data-gtm-custom-action=\"crossclick\" data-gtm-custom-label=\"Contextuel\" data-gtm-event=\"customEventSPE\" data-fig-domain=\"TVMAG\">Succ\u00e8s mondial de Fallout sur Prime Video\u00a0: on vous explique tout sur la saison 1<br \/>\n    <\/a>\n<\/p>\n<p class=\"fig-paragraph\">\u00c0 la fin de la saison 1, l\u2019opposante Lee Moldaver (Sarita Choudhury) parvient \u00e0 r\u00e9cup\u00e9rer et \u00e0 actionner la technologie de la fusion froide capable de fournir une \u00e9nergie infinie. Et de r\u00e9soudre l\u2019origine du conflit. Hank MacLean r\u00e9ussit \u00e0 s\u2019enfuir vers New Vegas, la version postapocalyptique de Las Vegas. C\u2019est dans cette direction que se dirigent Lucy MacLean, Maximum, La Goule et son chien.<\/p>\n<p class=\"fig-paragraph\">Les premi\u00e8res photos de la saison 2 de Fallout d\u00e9voil\u00e9es lundi par Prime Video donnent un aper\u00e7u de la suite de la s\u00e9rie. Selon Deadline, le com\u00e9dien\u00a0<a href=\"http:\/\/www.lefigaro.fr\/cinema\/33-ans-apres-maman-j-ai-rate-l-avion-macaulay-culkin-decroche-son-etoile-a-hollywood-20231204\" target=\"_blank\" data-fig-type=\"Article\" rel=\"noopener\" data-gtm-custom-categorie=\"navigation\" data-gtm-custom-action=\"crossclick\" data-gtm-custom-label=\"Contextuel\" data-gtm-event=\"customEventSPE\" data-fig-domain=\"LEFIGARO\">Macaulay Culkin<\/a>\u00a0int\u00e8gre le casting avec un r\u00f4le r\u00e9current de \u00ab savant fou\u00a0\u00bb. Quant \u00e0 la diffusion, elle doit intervenir en d\u00e9cembre prochain sur la plateforme de streaming d\u2019Amazon.<\/p>\n","protected":false},"excerpt":{"rendered":"Ella Purnell dans le r\u00f4le de Lucy MacLean dans Fallout Amazon Prime Video Sortie en avril 2024 sur&hellip;\n","protected":false},"author":2,"featured_media":327506,"comment_status":"","ping_status":"","sticky":false,"template":"","format":"standard","meta":{"footnotes":""},"categories":[1356],"tags":[58,59,1011,27,11765,521,252,1364],"class_list":{"0":"post-327505","1":"post","2":"type-post","3":"status-publish","4":"format-standard","5":"has-post-thumbnail","7":"category-television","8":"tag-divertissement","9":"tag-entertainment","10":"tag-fr","11":"tag-france","12":"tag-prime-video","13":"tag-serie","14":"tag-television","15":"tag-tv"},"share_on_mastodon":{"url":"https:\/\/pubeurope.com\/@fr\/115050928767228198","error":""},"_links":{"self":[{"href":"https:\/\/www.europesays.com\/fr\/wp-json\/wp\/v2\/posts\/327505","targetHints":{"allow":["GET"]}}],"collection":[{"href":"https:\/\/www.europesays.com\/fr\/wp-json\/wp\/v2\/posts"}],"about":[{"href":"https:\/\/www.europesays.com\/fr\/wp-json\/wp\/v2\/types\/post"}],"author":[{"embeddable":true,"href":"https:\/\/www.europesays.com\/fr\/wp-json\/wp\/v2\/users\/2"}],"replies":[{"embeddable":true,"href":"https:\/\/www.europesays.com\/fr\/wp-json\/wp\/v2\/comments?post=327505"}],"version-history":[{"count":0,"href":"https:\/\/www.europesays.com\/fr\/wp-json\/wp\/v2\/posts\/327505\/revisions"}],"wp:featuredmedia":[{"embeddable":true,"href":"https:\/\/www.europesays.com\/fr\/wp-json\/wp\/v2\/media\/327506"}],"wp:attachment":[{"href":"https:\/\/www.europesays.com\/fr\/wp-json\/wp\/v2\/media?parent=327505"}],"wp:term":[{"taxonomy":"category","embeddable":true,"href":"https:\/\/www.europesays.com\/fr\/wp-json\/wp\/v2\/categories?post=327505"},{"taxonomy":"post_tag","embeddable":true,"href":"https:\/\/www.europesays.com\/fr\/wp-json\/wp\/v2\/tags?post=327505"}],"curies":[{"name":"wp","href":"https:\/\/api.w.org\/{rel}","templated":true}]}}