{"id":327509,"date":"2025-08-18T17:24:15","date_gmt":"2025-08-18T17:24:15","guid":{"rendered":"https:\/\/www.europesays.com\/fr\/327509\/"},"modified":"2025-08-18T17:24:15","modified_gmt":"2025-08-18T17:24:15","slug":"javoue-cest-rate-pourquoi-papamobile-le-nouveau-film-avec-kad-merad-ne-sort-que-dans-sept-cinemas","status":"publish","type":"post","link":"https:\/\/www.europesays.com\/fr\/327509\/","title":{"rendered":"\u00ab\u00a0J&rsquo;avoue, c&rsquo;est rat\u00e9\u00a0\u00bb : pourquoi \u00ab\u00a0Papamobile\u00a0\u00bb, le nouveau film avec Kad Merad, ne sort que dans sept cin\u00e9mas\u00a0?"},"content":{"rendered":"<p>\u00ab\u00a0Papamobile\u00a0\u00bb, le nouveau film avec Kad Merad, est sorti le 13 ao\u00fbt dernier. Vous n&rsquo;en avez pas entendu parler\u00a0? C&rsquo;est normal. Jug\u00e9 \u00ab\u00a0rat\u00e9\u00a0\u00bb, il a \u00e9t\u00e9 l\u00e2ch\u00e9 par les producteurs et les distributeurs et n&rsquo;a \u00e9t\u00e9 programm\u00e9 que dans sept cin\u00e9mas en France. Le r\u00e9alisateur d\u00e9nonce un \u00ab\u00a0sabotage\u00a0\u00bb. <\/p>\n<p>Un acteur populaire, un film tourn\u00e9 au Mexique et une intrigue potache\u00a0: sur le papier, \u00ab\u00a0Papamobile\u00a0\u00bb,\u00a0r\u00e9alis\u00e9 par Sylvain Estibal, avait tous les ingr\u00e9dients pour devenir la com\u00e9die de l&rsquo;\u00e9t\u00e9. Sur le papier seulement. Car les aventures de Kad Merad, grim\u00e9 en faux pape d\u00e9masqu\u00e9 par la cheffe de cartel qui vient de l&rsquo;enlever, ne peut \u00eatre vu que par les spectateurs de sept cin\u00e9mas en France depuis le 13 ao\u00fbt dernier. ICI vous explique pourquoi.<\/p>\n<p><a href=\"https:\/\/www.youtube.com\/watch?v=71N6NNojlKg\" target=\"_blank\" rel=\"noopener noreferrer nofollow\" class=\"Youtube svelte-15adm43\" style=\"background-image: url(https:\/\/i.ytimg.com\/vi\/71N6NNojlKg\/sddefault.jpg);\"><\/p>\n<p>Papamobile I Bande-annonce<\/p>\n<p> <\/a> Une sortie discr\u00e8te dans sept villes, les distributeurs \u00ab\u00a0d\u00e9\u00e7us par le r\u00e9sultat final\u00a0\u00bb<\/p>\n<p>\u00ab\u00a0Papamobile\u00a0\u00bb n&rsquo;a donc pas eu les honneurs d&rsquo;une sortie nationale, soutenue par une intense promo, des publicit\u00e9s, des plateaux t\u00e9l\u00e9 et des avant-premi\u00e8res un peu partout dans le pays. Le film, qui a co\u00fbt\u00e9 1,2 million d&rsquo;euros, n&rsquo;est visible que\u00a0dans six villes de moins de 35.000 habitants dont Bagnoles-de-l\u2019Orne (Orne), Saverne (Bas-Rhin), Douvaine et \u00c9vian-les-Bains (Haute-Savoie) et Romans-sur-Is\u00e8re (Dr\u00f4me). Aucun cin\u00e9mas de grande ville ne l&rsquo;accueille sauf Le Vox \u00e0 Avignon.<\/p>\n<p>Distributeurs, producteurs et autres partenaires commerciaux ont d\u00e9cid\u00e9 de se d\u00e9solidariser du projet d\u00e9but 2025 et donc de ne plus soutenir l&rsquo;\u0153uvre.\u00a0\u00ab\u00a0J&rsquo;avoue, c&rsquo;est rat\u00e9, une com\u00e9die pas dr\u00f4le. \u00c7a arrive dans le m\u00e9tier\u00a0\u00bb,\u00a0s&rsquo;est justifi\u00e9\u00a0le producteur du film Jean Br\u00e9hat aupr\u00e8s du\u00a0<a target=\"_blank\" rel=\"nofollow noopener noreferrer\" class=\"IciLink ici-link IciArticleLink g-ici-body-regular-1 underline brand svelte-lu7k6w\" href=\"https:\/\/www.lecanardenchaine.fr\/culture-idees\/51558-le-pape-kad-se-prend-une-gamelle\">Canard enchain\u00e9<\/a>.\u00a0\u00ab\u00a0\u00c7a a \u00e9t\u00e9 violent, et Sylvain Estibal\u00a0s&rsquo;est battu lui-m\u00eame pour trouver un autre partenaire\u00a0\u00bb, a expliqu\u00e9 \u00e0\u00a0<a target=\"_blank\" rel=\"external nofollow noopener\" class=\"IciLink ici-link IciArticleLink g-ici-body-regular-1 underline brand svelte-lu7k6w\" href=\"https:\/\/www.franceinfo.fr\/culture\/cinema\/sorties-de-films\/dans-les-coulisses-de-papamobile-comedie-avec-kad-merad-sabordee-par-ses-propres-distributeurs_7435180.html\">franceinfo<\/a>\u00a0Myriam Teka\u00efa,\u00a0co-sc\u00e9nariste et actrice principale du film.<\/p>\n<p>Mais aucun n&rsquo;acheteur n&rsquo;a pari\u00e9 sur\u00a0\u00ab\u00a0Papamobile\u00a0\u00bb, film tourn\u00e9 en 24 jours avec peu de moyens et \u00ab\u00a0au\u00a0c\u00f4t\u00e9 &lsquo;nanar&rsquo; revendiqu\u00e9\u00a0\u00bb, selon les mots du r\u00e9alisateur\u00a0<a target=\"_blank\" rel=\"nofollow noopener noreferrer\" class=\"IciLink ici-link IciArticleLink g-ici-body-regular-1 underline brand svelte-lu7k6w\" href=\"https:\/\/x.com\/destinationcine\/status\/1955594114008846363\/photo\/2\">dont un droit de r\u00e9ponse a \u00e9t\u00e9 post\u00e9 sur X<\/a>. Le distributeur The Jokers Films a tout de m\u00eame d\u00e9cid\u00e9 de promouvoir le film, de fa\u00e7on limit\u00e9e, malgr\u00e9 sa grande d\u00e9ception devant le rendu\u00a0: \u00ab\u00a0Nous avons \u00e9t\u00e9 tr\u00e8s d\u00e9\u00e7us par le r\u00e9sultat final, mais avons honor\u00e9 notre engagement \u00e0 le distribuer\u00a0\u00bb, a indiqu\u00e9\u00a0Manuel Chiche, patron de la soci\u00e9t\u00e9.<\/p>\n<p>Le film bient\u00f4t visible en streaming<\/p>\n<p>Selon franceinfo, \u00ab\u00a0Papamobile\u00a0\u00bb \u00ab\u00a0n&rsquo;a b\u00e9n\u00e9fici\u00e9 que d&rsquo;une sortie technique\u00a0\u00bb. Cette sortie en catimini permet de\u00a0limiter les pertes \u00ab\u00a0lorsque les diffuseurs ne croient pas en la r\u00e9ussite d&rsquo;un film\u00a0\u00bb. M\u00eame la bande-annonce a \u00e9t\u00e9 rabot\u00e9e avec une vid\u00e9o de 30 secondes seulement. \u00ab\u00a0C&rsquo;est vraiment du sabotage, ils ont m\u00eame int\u00e9gr\u00e9 un plan rat\u00e9\u00a0\u00bb, a d\u00e9plor\u00e9 Sylvain Estibal aupr\u00e8s de franceinfo, ajoutant que\u00a0\u00ab\u00a0bien des distributeurs sortent des films qu&rsquo;ils n&rsquo;aiment pas\u00a0\u00bb.\u00a0Mais il est rare qu&rsquo;une sortie soit ainsi torpill\u00e9e, note le service culture de\u00a0<a target=\"_blank\" rel=\"external nofollow noopener\" class=\"IciLink ici-link IciArticleLink g-ici-body-regular-1 underline brand svelte-lu7k6w\" href=\"https:\/\/www.franceinfo.fr\/\">franceinfo<\/a>, surtout quand la t\u00eate d&rsquo;affiche est un acteur populaire, \u00e0 l&rsquo;affiche du film le plus vu au cin\u00e9ma\u00a0: \u00ab\u00a0Bienvenue chez les Ch&#8217;tis\u00a0\u00bb. Tr\u00e8s attrist\u00e9, le r\u00e9alisateur, c\u00e9saris\u00e9 en 2012 pour son premier film \u00ab\u00a0Le Cochon de Gaza\u00a0\u00bb, assure que la com\u00e9die aura une seconde vie en streaming sur Amazon et OCS.<\/p>\n","protected":false},"excerpt":{"rendered":"\u00ab\u00a0Papamobile\u00a0\u00bb, le nouveau film avec Kad Merad, est sorti le 13 ao\u00fbt dernier. Vous n&rsquo;en avez pas entendu&hellip;\n","protected":false},"author":2,"featured_media":327510,"comment_status":"","ping_status":"","sticky":false,"template":"","format":"standard","meta":{"footnotes":""},"categories":[1354],"tags":[58,59,1346,1011,27,1360],"class_list":{"0":"post-327509","1":"post","2":"type-post","3":"status-publish","4":"format-standard","5":"has-post-thumbnail","7":"category-films","8":"tag-divertissement","9":"tag-entertainment","10":"tag-films","11":"tag-fr","12":"tag-france","13":"tag-movies"},"share_on_mastodon":{"url":"https:\/\/pubeurope.com\/@fr\/115050936066340449","error":""},"_links":{"self":[{"href":"https:\/\/www.europesays.com\/fr\/wp-json\/wp\/v2\/posts\/327509","targetHints":{"allow":["GET"]}}],"collection":[{"href":"https:\/\/www.europesays.com\/fr\/wp-json\/wp\/v2\/posts"}],"about":[{"href":"https:\/\/www.europesays.com\/fr\/wp-json\/wp\/v2\/types\/post"}],"author":[{"embeddable":true,"href":"https:\/\/www.europesays.com\/fr\/wp-json\/wp\/v2\/users\/2"}],"replies":[{"embeddable":true,"href":"https:\/\/www.europesays.com\/fr\/wp-json\/wp\/v2\/comments?post=327509"}],"version-history":[{"count":0,"href":"https:\/\/www.europesays.com\/fr\/wp-json\/wp\/v2\/posts\/327509\/revisions"}],"wp:featuredmedia":[{"embeddable":true,"href":"https:\/\/www.europesays.com\/fr\/wp-json\/wp\/v2\/media\/327510"}],"wp:attachment":[{"href":"https:\/\/www.europesays.com\/fr\/wp-json\/wp\/v2\/media?parent=327509"}],"wp:term":[{"taxonomy":"category","embeddable":true,"href":"https:\/\/www.europesays.com\/fr\/wp-json\/wp\/v2\/categories?post=327509"},{"taxonomy":"post_tag","embeddable":true,"href":"https:\/\/www.europesays.com\/fr\/wp-json\/wp\/v2\/tags?post=327509"}],"curies":[{"name":"wp","href":"https:\/\/api.w.org\/{rel}","templated":true}]}}