{"id":327511,"date":"2025-08-18T17:25:11","date_gmt":"2025-08-18T17:25:11","guid":{"rendered":"https:\/\/www.europesays.com\/fr\/327511\/"},"modified":"2025-08-18T17:25:11","modified_gmt":"2025-08-18T17:25:11","slug":"le-risque-de-rage-refait-surface","status":"publish","type":"post","link":"https:\/\/www.europesays.com\/fr\/327511\/","title":{"rendered":"le risque de rage refait surface"},"content":{"rendered":"<p>Alors que l\u2019Espagne figure parmi les premi\u00e8res destinations estivales des Fran\u00e7ais, les autorit\u00e9s sanitaires catalanes mettent en garde contre une recrudescence de cas de rage chez les chauves-souris. Une maladie rare mais mortelle, qui impose de redoubler de vigilance.<\/p>\n<p class=\"fig-paragraph\">La rage. Rien que le mot \u00e9voque des films d\u2019horreur en VHS, des chiens hurlant \u00e0 la lune et des foies exp\u00e9di\u00e9s en labo. Mais cette fois, ce n\u2019est pas un film\u00a0: la\u00a0<a href=\"http:\/\/www.lefigaro.fr\/voyages\/dossier\/catalogne\" data-fig-type=\"Topic\" data-gtm-custom-categorie=\"navigation\" data-gtm-custom-action=\"crossclick\" data-gtm-custom-label=\"Contextuel\" data-gtm-event=\"customEventSPE\" data-fig-domain=\"LEFIGARO\" target=\"_blank\" rel=\"noopener\">Catalogne<\/a>\u00a0vient d\u2019\u00e9mettre une alerte s\u00e9rieuse.\u00a0<a href=\"https:\/\/govern.cat\/salapremsa\/notes-premsa\/734312\/salut-demana-que-seviti-contacte-ratpenats-pel-risc-contraure-rabia\" target=\"_blank\" rel=\"nofollow noopener\" data-gtm-custom-categorie=\"navigation\" data-gtm-custom-action=\"crossclick\" data-gtm-custom-label=\"Contextuel\" data-gtm-event=\"customEventSPE\">Le D\u00e9partement de la Sant\u00e9 de la r\u00e9gion catalane<\/a>\u00a0a constat\u00e9 une augmentation des attaques animales dites \u00ab \u00e0 risque\u00a0\u00bb \u2014 entendez par l\u00e0, avec potentiel de transmission de maladies. En ligne de mire\u00a0: les chauves-souris, discr\u00e8tes habitantes des pin\u00e8des espagnoles, d\u00e9sormais consid\u00e9r\u00e9es comme les principales porteuses du virus dans la r\u00e9gion.<\/p>\n<p>Des chauves-souris pas si inoffensives<\/p>\n<p class=\"fig-paragraph\">Les chiffres donnent le ton\u00a0: 21\u202f% des attaques recens\u00e9es sont jug\u00e9es potentiellement probl\u00e9matiques, notamment en cas de morsure ou de contact rapproch\u00e9 avec un animal contamin\u00e9. Un coup de langue sur la joue ou une griffe trop curieuse pourrait suffire \u00e0 transmettre la rage \u2014 maladie rare, certes, mais quasi syst\u00e9matiquement mortelle sans traitement. Depuis le d\u00e9but de l\u2019ann\u00e9e, 22 incidents impliquant des chauves-souris soup\u00e7onn\u00e9es porteuses de rage ont \u00e9t\u00e9 signal\u00e9s dans l\u2019arc m\u00e9diterran\u00e9en espagnol.<\/p>\n<p>                                    <a class=\"fig-a11y-skip a11y-hidden\" href=\"#fig-a11y-skip-main-inarticle\"><br \/>\n        Passer la publicit\u00e9<br \/>\n    <\/a><\/p>\n<p class=\"fig-paragraph\">Il faut dire que ces mammif\u00e8res volants, en qu\u00eate de g\u00eetes, s\u2019installent volontiers l\u00e0 o\u00f9 on ne les attend pas. Faute de vieux arbres perc\u00e9s de cavit\u00e9s, ces noctambules ont \u00e9lu domicile dans les fentes des murs, les combles d\u2019immeubles ou sous les toits en tuiles des maisons de village. Un repli urbain favoris\u00e9 par l\u2019installation de nichoirs dans les parcs, les jardins et les zones littorales. Objectif\u00a0: concilier conservation des esp\u00e8ces et cohabitation raisonn\u00e9e\u2026 mais les touristes, eux, ne lisent pas forc\u00e9ment les pancartes.<\/p>\n<p class=\"fig-paragraph\">Alors les autorit\u00e9s sont formelles\u00a0: pas de selfies avec les chauves-souris, m\u00eame bless\u00e9es ou apparemment inoffensives. \u00abNe pas les manipuler, m\u00eame si elles semblent inertes\u00bb, insiste la Generalitat. Il convient plut\u00f4t de contacter les agents ruraux, charg\u00e9s de les prendre en main \u2014 avec des gants, \u00e9videmment.<\/p>\n<p>La marche \u00e0 suivre en cas de contact \u00e0 risque<\/p>\n<p class=\"fig-paragraph\">Et si une mauvaise rencontre venait \u00e0 survenir \u2014 morsure, griffure, l\u00e9chouille douteuse \u2014 la marche \u00e0 suivre est limpide\u00a0: laver imm\u00e9diatement la plaie \u00e0 l\u2019eau et au savon, et consulter sans d\u00e9lai un centre de sant\u00e9.<\/p>\n<p class=\"fig-paragraph\">Rappel utile\u00a0: la rage terrestre n\u2019est pas end\u00e9mique en\u00a0<a href=\"http:\/\/www.lefigaro.fr\/voyages\/selection\/dossier\/selection-espagne\" data-fig-type=\"Topic\" rel=\"sponsored noopener\" data-gtm-custom-categorie=\"navigation\" data-gtm-custom-action=\"crossclick\" data-gtm-custom-label=\"Contextuel\" data-gtm-event=\"customEventSPE\" data-fig-domain=\"LEFIGARO\" target=\"_blank\">Espagne<\/a>, ce qui signifie que les chiens, chats et autres furets locaux sont a priori inoffensifs. Ce sont les chauves-souris, voyageuses discr\u00e8tes et impr\u00e9visibles, qui posent probl\u00e8me. Une colonie contamin\u00e9e a \u00e9t\u00e9 signal\u00e9e r\u00e9cemment dans les environs de\u00a0<a href=\"http:\/\/www.lefigaro.fr\/voyages\/dossier\/barcelone\" data-fig-type=\"Topic\" data-gtm-custom-categorie=\"navigation\" data-gtm-custom-action=\"crossclick\" data-gtm-custom-label=\"Contextuel\" data-gtm-event=\"customEventSPE\" data-fig-domain=\"LEFIGARO\" target=\"_blank\" rel=\"noopener\">Barcelone<\/a>.<\/p>\n<p class=\"fig-body-link\">\n            \u00c0 lire aussi<br \/>\n        <a class=\"fig-body-link__link\" href=\"http:\/\/www.lefigaro.fr\/voyages\/conseils\/fievre-jaune-rage-dengue-la-carte-des-vaccins-a-faire-avant-de-partir-en-voyage-20241019\" data-fig-type=\"Article\" data-gtm-custom-categorie=\"navigation\" data-gtm-custom-action=\"crossclick\" data-gtm-custom-label=\"Contextuel\" data-gtm-event=\"customEventSPE\" data-fig-domain=\"LEFIGARO\" target=\"_blank\" rel=\"noopener\">Fi\u00e8vre jaune, rage, dengue\u2026 La carte des vaccins \u00e0 faire avant de partir en voyage<br \/>\n    <\/a>\n<\/p>\n<p class=\"fig-paragraph\">En France, les cas sont rarissimes\u00a0: entre 1977 et 2003, seuls quelques cas humains ont \u00e9t\u00e9 rapport\u00e9s en Europe \u2014 et aucun en m\u00e9tropole d\u2019apr\u00e8s Sant\u00e9 publique France. Mais un cas en Guyane ou m\u00eame un d\u00e9c\u00e8s li\u00e9 \u00e0 une chauve-souris \u00e0 Limoges en 2019 rappelle que la vigilance reste de mise.<\/p>\n<p>                                    <a class=\"fig-a11y-skip a11y-hidden\" href=\"#fig-a11y-skip-main-inarticle_mtf\"><br \/>\n        Passer la publicit\u00e9<br \/>\n    <\/a><\/p>\n<p class=\"fig-paragraph\">Alors, faut-il annuler son road trip catalan\u00a0? Non. Mais \u00e9viter de jouer les Batman improvis\u00e9s, certainement. Comme le rappellent les autorit\u00e9s, la vigilance reste de mise lors de tout voyage \u00e0 l\u2019\u00e9tranger, surtout dans des zones o\u00f9 la rage circule \u00e0 bas bruit. La prudence, elle, n\u2019a jamais mordu personne.<\/p>\n<p class=\"fig-body-link\">\n            \u00c0 lire aussi<br \/>\n        <a class=\"fig-body-link__link\" href=\"http:\/\/www.lefigaro.fr\/voyages\/dengue-paludisme-maladies-tropicales-le-danger-cache-des-grandes-vacances-20240728\" data-fig-type=\"Article\" data-gtm-custom-categorie=\"navigation\" data-gtm-custom-action=\"crossclick\" data-gtm-custom-label=\"Contextuel\" data-gtm-event=\"customEventSPE\" data-fig-domain=\"LEFIGARO\" target=\"_blank\" rel=\"noopener\">Dengue, paludisme&#8230; Maladies tropicales, le danger cach\u00e9 des grandes vacances<br \/>\n    <\/a>\n<\/p>\n<p class=\"fig-paragraph\"><strong>ET AUSSI<\/strong> &#8211; Apr\u00e8s avoir \u00e9t\u00e9 griff\u00e9e par un chiot au Maroc, une Britannique meurt de la rage \u00e0 59 ans<\/p>\n","protected":false},"excerpt":{"rendered":"Alors que l\u2019Espagne figure parmi les premi\u00e8res destinations estivales des Fran\u00e7ais, les autorit\u00e9s sanitaires catalanes mettent en garde&hellip;\n","protected":false},"author":2,"featured_media":327512,"comment_status":"","ping_status":"","sticky":false,"template":"","format":"standard","meta":{"footnotes":""},"categories":[10],"tags":[35984,1011,27,72,71,586],"class_list":{"0":"post-327511","1":"post","2":"type-post","3":"status-publish","4":"format-standard","5":"has-post-thumbnail","7":"category-sante","8":"tag-catalogne","9":"tag-fr","10":"tag-france","11":"tag-health","12":"tag-sante","13":"tag-voyage"},"share_on_mastodon":{"url":"https:\/\/pubeurope.com\/@fr\/115050939922302637","error":""},"_links":{"self":[{"href":"https:\/\/www.europesays.com\/fr\/wp-json\/wp\/v2\/posts\/327511","targetHints":{"allow":["GET"]}}],"collection":[{"href":"https:\/\/www.europesays.com\/fr\/wp-json\/wp\/v2\/posts"}],"about":[{"href":"https:\/\/www.europesays.com\/fr\/wp-json\/wp\/v2\/types\/post"}],"author":[{"embeddable":true,"href":"https:\/\/www.europesays.com\/fr\/wp-json\/wp\/v2\/users\/2"}],"replies":[{"embeddable":true,"href":"https:\/\/www.europesays.com\/fr\/wp-json\/wp\/v2\/comments?post=327511"}],"version-history":[{"count":0,"href":"https:\/\/www.europesays.com\/fr\/wp-json\/wp\/v2\/posts\/327511\/revisions"}],"wp:featuredmedia":[{"embeddable":true,"href":"https:\/\/www.europesays.com\/fr\/wp-json\/wp\/v2\/media\/327512"}],"wp:attachment":[{"href":"https:\/\/www.europesays.com\/fr\/wp-json\/wp\/v2\/media?parent=327511"}],"wp:term":[{"taxonomy":"category","embeddable":true,"href":"https:\/\/www.europesays.com\/fr\/wp-json\/wp\/v2\/categories?post=327511"},{"taxonomy":"post_tag","embeddable":true,"href":"https:\/\/www.europesays.com\/fr\/wp-json\/wp\/v2\/tags?post=327511"}],"curies":[{"name":"wp","href":"https:\/\/api.w.org\/{rel}","templated":true}]}}