{"id":327515,"date":"2025-08-18T17:27:12","date_gmt":"2025-08-18T17:27:12","guid":{"rendered":"https:\/\/www.europesays.com\/fr\/327515\/"},"modified":"2025-08-18T17:27:12","modified_gmt":"2025-08-18T17:27:12","slug":"ce-jean-iconique-a-la-coupe-parfaite-signe-son-grand-retour-toutes-les-modeuses-vont-se-larracher","status":"publish","type":"post","link":"https:\/\/www.europesays.com\/fr\/327515\/","title":{"rendered":"ce jean iconique \u00e0 la coupe parfaite signe son grand retour, toutes les modeuses vont se l&rsquo;arracher"},"content":{"rendered":"<p data-start=\"728\" data-end=\"1047\">Chaque rentr\u00e9e voit ressurgir<br \/>\ndes pi\u00e8ces mode que l\u2019on croyait r\u00e9serv\u00e9es aux archives. Cette<br \/>\nsaison, <strong>c\u2019est un jean iconique qui retrouve sa<br \/>\nplace<\/strong> dans les vestiaires les plus pointus. H\u00e9ritier d\u2019une<br \/>\nd\u00e9cennie o\u00f9 le minimalisme r\u00e9gnait en ma\u00eetre, il se distingue par<br \/>\nune <strong>coupe capable de flatter toutes les<br \/>\nsilhouettes.<\/strong> Ic\u00f4ne du chic new-yorkais, Carolyn<br \/>\nBessette-Kennedy <strong>en avait fait sa signature.<\/strong><\/p>\n<p data-start=\"728\" data-end=\"1047\">Son style, que l\u2019on<br \/>\nqualifierait aujourd\u2019hui de quiet luxury, continue d\u2019inspirer cr\u00e9ateurs et<br \/>\nc\u00e9l\u00e9brit\u00e9s <strong>pr\u00e8s de trente ans apr\u00e8s sa<br \/>\ndisparition.<\/strong> Et alors que sa romance avec John F. Kennedy<br \/>\nJr. s\u2019appr\u00eate \u00e0 \u00eatre racont\u00e9e dans une s\u00e9rie sign\u00e9e Ryan Murphy,<br \/>\nses looks ressurgissent avec force dans l\u2019imaginaire collectif.<br \/>\nChemises impeccables, trenchs fluides, ballerines sobres\u2026<br \/>\n<strong>et surtout ce fameux jean<\/strong>, simple en apparence<br \/>\nmais pens\u00e9 pour durer : voil\u00e0 le c\u0153ur d\u2019un vestiaire qui traverse<br \/>\nles \u00e9poques sans perdre de sa force.<\/p>\n<p><strong data-start=\"1675\" data-end=\"1718\">L\u2019h\u00e9ritage des ann\u00e9es 1990 dans le<br \/>\njean<\/strong><\/p>\n<p data-start=\"1722\" data-end=\"1983\">Pi\u00e8ce culte d\u2019un vestiaire<br \/>\nnew-yorkais \u00e9l\u00e9gant et fonctionnel, le jean pl\u00e9biscit\u00e9 par Carolyn<br \/>\nBessette-Kennedy s\u2019impose \u00e0 nouveau comme r\u00e9f\u00e9rence. Plus ajust\u00e9<br \/>\nque les mod\u00e8les oversize d\u2019hier, <strong>le jean droit structure la<br \/>\nsilhouette tout en pr\u00e9servant une allure naturelle<\/strong>. La<br \/>\njeune femme privil\u00e9giait les Levi\u2019s aux coupes pr\u00e9cises, dont le<br \/>\nfameux <strong>mod\u00e8le bootcut 517.<\/strong> L\u00e9g\u00e8rement \u00e9vas\u00e9s \u00e0<br \/>\npartir du genou, <a href=\"https:\/\/www.mariefrance.fr\/mode\/rentree-jean-fait-unanimite-modeuses-rajeunit-instantanement-look-1196597.html\" target=\"_blank\" rel=\"noopener\"><br \/>\nces jeans incarnaient une modernit\u00e9<\/a> qui, \u00e9tonnamment, n\u2019a pas<br \/>\npris une ride.<\/p>\n<p data-start=\"1722\" data-end=\"1983\">\u00ab\u00a0Quiet luxury\u00a0\u00bb avant l\u2019heure,<br \/>\nce choix traduisait une qu\u00eate de simplicit\u00e9 raffin\u00e9e qui continue<br \/>\nd\u2019influencer les tendances actuelles. Kate Moss, Alexa Chung ou<br \/>\nencore Kaia Gerber <strong>prolongent cet h\u00e9ritage en<br \/>\nr\u00e9interpr\u00e9tant le jean des nineties<\/strong> avec une aisance qui<br \/>\ns\u00e9duit autant les modeuses que les grandes maisons. Chez Celine ou<br \/>\nChlo\u00e9, il revient saison apr\u00e8s saison, et confirme ainsi son statut<br \/>\nde pi\u00e8ce ind\u00e9modable.<\/p>\n<blockquote class=\"instagram-media\" style=\"background: #ffffff;border: 0;margin: 1px;width: 100%;padding: 0;max-width: 500px;\" data-instgrm-permalink=\"https:\/\/www.tiktok.com\/@oldstr3et\/video\/7515912947701468438?q=carolyn%20bessette%20style&amp;t=1755535286410\" data-instgrm-version=\"14\"\/><p>\n<strong data-start=\"2622\" data-end=\"2673\">Comment adopter le jean iconique \u00e0 la rentr\u00e9e<br \/>\n?<\/strong><\/p>\n<p data-start=\"2677\" data-end=\"2907\">Sa force ? Une adaptabilit\u00e9<br \/>\nhors pair. Ce jean droit accompagne toutes les occasions,<br \/>\n<strong>du bureau aux week-ends d\u00e9contract\u00e9s.<\/strong> Cette<br \/>\nrentr\u00e9e, il s\u2019impose comme <a href=\"https:\/\/www.mariefrance.fr\/mode\/jean-jort-long-tendance-ete-2025-1155663.html\" target=\"_blank\" rel=\"noopener\"><br \/>\nl\u2019alternative chic aux mod\u00e8les trop larges<\/a>, et offre une<br \/>\n\u00e9l\u00e9gance sans effort. En journ\u00e9e, il s\u2019associe \u00e0 un t-shirt blanc<br \/>\net un blazer cintr\u00e9, relev\u00e9 par des ballerines ou des<br \/>\nmocassins.<\/p>\n<p data-start=\"2677\" data-end=\"2907\">Pour un look plus d\u00e9contract\u00e9,<br \/>\nil se porte avec une <strong>chemise fluide et des baskets<br \/>\nsobres<\/strong>. Sa variante bootcut fait aussi un retour remarqu\u00e9.<br \/>\nPort\u00e9 avec un pull \u00e0 col roul\u00e9, un trench et des bottines noires,<br \/>\nil compose une silhouette automnale moderne et parfaitement<br \/>\n\u00e9quilibr\u00e9e. C\u00f4t\u00e9 accessoires, on reste fid\u00e8le \u00e0 l\u2019esprit<br \/>\nminimaliste : pochette en cuir, serre-t\u00eate discret et bijoux fins<br \/>\ncompl\u00e8tent l\u2019ensemble avec subtilit\u00e9.<\/p>\n<blockquote class=\"tiktok-embed\" cite=\"https:\/\/www.tiktok.com\/@the_twomrs\/video\/7524788865752698142#038;t=1755535331302\" data-video-id=\"7524788865752698142\" style=\"max-width: 605px;min-width: 325px;\"><p>\n<a target=\"_blank\" href=\"https:\/\/www.tiktok.com\/@the_twomrs\/video\/7524788865752698142#038;t=1755535331302\" rel=\"noopener\"><br \/>\n<img decoding=\"async\" src=\"https:\/\/www.tiktok.com\/img\/logo.png\" alt=\"TikTok Logo\"\/><\/a>\n<\/p><\/blockquote>\n<p><strong data-start=\"3461\" data-end=\"3507\">Un jean culte qui<br \/>\ntraverse les g\u00e9n\u00e9rations<\/strong><\/p>\n<p data-start=\"3511\" data-end=\"3768\">Ce qui rend ce mod\u00e8le si<br \/>\niconique, c\u2019est sa long\u00e9vit\u00e9. N\u00e9 dans les ateliers de Levi\u2019s comme<br \/>\nv\u00eatement de travail, <a href=\"https:\/\/www.mariefrance.fr\/mode\/shopping-mode\/jean-levis-le-prix-reduit-de-ce-modele-iconique-ne-laisse-personne-indifferent-1173035.html\" target=\"_blank\" rel=\"noopener\"><br \/>\nle jean est pass\u00e9 du symbole ouvrier<\/a> \u00e0 celui de la r\u00e9bellion,<br \/>\nincarn\u00e9 par James Dean ou Marilyn Monroe, avant de se muer en<br \/>\nbasique universel. Dans sa version des ann\u00e9es 1990, il atteint un<br \/>\n\u00e9quilibre rare : <strong>chic mais accessible, sobre mais<br \/>\nterriblement efficace.<\/strong><\/p>\n<p><img loading=\"lazy\" decoding=\"async\" aria-describedby=\"caption-attachment-1197125\" itemprop=\"thumbnailUrl\" class=\"wp-image-1197125 img-responsive size-full\" src=\"https:\/\/www.europesays.com\/fr\/wp-content\/uploads\/2025\/08\/design-sans-titre-71-copie-7.jpg\" alt=\"&lt;p&gt;Rentr\u00e9e : ce jean iconique \u00e0 la coupe parfaite signe son grand retour&lt;\/p&gt;\" width=\"1200\" height=\"800\"\/> \u00a9 Shutterstock<\/p>\n<p id=\"caption-attachment-1197125\" class=\"wp-caption-text\">Le jean<br \/>\niconique de Carolyn Bessette-Kennedy fait son grand retour cette<br \/>\nrentr\u00e9e<\/p>\n<p data-start=\"3511\" data-end=\"3768\">C\u2019est cette justesse qui<br \/>\nexplique son retour aujourd\u2019hui, alors que la mode privil\u00e9gie de<br \/>\nplus en plus des pi\u00e8ces durables et r\u00e9invent\u00e9es. \u00c0 la rentr\u00e9e 2025,<br \/>\nce jean n\u2019est pas <strong>qu\u2019un simple clin d\u2019\u0153il<br \/>\nnostalgique<\/strong>. Il illustre l\u2019envie d\u2019un vestiaire<br \/>\nresponsable o\u00f9 les classiques traversent les saisons. Avec sa coupe<br \/>\nparfaite, il confirme qu\u2019il reste l\u2019un des investissements les plus<br \/>\ns\u00fbrs \u2013 et les plus \u00e9l\u00e9gants \u2013 de notre garde-robe. Alors, vous<br \/>\nsavez ce qu&rsquo;il vous reste \u00e0 faire&#8230;<\/p>\n<p><script async src=\"\/\/www.tiktok.com\/embed.js\"><\/script><\/p>\n","protected":false},"excerpt":{"rendered":"Chaque rentr\u00e9e voit ressurgir des pi\u00e8ces mode que l\u2019on croyait r\u00e9serv\u00e9es aux archives. Cette saison, c\u2019est un jean&hellip;\n","protected":false},"author":2,"featured_media":327516,"comment_status":"","ping_status":"","sticky":false,"template":"","format":"standard","meta":{"footnotes":""},"categories":[8],"tags":[58,59,1011,27,13392,28313,8551],"class_list":{"0":"post-327515","1":"post","2":"type-post","3":"status-publish","4":"format-standard","5":"has-post-thumbnail","7":"category-divertissement","8":"tag-divertissement","9":"tag-entertainment","10":"tag-fr","11":"tag-france","12":"tag-jean","13":"tag-rentree","14":"tag-tendance"},"share_on_mastodon":{"url":"https:\/\/pubeurope.com\/@fr\/115050948303511611","error":""},"_links":{"self":[{"href":"https:\/\/www.europesays.com\/fr\/wp-json\/wp\/v2\/posts\/327515","targetHints":{"allow":["GET"]}}],"collection":[{"href":"https:\/\/www.europesays.com\/fr\/wp-json\/wp\/v2\/posts"}],"about":[{"href":"https:\/\/www.europesays.com\/fr\/wp-json\/wp\/v2\/types\/post"}],"author":[{"embeddable":true,"href":"https:\/\/www.europesays.com\/fr\/wp-json\/wp\/v2\/users\/2"}],"replies":[{"embeddable":true,"href":"https:\/\/www.europesays.com\/fr\/wp-json\/wp\/v2\/comments?post=327515"}],"version-history":[{"count":0,"href":"https:\/\/www.europesays.com\/fr\/wp-json\/wp\/v2\/posts\/327515\/revisions"}],"wp:featuredmedia":[{"embeddable":true,"href":"https:\/\/www.europesays.com\/fr\/wp-json\/wp\/v2\/media\/327516"}],"wp:attachment":[{"href":"https:\/\/www.europesays.com\/fr\/wp-json\/wp\/v2\/media?parent=327515"}],"wp:term":[{"taxonomy":"category","embeddable":true,"href":"https:\/\/www.europesays.com\/fr\/wp-json\/wp\/v2\/categories?post=327515"},{"taxonomy":"post_tag","embeddable":true,"href":"https:\/\/www.europesays.com\/fr\/wp-json\/wp\/v2\/tags?post=327515"}],"curies":[{"name":"wp","href":"https:\/\/api.w.org\/{rel}","templated":true}]}}