{"id":327517,"date":"2025-08-18T17:28:15","date_gmt":"2025-08-18T17:28:15","guid":{"rendered":"https:\/\/www.europesays.com\/fr\/327517\/"},"modified":"2025-08-18T17:28:15","modified_gmt":"2025-08-18T17:28:15","slug":"charismatic-le-nouveau-systeme-dexploitation-apple-qui-ne-ressemble-a-rien-de-connu","status":"publish","type":"post","link":"https:\/\/www.europesays.com\/fr\/327517\/","title":{"rendered":"\u00ab\u00a0Charismatic\u00a0\u00bb : le nouveau syst\u00e8me d\u2019exploitation Apple qui ne ressemble \u00e0 rien de connu"},"content":{"rendered":"<p>En bref<\/p>\n<ul class=\"ed__lists ed__bdy__l\">\n<li>Apple d\u00e9velopperait Charismatic, un nouveau syst\u00e8me d\u2019exploitation d\u00e9di\u00e9 \u00e0 la domotique.<\/li>\n<li>Ce dernier combinerait tvOS et watchOS, avec widgets, cadrans et commandes vocales via Siri.<\/li>\n<li>Un premier \u00e9cran connect\u00e9 en 2026 et un bras robotique en 2027 tireraient parti de ce syst\u00e8me d&rsquo;exploitation.<\/li>\n<\/ul>\n<p class=\"ed__a-p ed__bdy__l\">Se r\u00e9inventer, Apple s\u2019appr\u00eate \u00e0 le faire dans les mois \u00e0 venir. Outre les ordinateurs, les tablettes ou encore les smartphones et ses divers accessoires, l\u2019entreprise dirig\u00e9e par Tim Cook s\u2019appr\u00eaterait \u00e0 <a href=\"https:\/\/www.lesnumeriques.com\/objet-connecte\/maison-connectee-trois-produits-prevus-par-apple-en-2025-n230954.html\" title=\"Maison connect\u00e9e : trois produits pr\u00e9vus par Apple en 2025\" rel=\"nofollow noopener\" target=\"_blank\">intensifier ses efforts dans la domotique<\/a>. Pour l\u2019occasion, un nouveau syst\u00e8me d\u2019exploitation verrait le jour, et il aurait tout de \u201dCharismatic\u201d.<\/p>\n<p>C\u2019est quoi \u201cCharismatic\u201d ? Ce nouveau syst\u00e8me d\u2019exploitation \u00e9tonnant sign\u00e9 Apple<\/p>\n<p class=\"ed__a-p ed__bdy__l\">Avec un \u00e9cran connect\u00e9 dans les cartons, Apple n\u2019aurait pas d\u2019autre choix que de d\u00e9velopper un tout nouveau syst\u00e8me d\u2019exploitation, connu en interne sous le nom de code \u201dCharismatic\u201d. C\u2019est ainsi que Mark Gurman est venu nous \u00e9clairer de sa lanterne via sa derni\u00e8re newsletter Power On.<\/p>\n<p class=\"ed__a-p ed__bdy__l\">Le journaliste de chez Bloomberg parle ainsi d\u2019un mix entre tvOS et <a href=\"https:\/\/www.lesnumeriques.com\/montre-connectee\/watchos-26-les-apple-watch-evoluent-mais-sans-faire-leur-revolution-n237889.html\" title=\"watchOS 26 : les Apple Watch \u00e9voluent, mais sans faire leur r\u00e9volution\" rel=\"nofollow noopener\" target=\"_blank\">watchOS<\/a>, avec une grille hexagonale d\u2019applications ainsi qu\u2019une interface bas\u00e9e sur les cadrans d&rsquo;horloge et les widgets \u2014 comme sur l&rsquo;Apple Watch.<\/p>\n<p class=\"ed__a-p ed__bdy__l\">Son utilisation <a href=\"https:\/\/www.lesnumeriques.com\/telephone-portable\/ios-26-pas-de-siri-booste-a-l-ia-avant-2026-confirme-apple-n238058.html\" title=\"iOS 26 : pas de Siri boost\u00e9 \u00e0 l\u2019IA avant 2026, confirme Apple\" rel=\"nofollow noopener\" target=\"_blank\">tirerait principalement parti de Siri<\/a> gr\u00e2ce \u00e0 diverses commandes vocales, bien que l\u2019\u00e9cran tactile puisse aussi \u00eatre utilis\u00e9. L\u2019objectif ici est simple : tout contr\u00f4ler par la voix, et dans le pire des cas avec les doigts.<\/p>\n<p class=\"ed__a-p ed__bdy__l\">C\u00f4t\u00e9 applications, Apple pr\u00e9-installerait plusieurs de ses applications, dont Calendrier, Appareil photo, Musique, Rappels et Notes. On se rappelle au passage que les pr\u00e9c\u00e9dentes rumeurs sur l\u2019\u00e9cran connect\u00e9 de la firme \u00e0 la pomme parlaient aussi de <a href=\"https:\/\/www.lesnumeriques.com\/objet-connecte\/apple-pas-d-ecran-connecte-pour-2025-a-cause-des-retards-de-siri-n235252.html\" title=\"Apple : pas d\u2019\u00e9cran connect\u00e9 pour 2025 \u00e0 cause des retards de Siri\" rel=\"nofollow noopener\" target=\"_blank\">passer des appels vid\u00e9o<\/a>, en plus du contr\u00f4le de la domotique.<\/p>\n<p class=\"ed__a-p ed__bdy__l\">Pour finir, Mark Gurman explique que le syst\u00e8me d\u2019exploitation permettrait une utilisation fluide entre les diff\u00e9rents membres d\u2019un m\u00eame foyer gr\u00e2ce \u00e0 un mode multi-utilisateurs. La cam\u00e9ra frontale pourrait d\u2019ailleurs \u201cscanner le visage des utilisateurs lorsqu&rsquo;ils s&rsquo;approchent, puis modifier automatiquement la disposition, les fonctionnalit\u00e9s et le contenu en fonction des pr\u00e9f\u00e9rences de cette personne\u201d.<\/p>\n<p class=\"ed__a-p ed__bdy__l\">Tant d\u2019arguments qui devraient r\u00e9ussir \u00e0 s\u00e9duire les clients Apple et les inciter \u00e0 mettre un tel appareil dans leur logement. Pour rappel, le premier \u00e9cran connect\u00e9, alias <a href=\"https:\/\/www.lesnumeriques.com\/assistant-domotique\/apple-ne-lancerait-pas-son-ecran-connecte-pour-la-domotique-de-sitot-n232987.html\" title=\"HomePad : Apple ne lancerait pas son \u00e9cran connect\u00e9 pour la domotique de sit\u00f4t\" rel=\"nofollow noopener\" target=\"_blank\">le HomePad<\/a>, serait attendu pour le milieu de l\u2019ann\u00e9e 2026 \u2014 s\u2019ensuivrait un bras robotique \u00e9quip\u00e9 d\u2019un \u00e9cran en 2027.<\/p>\n<p>            Publicit\u00e9, votre contenu continue ci-dessous<\/p>\n<p>        Publicit\u00e9<\/p>\n","protected":false},"excerpt":{"rendered":"En bref Apple d\u00e9velopperait Charismatic, un nouveau syst\u00e8me d\u2019exploitation d\u00e9di\u00e9 \u00e0 la domotique. Ce dernier combinerait tvOS et&hellip;\n","protected":false},"author":2,"featured_media":327518,"comment_status":"","ping_status":"","sticky":false,"template":"","format":"standard","meta":{"footnotes":""},"categories":[7],"tags":[1011,27,43,40,41,39,42,44],"class_list":{"0":"post-327517","1":"post","2":"type-post","3":"status-publish","4":"format-standard","5":"has-post-thumbnail","7":"category-sciences-et-technologies","8":"tag-fr","9":"tag-france","10":"tag-science","11":"tag-science-and-technology","12":"tag-sciences","13":"tag-sciences-et-technologies","14":"tag-technologies","15":"tag-technology"},"share_on_mastodon":{"url":"https:\/\/pubeurope.com\/@fr\/115050952015567216","error":""},"_links":{"self":[{"href":"https:\/\/www.europesays.com\/fr\/wp-json\/wp\/v2\/posts\/327517","targetHints":{"allow":["GET"]}}],"collection":[{"href":"https:\/\/www.europesays.com\/fr\/wp-json\/wp\/v2\/posts"}],"about":[{"href":"https:\/\/www.europesays.com\/fr\/wp-json\/wp\/v2\/types\/post"}],"author":[{"embeddable":true,"href":"https:\/\/www.europesays.com\/fr\/wp-json\/wp\/v2\/users\/2"}],"replies":[{"embeddable":true,"href":"https:\/\/www.europesays.com\/fr\/wp-json\/wp\/v2\/comments?post=327517"}],"version-history":[{"count":0,"href":"https:\/\/www.europesays.com\/fr\/wp-json\/wp\/v2\/posts\/327517\/revisions"}],"wp:featuredmedia":[{"embeddable":true,"href":"https:\/\/www.europesays.com\/fr\/wp-json\/wp\/v2\/media\/327518"}],"wp:attachment":[{"href":"https:\/\/www.europesays.com\/fr\/wp-json\/wp\/v2\/media?parent=327517"}],"wp:term":[{"taxonomy":"category","embeddable":true,"href":"https:\/\/www.europesays.com\/fr\/wp-json\/wp\/v2\/categories?post=327517"},{"taxonomy":"post_tag","embeddable":true,"href":"https:\/\/www.europesays.com\/fr\/wp-json\/wp\/v2\/tags?post=327517"}],"curies":[{"name":"wp","href":"https:\/\/api.w.org\/{rel}","templated":true}]}}