{"id":327519,"date":"2025-08-18T17:29:13","date_gmt":"2025-08-18T17:29:13","guid":{"rendered":"https:\/\/www.europesays.com\/fr\/327519\/"},"modified":"2025-08-18T17:29:13","modified_gmt":"2025-08-18T17:29:13","slug":"cest-le-4x4-le-plus-attendu-et-bon-marche-aux-faux-airs-de-golf-1","status":"publish","type":"post","link":"https:\/\/www.europesays.com\/fr\/327519\/","title":{"rendered":"C&rsquo;est le 4&#215;4 le plus attendu et bon march\u00e9 aux faux airs de Golf 1"},"content":{"rendered":"<p itemprop=\"description\">Rivian continue de pr\u00e9parer son arriv\u00e9e en Europe. La marque am\u00e9ricaine y commercialisera plusieurs mod\u00e8les, \u00e0 terme, dont un SUV urbain qui n\u2019est pas sans rappeler une v\u00e9ritable l\u00e9gende europ\u00e9enne : la Golf premi\u00e8re du nom.<\/p>\n<p>EN BREF<\/p>\n<ul class=\"bloc_resume_post_list\">\n<li>\n<p>\t\t\t\t\t\t\t\tRivian, constructeur am\u00e9ricain de v\u00e9hicules \u00e9lectriques, pr\u00e9voit de s&rsquo;implanter en Europe en 2026 avec de nouveaux mod\u00e8les adapt\u00e9s \u00e0 notre march\u00e9.\n\t\t\t\t\t\t<\/li>\n<li>\n<p>\t\t\t\t\t\t\t\tLa marque lancera le R3, un SUV urbain \u00e9lectrique, ainsi que le R2, un SUV familial, pour concurrencer Tesla avec des prix comp\u00e9titifs.\n\t\t\t\t\t\t<\/li>\n<li>\n<p>\t\t\t\t\t\t\t\tLe Rivian R3 profite d&rsquo;un design n\u00e9o-r\u00e9tro, qui rappelle la premi\u00e8re g\u00e9n\u00e9ration de la Volkswagen Golf.\n\t\t\t\t\t\t<\/li>\n<\/ul>\n<p style=\"font-weight: 400;\">Rivian est une marque encore peu connue, en Europe. Ceux qui suivent l\u2019actualit\u00e9 automobile am\u00e9ricaine ont d\u00e9j\u00e0 entendu le nom de ce constructeur, dont on parle principalement pour son pick-up 100% \u00e9lectrique. Mais <strong>Rivian s\u2019appr\u00eate \u00e0 d\u00e9barquer sur le Vieux Continent. Son arriv\u00e9e est pr\u00e9vue pour l\u2019ann\u00e9e prochaine,<\/strong> et il y aura du nouveau dans la gamme d\u2019ici l\u00e0.<\/p>\n<p>    <strong>Rivian entrera bient\u00f4t dans la bataille en Europe<\/strong> <\/p>\n<p style=\"font-weight: 400;\">Rivian est actuellement connu principalement pour son R1T, un \u00e9norme pick-up 100% \u00e9lectrique. <strong>Celui-ci est n\u00e9anmoins commercialis\u00e9 presque exclusivement aux \u00c9tats-Unis.<\/strong> Ce qui, \u00e9videmment, limite la renomm\u00e9e de <a href=\"https:\/\/rivian.com\/fr-FR\" target=\"_blank\" rel=\"noopener nofollow\">la marque<\/a> am\u00e9ricaine. Mais les choses devraient changer, et ce d\u00e8s l\u2019ann\u00e9e prochaine.<\/p>\n<p style=\"font-weight: 400;\">En 2026, Rivian doit poser ses valises sur d\u2019autres march\u00e9s, dont l\u2019Europe. Bien s\u00fbr, il faudra pour cela proposer autre chose qu\u2019un pick-up d\u00e9mesur\u00e9, pour r\u00e9pondre aux normes et aux besoins des europ\u00e9ens. Le constructeur y travaille justement. Sur le Vieux Continent, <strong>nous aurons droit au R3, un SUV urbain, toujours <a href=\"https:\/\/www.autoplus.fr\/environnement\/voiture-electrique\/voitures-electriques-vraiment-moins-cheres-a-entretenir-1392068.html\" target=\"_blank\" rel=\"noopener nofollow\">100% \u00e9lectrique<\/a>.<\/strong> Ainsi que, probablement, <strong>au R2, un <a href=\"https:\/\/www.autoplus.fr\/pratique\/comparatifs-guides-achat\/suv-urbain-doccasion-les-modeles-de-moins-de-5-ans-a-acheter-sans-hesiter-1392689.html\" target=\"_blank\" rel=\"noopener nofollow\">SUV<\/a> \u00e0 vocation plus familiale.<\/strong> Mais d\u2019autres mod\u00e8les devraient venir \u00e9toffer la gamme, \u00e0 terme. Comme l\u2019a r\u00e9cemment confi\u00e9 Robert Joseph Scaringe, le fondateur et PDG de Rivian,<strong> le catalogue pourrait compter 5 ou 6 mod\u00e8les diff\u00e9rents.<\/strong><\/p>\n<p style=\"font-weight: 400;\">Rivian ne cache pas son intention de concurrencer Tesla. <strong>On peut donc s\u2019attendre \u00e0 des tarifs agressifs,<\/strong> aussi attractifs (voire plus) que ceux d\u2019un <a href=\"https:\/\/www.autoplus.fr\/essai\/tesla-model-y-grande-autonomie-propulsion-la-meilleure-version-du-model-y\" target=\"_blank\" rel=\"noopener nofollow\">Tesla Model Y<\/a>, par exemple.<\/p>\n<p> <img loading=\"lazy\" decoding=\"async\" aria-describedby=\"caption-attachment-1394038\" itemprop=\"thumbnailUrl\" class=\"size-large wp-image-1394038 img-responsive \" src=\"https:\/\/www.europesays.com\/fr\/wp-content\/uploads\/2025\/08\/19.jpg-768x511.jpg\" alt=\"Rivian R3\" width=\"768\" height=\"511\"\/> \u00a9  Rivian<\/p>\n<p id=\"caption-attachment-1394038\" class=\"wp-caption-text\">Sous certains angles, la ressemblance avec la premi\u00e8re Golf est frappante.<\/p>\n<p>    <strong>Quoi de mieux qu\u2019un clin d\u2019\u0153il \u00e0 la premi\u00e8re Golf pour d\u00e9barquer en Europe\u00a0?<\/strong> <\/p>\n<p style=\"font-weight: 400;\">Pour l\u2019heure, seuls les R2 et R3 se laissent observer. Et pour cause, les futurs mod\u00e8les ne sont encore qu\u2019\u00e0 l\u2019\u00e9tat de projets. Rivian communique tout de m\u00eame quelques images, l\u2019occasion d\u2019admirer en d\u00e9tail le R3.<\/p>\n<p style=\"font-weight: 400;\">Et si celui-ci retient notre attention, c\u2019est tout simplement parce qu\u2019il rappelle furieusement une v\u00e9ritable icone europ\u00e9enne\u00a0: la Volkswagen Golf. Certes, il faut avoir l\u2019esprit ouvert. On parle ici d\u2019un SUV, au look robuste et aux proportions\u2026 de SUV. Mais, <strong>tout en conservant les codes stylistiques propres \u00e0 Rivian, le R3 ressemble \u00e0 la premi\u00e8re g\u00e9n\u00e9ration de Golf sous certains angles.<\/strong> C\u2019est d\u2019autant plus marquant de profil, et de trois quarts arri\u00e8re. Capot horizontal, style rectiligne, lunette arri\u00e8re inclin\u00e9e\u2026 Tout y est\u00a0!<\/p>\n<p style=\"font-weight: 400;\">L\u2019habitacle est lui aussi d\u00e9j\u00e0 visible. \u00c0 bord, le lien avec la Golf premi\u00e8re du nom est moins \u00e9vident. Tendance oblige, <strong>la planche de bord est tr\u00e8s \u00e9pur\u00e9e, et surtout tr\u00e8s num\u00e9rique.<\/strong> Reste qu\u2019avec un design aussi sympathique, et une fiche technique \u00e0 la hauteur, ce Rivian R3 a toutes ses chances chez nous. \u00c0 condition d\u2019\u00eatre bien positionn\u00e9.<\/p>\n","protected":false},"excerpt":{"rendered":"Rivian continue de pr\u00e9parer son arriv\u00e9e en Europe. La marque am\u00e9ricaine y commercialisera plusieurs mod\u00e8les, \u00e0 terme, dont&hellip;\n","protected":false},"author":2,"featured_media":327520,"comment_status":"","ping_status":"","sticky":false,"template":"","format":"standard","meta":{"footnotes":""},"categories":[6],"tags":[35,33,34,1011,27,1638],"class_list":{"0":"post-327519","1":"post","2":"type-post","3":"status-publish","4":"format-standard","5":"has-post-thumbnail","7":"category-economie","8":"tag-business","9":"tag-economie","10":"tag-economy","11":"tag-fr","12":"tag-france","13":"tag-has_diapo"},"share_on_mastodon":{"url":"https:\/\/pubeurope.com\/@fr\/115050955743501941","error":""},"_links":{"self":[{"href":"https:\/\/www.europesays.com\/fr\/wp-json\/wp\/v2\/posts\/327519","targetHints":{"allow":["GET"]}}],"collection":[{"href":"https:\/\/www.europesays.com\/fr\/wp-json\/wp\/v2\/posts"}],"about":[{"href":"https:\/\/www.europesays.com\/fr\/wp-json\/wp\/v2\/types\/post"}],"author":[{"embeddable":true,"href":"https:\/\/www.europesays.com\/fr\/wp-json\/wp\/v2\/users\/2"}],"replies":[{"embeddable":true,"href":"https:\/\/www.europesays.com\/fr\/wp-json\/wp\/v2\/comments?post=327519"}],"version-history":[{"count":0,"href":"https:\/\/www.europesays.com\/fr\/wp-json\/wp\/v2\/posts\/327519\/revisions"}],"wp:featuredmedia":[{"embeddable":true,"href":"https:\/\/www.europesays.com\/fr\/wp-json\/wp\/v2\/media\/327520"}],"wp:attachment":[{"href":"https:\/\/www.europesays.com\/fr\/wp-json\/wp\/v2\/media?parent=327519"}],"wp:term":[{"taxonomy":"category","embeddable":true,"href":"https:\/\/www.europesays.com\/fr\/wp-json\/wp\/v2\/categories?post=327519"},{"taxonomy":"post_tag","embeddable":true,"href":"https:\/\/www.europesays.com\/fr\/wp-json\/wp\/v2\/tags?post=327519"}],"curies":[{"name":"wp","href":"https:\/\/api.w.org\/{rel}","templated":true}]}}