{"id":32752,"date":"2025-04-18T00:25:21","date_gmt":"2025-04-18T00:25:21","guid":{"rendered":"https:\/\/www.europesays.com\/fr\/32752\/"},"modified":"2025-04-18T00:25:21","modified_gmt":"2025-04-18T00:25:21","slug":"lhypothese-dun-duel-entre-jean-michel-aulas-et-gregory-doucet-relance-les-municipales-a-lyon","status":"publish","type":"post","link":"https:\/\/www.europesays.com\/fr\/32752\/","title":{"rendered":"L\u2019hypoth\u00e8se d\u2019un duel entre Jean-Michel Aulas et Gr\u00e9gory Doucet relance les municipales \u00e0 Lyon"},"content":{"rendered":"<p>La rumeur d\u2019une candidature et de premiers sondages flatteurs ont fait de l\u2019ancien pr\u00e9sident de l\u2019OL le champion providentiel du centre droit pour tenter de battre le maire \u00e9cologiste sortant en 2026.<\/p>\n<p class=\"fig-paragraph\">Un duel annonc\u00e9 qui pourrait r\u00e9veiller les municipales \u00e0 Lyon. Largement critiqu\u00e9e, la majorit\u00e9 \u00e9cologiste qui a repris la mairie \u00e0\u00a0<a href=\"http:\/\/www.lefigaro.fr\/lyon\/a-lyon-la-classe-politique-et-les-lyonnais-unis-pour-un-dernier-au-revoir-a-gerard-collomb-20231129\" data-fig-type=\"NewsFlash\" data-gtm-custom-categorie=\"navigation\" data-gtm-custom-action=\"crossclick\" data-gtm-custom-label=\"Contextuel\" data-gtm-event=\"customEventSPE\" data-fig-domain=\"LEFIGARO\" target=\"_blank\" rel=\"noopener\">G\u00e9rard Collomb<\/a>\u00a0en 2020 avait n\u00e9anmoins confort\u00e9 son assise \u00e9lectorale lors des deux scrutins nationaux de l\u2019an pass\u00e9, raflant jusqu\u2019\u00e0 la 4e circonscription l\u00e9gislative,\u00a0<a href=\"http:\/\/www.lefigaro.fr\/lyon\/a-lyon-la-gauche-en-mesure-de-placer-une-deputee-dans-les-quartiers-chics-d-un-bastion-de-droite-20240704\" data-fig-type=\"NewsFlash\" data-gtm-custom-categorie=\"navigation\" data-gtm-custom-action=\"crossclick\" data-gtm-custom-label=\"Contextuel\" data-gtm-event=\"customEventSPE\" data-fig-domain=\"LEFIGARO\" target=\"_blank\" rel=\"noopener\">taill\u00e9e pour la droite depuis trois d\u00e9cennies<\/a>. Le manque de consistance et d\u2019incarnation de son opposition devait ouvrir un boulevard \u00e0 la r\u00e9\u00e9lection de l\u2019\u00e9dile Gr\u00e9gory Doucet (EELV) qui a annonc\u00e9, d\u00e8s la mi-mandat, briguer de nouveau la mairie.<\/p>\n<p class=\"fig-paragraph\">L\u2019apparition de Jean-Michel Aulas dans le champ politique local a donc \u00e9t\u00e9 vue comme providentielle pour le centre et la droite, qui peinaient jusqu\u2019ici \u00e0 offrir une alternative cr\u00e9dible aux \u00e9colos. \u00abSi Jean-Michel peut faire irruption dans le tissu local avec autant de force, c\u2019est que le personnel actuel est dans les roses\u00bb, commente un de ses proches. Ses tweets rageurs contre les travaux, les bouchons, ou l\u2019ins\u00e9curit\u00e9 ont peu \u00e0 peu laiss\u00e9 grandir\u2026<\/p>\n<p class=\"fig-premium-paywall__infos\">\n        Cet article est r\u00e9serv\u00e9 aux abonn\u00e9s.        Il vous reste 86% \u00e0 d\u00e9couvrir.\n    <\/p>\n<p>                <img  data- alt=\"Le Figaro\" class=\"fig-img--complete fig-img\"\/><\/p>\n<p class=\"fig-premium-paywall__title\">Vous avez envie de lire la suite ?<\/p>\n<p class=\"fig-premium-paywall__subtitle\">D\u00e9bloquez tous les articles imm\u00e9diatement.<\/p>\n<p class=\"fig-premium-paywall__connect\">\n                D\u00e9j\u00e0 abonn\u00e9\u00a0?                <a class=\"fig-premium-paywall__connect-link\" href=\"https:\/\/connect.lefigaro.fr\/login?client=horizon_web&amp;type=main&amp;redirect_uri=https%3A%2F%2Fwww.lefigaro.fr%2Flyon%2Fl-hypothese-d-un-duel-entre-jean-michel-aulas-et-gregory-doucet-relance-les-municipales-a-lyon-20250417\" data-js-gtm=\"{&quot;customCategorie&quot;: &quot;conversion&quot;, &quot;customAction&quot;: &quot;before_Landing_Connexion_paywall_auto&quot;, &quot;customLabel&quot;: &quot;bGVmaWdhcm8uZnJfXzFmMDE5ZTJlLWY3YTYtNjRjMC1hYzZlLWVkZTQ3YjNkOTg5MV9fTmV3c0ZsYXNo_L\u2019hypoth\u00e8se d\u2019un duel entre Jean-Michel Aulas et Gr\u00e9gory Doucet relance les municipales \u00e0 Lyon_454&quot;, &quot;customIDSPE&quot;: &quot;bGVmaWdhcm8uZnJfXzFmMDE5ZTJlLWY3YTYtNjRjMC1hYzZlLWVkZTQ3YjNkOTg5MV9fTmV3c0ZsYXNo&quot;, &quot;event&quot;: &quot;customEventSPE&quot;}\" target=\"_blank\" rel=\"noopener\"><br \/>\n                    Connectez-vous<br \/>\n                <\/a>\n            <\/p>\n","protected":false},"excerpt":{"rendered":"La rumeur d\u2019une candidature et de premiers sondages flatteurs ont fait de l\u2019ancien pr\u00e9sident de l\u2019OL le champion&hellip;\n","protected":false},"author":2,"featured_media":32753,"comment_status":"","ping_status":"","sticky":false,"template":"","format":"standard","meta":{"footnotes":""},"categories":[1889],"tags":[1111,11,5273,2430,5299,5272,5312,5296,5285,4188,1777,674,5293,1011,27,5303,5311,5226,5301,5227,5279,5275,5313,5276,5300,5302,5280,5298,5281,5306,5305,5308,5309,5284,5294,5297,5269,5271,5268,5270,5267,2428,5295,5307,5277,5304,5283,12,978,5274,25,2431,5314,5288,5292,5289,5291,5290,5315,5282,5286,5310,5287,5278],"class_list":{"0":"post-32752","1":"post","2":"type-post","3":"status-publish","4":"format-standard","5":"has-post-thumbnail","7":"category-lyon","8":"tag-actu","9":"tag-actualites","10":"tag-ainay","11":"tag-auvergne-rhone-alpes","12":"tag-bellecombe","13":"tag-bellecour","14":"tag-champvert-nord","15":"tag-champvert-sud","16":"tag-clos-jouve","17":"tag-elections-municipales","18":"tag-eu","19":"tag-europe","20":"tag-fourviere","21":"tag-fr","22":"tag-france","23":"tag-gerland","24":"tag-gorge-de-loup","25":"tag-gregory-doucet","26":"tag-jean-mace","27":"tag-jean-michel-aulas","28":"tag-la-buire","29":"tag-la-confluence","30":"tag-la-duchere","31":"tag-la-guillotiere-nord-prefecture","32":"tag-la-guillotiere-sud","33":"tag-la-mouche","34":"tag-la-part-dieu","35":"tag-la-tete-dor","36":"tag-la-villette","37":"tag-laennec","38":"tag-le-bachut","39":"tag-le-grand-trou","40":"tag-le-moulin-a-vent","41":"tag-le-plateau-de-la-croix-rousse","42":"tag-le-point-du-jour","43":"tag-les-brotteaux","44":"tag-les-chartreux","45":"tag-les-cordeliers","46":"tag-les-pentes-de-la-croix-rousse","47":"tag-les-terreaux","48":"tag-les-traboules","49":"tag-lyon","50":"tag-menival","51":"tag-mermoz","52":"tag-moncey","53":"tag-monplaisir","54":"tag-montchat","55":"tag-news","56":"tag-olympique-lyonnais","57":"tag-perrache","58":"tag-republique-francaise","59":"tag-rhone-alpes","60":"tag-rochecardon-industrie","61":"tag-saint-georges","62":"tag-saint-irenee","63":"tag-saint-jean","64":"tag-saint-just","65":"tag-saint-paul","66":"tag-saint-rambert-lile-barbe","67":"tag-sans-souci-dauphine","68":"tag-serin-saint-charles","69":"tag-vaise","70":"tag-vieux-lyon","71":"tag-voltaire"},"share_on_mastodon":{"url":"","error":"Validation failed: Text character limit of 500 exceeded"},"_links":{"self":[{"href":"https:\/\/www.europesays.com\/fr\/wp-json\/wp\/v2\/posts\/32752","targetHints":{"allow":["GET"]}}],"collection":[{"href":"https:\/\/www.europesays.com\/fr\/wp-json\/wp\/v2\/posts"}],"about":[{"href":"https:\/\/www.europesays.com\/fr\/wp-json\/wp\/v2\/types\/post"}],"author":[{"embeddable":true,"href":"https:\/\/www.europesays.com\/fr\/wp-json\/wp\/v2\/users\/2"}],"replies":[{"embeddable":true,"href":"https:\/\/www.europesays.com\/fr\/wp-json\/wp\/v2\/comments?post=32752"}],"version-history":[{"count":0,"href":"https:\/\/www.europesays.com\/fr\/wp-json\/wp\/v2\/posts\/32752\/revisions"}],"wp:featuredmedia":[{"embeddable":true,"href":"https:\/\/www.europesays.com\/fr\/wp-json\/wp\/v2\/media\/32753"}],"wp:attachment":[{"href":"https:\/\/www.europesays.com\/fr\/wp-json\/wp\/v2\/media?parent=32752"}],"wp:term":[{"taxonomy":"category","embeddable":true,"href":"https:\/\/www.europesays.com\/fr\/wp-json\/wp\/v2\/categories?post=32752"},{"taxonomy":"post_tag","embeddable":true,"href":"https:\/\/www.europesays.com\/fr\/wp-json\/wp\/v2\/tags?post=32752"}],"curies":[{"name":"wp","href":"https:\/\/api.w.org\/{rel}","templated":true}]}}