{"id":327529,"date":"2025-08-18T17:34:11","date_gmt":"2025-08-18T17:34:11","guid":{"rendered":"https:\/\/www.europesays.com\/fr\/327529\/"},"modified":"2025-08-18T17:34:11","modified_gmt":"2025-08-18T17:34:11","slug":"saint-etienne-il-y-a-plus-de-soixante-ans-le-parc-de-leurope-voyait-le-jour","status":"publish","type":"post","link":"https:\/\/www.europesays.com\/fr\/327529\/","title":{"rendered":"Saint-\u00c9tienne. Il y a plus de soixante ans, le Parc de l\u2019Europe\u00a0voyait le jour"},"content":{"rendered":"<p>En 1964, avant la cr\u00e9ation du Parc de l\u2019Europe, le site faisait partie du quartier de la M\u00e9tare. C\u2019est un espace qui fera l\u2019objet d\u2019un important projet d\u2019urbanisation dans les ann\u00e9es soixante.<\/p>\n<p>Le Plan urbain d\u2019am\u00e9nagement du quartier de Beaulieu \u2013 La M\u00e9tare a \u00e9t\u00e9 vot\u00e9 par le conseil municipal d\u00e8s 1955 (pendant le mandat du maire Alexandre de Fraissinette), et il \u00e9voquera la cr\u00e9ation d\u2019un parc \u00e0 La M\u00e9tare.<\/p>\n<p>L\u2019objectif\u00a0: proposer des jardins adapt\u00e9s \u00e0 tous les publics<\/p>\n<p>En 1963, le terrain est donc destin\u00e9 \u00e0 devenir le Parc de l\u2019Europe dans le cadre de l\u2019urbanisation du quartier. Les travaux du parc d\u00e9butent dans l\u2019ann\u00e9e 1964 apr\u00e8s la validation du projet par la municipalit\u00e9 en juillet\u00a01964 (pendant la mandature de Michel Durafour).<\/p>\n<p>Le projet consiste \u00e0&#8230;<\/p>\n","protected":false},"excerpt":{"rendered":"En 1964, avant la cr\u00e9ation du Parc de l\u2019Europe, le site faisait partie du quartier de la M\u00e9tare.&hellip;\n","protected":false},"author":2,"featured_media":327530,"comment_status":"","ping_status":"","sticky":false,"template":"","format":"standard","meta":{"footnotes":""},"categories":[9653],"tags":[1111,11,2430,7539,436,1777,674,1011,27,12,25,4001,7538],"class_list":{"0":"post-327529","1":"post","2":"type-post","3":"status-publish","4":"format-standard","5":"has-post-thumbnail","7":"category-saint-etienne","8":"tag-actu","9":"tag-actualites","10":"tag-auvergne-rhone-alpes","11":"tag-edition-loire-sud","12":"tag-environnement","13":"tag-eu","14":"tag-europe","15":"tag-fr","16":"tag-france","17":"tag-news","18":"tag-republique-francaise","19":"tag-saint-etienne","20":"tag-saint-etienne-ville"},"share_on_mastodon":{"url":"https:\/\/pubeurope.com\/@fr\/115050975346600422","error":""},"_links":{"self":[{"href":"https:\/\/www.europesays.com\/fr\/wp-json\/wp\/v2\/posts\/327529","targetHints":{"allow":["GET"]}}],"collection":[{"href":"https:\/\/www.europesays.com\/fr\/wp-json\/wp\/v2\/posts"}],"about":[{"href":"https:\/\/www.europesays.com\/fr\/wp-json\/wp\/v2\/types\/post"}],"author":[{"embeddable":true,"href":"https:\/\/www.europesays.com\/fr\/wp-json\/wp\/v2\/users\/2"}],"replies":[{"embeddable":true,"href":"https:\/\/www.europesays.com\/fr\/wp-json\/wp\/v2\/comments?post=327529"}],"version-history":[{"count":0,"href":"https:\/\/www.europesays.com\/fr\/wp-json\/wp\/v2\/posts\/327529\/revisions"}],"wp:featuredmedia":[{"embeddable":true,"href":"https:\/\/www.europesays.com\/fr\/wp-json\/wp\/v2\/media\/327530"}],"wp:attachment":[{"href":"https:\/\/www.europesays.com\/fr\/wp-json\/wp\/v2\/media?parent=327529"}],"wp:term":[{"taxonomy":"category","embeddable":true,"href":"https:\/\/www.europesays.com\/fr\/wp-json\/wp\/v2\/categories?post=327529"},{"taxonomy":"post_tag","embeddable":true,"href":"https:\/\/www.europesays.com\/fr\/wp-json\/wp\/v2\/tags?post=327529"}],"curies":[{"name":"wp","href":"https:\/\/api.w.org\/{rel}","templated":true}]}}