{"id":327539,"date":"2025-08-18T17:40:14","date_gmt":"2025-08-18T17:40:14","guid":{"rendered":"https:\/\/www.europesays.com\/fr\/327539\/"},"modified":"2025-08-18T17:40:14","modified_gmt":"2025-08-18T17:40:14","slug":"il-est-tombe-raide-mort-choc-frontal-rarissime-entre-deux-taureaux","status":"publish","type":"post","link":"https:\/\/www.europesays.com\/fr\/327539\/","title":{"rendered":"\u00ab\u00a0Il est tomb\u00e9 raide mort\u00a0\u00bb, choc frontal rarissime entre deux taureaux"},"content":{"rendered":"<p>            Par<br \/>\n        <strong><br \/>\n            <a href=\"https:\/\/actu.fr\/auteur\/jm-aubert\" title=\"Consulter tous les articles de Jean-Marc Aubert\" rel=\"nofollow noopener\" target=\"_blank\">Jean-Marc Aubert<\/a><br \/>\n        <\/strong><\/p>\n<p>        Publi\u00e9 le<\/p>\n<p>            18 ao\u00fbt 2025 \u00e0 18h26        <\/p>\n<p>Un <strong>l\u00e2cher de taureaux<\/strong>\u00a0dans les rues de P\u00e9rols, au sud de Montpellier, lors des festivit\u00e9s estivales a tourn\u00e9 au drame, ces derniers jours. \u00ab\u00a0Il y a eu un choc frontal violent entre deux bious, l\u2019un est tomb\u00e9 raide mort sur le macadam\u00a0\u00bb, r\u00e9v\u00e8le ce lundi 18 ao\u00fbt \u00e0 <strong>M\u00e9tropolitain\u00a0<\/strong>un passionn\u00e9 de ces courses camarguaises -sans mise \u00e0 mort dans l\u2019ar\u00e8ne, contrairement \u00e0 la corrida- \u00e9tonn\u00e9 que les m\u00e9dias n\u2019ont rien publi\u00e9, la sc\u00e8ne ayant \u00e9t\u00e9 v\u00e9cue par de tr\u00e8s nombreux fans non loin des ar\u00e8nes et de la mairie.<\/p>\n<p>    <a href=\"https:\/\/www.google.com\/maps\/embed?pb=!1m18!1m12!1m3!1d11248.700719573619!2d3.9484710052098513!3d43.559966759813854!2m3!1f0!2f0!3f0!3m2!1i1024!2i768!4f13.1!3m3!1m2!1s0x12b6bb2f099e73b5%3A0x1af9d50e85787b45!2zQXLDqG5lcyBkZSBQw6lyb2xzJ_Cfj58!5e0!3m2!1sfr!2sfr!4v1755531467681!5m2!1sfr!2sfr\" title=\"Ouvrie le lien\" rel=\"nofollow noopener\" target=\"_blank\">Cliquez ici pour visualiser le contenu<\/a><\/p>\n<p class=\" wall-content\">Le maire de P\u00e9rols,<strong> Jean-Pierre Rico<\/strong> confirme : \u00ab\u00a0Un accident de ce genre est rarissime, pour ma part, je n\u2019en ai jamais vu depuis toutes les ann\u00e9es, pourtant je suis un fid\u00e8le fan des courses de taureaux de Camargue dans les rues d\u2019ici, mais \u00e9galement d\u2019ailleurs, o\u00f9 se d\u00e9roulent ces traditions\u00a0\u00bb.<\/p>\n<p>Dans le m\u00eame sens, mais\u2026<\/p>\n<p class=\" wall-content\">Ce choc s\u2019est produit dans des circonstances qui sont difficiles \u00e0 \u00e9tablir, les <strong>bious<\/strong> (race camarguaise) \u00e9tant tous l\u00e2ch\u00e9s dans un m\u00eame sens sur un trajet en coeur de ville s\u00e9curis\u00e9 par du barri\u00e9rage et encadr\u00e9s par des gardians. Ceux qui ont assist\u00e9 \u00e0 la sc\u00e8ne ne comprennent pas pourquoi deux taureaux se sont retrouv\u00e9s face \u00e0 face, sans pouvoir \u00e9viter le choc.<\/p>\n<p class=\" wall-content\">Une sc\u00e8ne qui a eu de tr\u00e8s nombreux t\u00e9moins, dont beaucoup choqu\u00e9s, notamment des H\u00e9raultais et des touristes passionn\u00e9s de courses camarguaises. Il a fallu l\u2019intervention d\u2019un v\u00e9t\u00e9rinaire pour enlever l\u2019animal et pour pratiquer un examen pour d\u00e9terminer l\u2019origine du d\u00e9c\u00e8s : a t-il fait un arr\u00eat cardiaque suite au terrible choc ?<\/p>\n<p>Vid\u00e9os : en ce moment sur Actu<br \/>\n    <a href=\"https:\/\/www.facebook.com\/plugins\/post.php?href=https%3A%2F%2Fwww.facebook.com%2Fvilleperols%2Fposts%2Fpfbid02g1geyoGXQ7BwFvFMTuiowBMdzXSuGrz1z2fGz2QhQS4SyVvRhF471ymvZ6VJKAeBl&amp;show_text=true&amp;width=350\" title=\"Ouvrie le lien\" rel=\"nofollow noopener\" target=\"_blank\">Cliquez ici pour visualiser le contenu<\/a><\/p>\n<p class=\" wall-content\">Le d\u00e9c\u00e8s rarissime de ce biou a jet\u00e9 une vive consternation dans la manade d\u2019Occitanie o\u00f9 il \u00e9tait \u00e9lev\u00e9. \u00c0 P\u00e9rols, les festivit\u00e9s se poursuivent, avec une riche programmation et \u00e9clectique jusqu\u2019au dimanche 31 ao\u00fbt, notamment les <strong>Mercredis du Terroir<\/strong> qui ont lieu ce 20 ao\u00fbt, des rendez-vous pour les petits et les grands.<\/p>\n<p class=\" wall-content\">Personnalisez votre actualit\u00e9 en ajoutant vos villes et m\u00e9dias en favori avec <a href=\"https:\/\/moncompte.actu.fr\" title=\"D\u00e9couvez Mon Actu\" rel=\"nofollow noopener\" data-trk=\"{&quot;cta&quot;:{&quot;action&quot;:&quot;https:\\\/\\\/moncompte.actu.fr&quot;,&quot;category&quot;:&quot;mon compte&quot;,&quot;from&quot;:&quot;article footer&quot;,&quot;name&quot;:&quot;Mon actu&quot;,&quot;type&quot;:&quot;cta&quot;}}\" target=\"_blank\">Mon Actu<\/a>.<\/p>\n","protected":false},"excerpt":{"rendered":"Par Jean-Marc Aubert Publi\u00e9 le 18 ao\u00fbt 2025 \u00e0 18h26 Un l\u00e2cher de taureaux\u00a0dans les rues de P\u00e9rols,&hellip;\n","protected":false},"author":2,"featured_media":327540,"comment_status":"","ping_status":"","sticky":false,"template":"","format":"standard","meta":{"footnotes":""},"categories":[9599],"tags":[1111,11,1777,674,1011,27,1757,2208,12,2680,25],"class_list":{"0":"post-327539","1":"post","2":"type-post","3":"status-publish","4":"format-standard","5":"has-post-thumbnail","7":"category-montpellier","8":"tag-actu","9":"tag-actualites","10":"tag-eu","11":"tag-europe","12":"tag-fr","13":"tag-france","14":"tag-insolite","15":"tag-montpellier","16":"tag-news","17":"tag-occitanie","18":"tag-republique-francaise"},"share_on_mastodon":{"url":"https:\/\/pubeurope.com\/@fr\/115050998827229236","error":""},"_links":{"self":[{"href":"https:\/\/www.europesays.com\/fr\/wp-json\/wp\/v2\/posts\/327539","targetHints":{"allow":["GET"]}}],"collection":[{"href":"https:\/\/www.europesays.com\/fr\/wp-json\/wp\/v2\/posts"}],"about":[{"href":"https:\/\/www.europesays.com\/fr\/wp-json\/wp\/v2\/types\/post"}],"author":[{"embeddable":true,"href":"https:\/\/www.europesays.com\/fr\/wp-json\/wp\/v2\/users\/2"}],"replies":[{"embeddable":true,"href":"https:\/\/www.europesays.com\/fr\/wp-json\/wp\/v2\/comments?post=327539"}],"version-history":[{"count":0,"href":"https:\/\/www.europesays.com\/fr\/wp-json\/wp\/v2\/posts\/327539\/revisions"}],"wp:featuredmedia":[{"embeddable":true,"href":"https:\/\/www.europesays.com\/fr\/wp-json\/wp\/v2\/media\/327540"}],"wp:attachment":[{"href":"https:\/\/www.europesays.com\/fr\/wp-json\/wp\/v2\/media?parent=327539"}],"wp:term":[{"taxonomy":"category","embeddable":true,"href":"https:\/\/www.europesays.com\/fr\/wp-json\/wp\/v2\/categories?post=327539"},{"taxonomy":"post_tag","embeddable":true,"href":"https:\/\/www.europesays.com\/fr\/wp-json\/wp\/v2\/tags?post=327539"}],"curies":[{"name":"wp","href":"https:\/\/api.w.org\/{rel}","templated":true}]}}