{"id":327541,"date":"2025-08-18T17:43:12","date_gmt":"2025-08-18T17:43:12","guid":{"rendered":"https:\/\/www.europesays.com\/fr\/327541\/"},"modified":"2025-08-18T17:43:12","modified_gmt":"2025-08-18T17:43:12","slug":"yacine-gaya-prete-a-quevilly-rouen-metropole-angers-info","status":"publish","type":"post","link":"https:\/\/www.europesays.com\/fr\/327541\/","title":{"rendered":"Yacine Gaya pr\u00eat\u00e9 \u00e0 Quevilly-Rouen M\u00e9tropole \u2013 Angers Info"},"content":{"rendered":"<p><img fetchpriority=\"high\" decoding=\"async\" width=\"1024\" height=\"768\" src=\"https:\/\/www.europesays.com\/fr\/wp-content\/uploads\/2025\/08\/soccer-3574734_1280-1024x768.jpg\" alt=\"\" class=\"wp-image-167885\"  \/><\/p>\n<p><strong>Le SCO d\u2019Angers poursuit son mercato avec un nouveau mouvement chez les jeunes. Ce lundi 18 ao\u00fbt 2025, le club a officialis\u00e9 le pr\u00eat de Yacine Gaya, jeune d\u00e9fenseur de 20 ans, \u00e0 Quevilly-Rouen M\u00e9tropole (QRM), pensionnaire du championnat de National.<\/strong><\/p>\n<p>Un jeune espoir en qu\u00eate de temps de jeu<\/p>\n<p>Sous contrat avec Angers jusqu\u2019en 2026, Yacine Gaya n\u2019a pour l\u2019instant \u00e9volu\u00e9 qu\u2019avec les <strong>U19<\/strong>, la <strong>National 2<\/strong> et la <strong>National 3<\/strong> du club angevin. Malgr\u00e9 son potentiel, la forte concurrence en d\u00e9fense l\u2019emp\u00eachait de trouver une place dans l\u2019effectif professionnel dirig\u00e9 par Alexandre Dujeux.<\/p>\n<p>Un pr\u00eat pour progresser<\/p>\n<p>Ce pr\u00eat, confirm\u00e9 par le club normand et r\u00e9v\u00e9l\u00e9 par le journaliste Samir Djabali, doit lui permettre d\u2019acqu\u00e9rir de l\u2019exp\u00e9rience dans un championnat exigeant. \u00c0 QRM, Yacine Gaya pourrait b\u00e9n\u00e9ficier de davantage de temps de jeu et franchir un cap dans sa progression, avant un \u00e9ventuel retour \u00e0 Angers.<\/p>\n","protected":false},"excerpt":{"rendered":"Le SCO d\u2019Angers poursuit son mercato avec un nouveau mouvement chez les jeunes. Ce lundi 18 ao\u00fbt 2025,&hellip;\n","protected":false},"author":2,"featured_media":327542,"comment_status":"","ping_status":"","sticky":false,"template":"","format":"standard","meta":{"footnotes":""},"categories":[9587],"tags":[1111,11,1438,460,1777,674,1011,27,12,5161,25,9590,46437],"class_list":{"0":"post-327541","1":"post","2":"type-post","3":"status-publish","4":"format-standard","5":"has-post-thumbnail","7":"category-rouen","8":"tag-actu","9":"tag-actualites","10":"tag-angers","11":"tag-angers-sco","12":"tag-eu","13":"tag-europe","14":"tag-fr","15":"tag-france","16":"tag-news","17":"tag-normandie","18":"tag-republique-francaise","19":"tag-rouen","20":"tag-yacine-gaya"},"share_on_mastodon":{"url":"https:\/\/pubeurope.com\/@fr\/115051011016733607","error":""},"_links":{"self":[{"href":"https:\/\/www.europesays.com\/fr\/wp-json\/wp\/v2\/posts\/327541","targetHints":{"allow":["GET"]}}],"collection":[{"href":"https:\/\/www.europesays.com\/fr\/wp-json\/wp\/v2\/posts"}],"about":[{"href":"https:\/\/www.europesays.com\/fr\/wp-json\/wp\/v2\/types\/post"}],"author":[{"embeddable":true,"href":"https:\/\/www.europesays.com\/fr\/wp-json\/wp\/v2\/users\/2"}],"replies":[{"embeddable":true,"href":"https:\/\/www.europesays.com\/fr\/wp-json\/wp\/v2\/comments?post=327541"}],"version-history":[{"count":0,"href":"https:\/\/www.europesays.com\/fr\/wp-json\/wp\/v2\/posts\/327541\/revisions"}],"wp:featuredmedia":[{"embeddable":true,"href":"https:\/\/www.europesays.com\/fr\/wp-json\/wp\/v2\/media\/327542"}],"wp:attachment":[{"href":"https:\/\/www.europesays.com\/fr\/wp-json\/wp\/v2\/media?parent=327541"}],"wp:term":[{"taxonomy":"category","embeddable":true,"href":"https:\/\/www.europesays.com\/fr\/wp-json\/wp\/v2\/categories?post=327541"},{"taxonomy":"post_tag","embeddable":true,"href":"https:\/\/www.europesays.com\/fr\/wp-json\/wp\/v2\/tags?post=327541"}],"curies":[{"name":"wp","href":"https:\/\/api.w.org\/{rel}","templated":true}]}}