{"id":327543,"date":"2025-08-18T17:44:11","date_gmt":"2025-08-18T17:44:11","guid":{"rendered":"https:\/\/www.europesays.com\/fr\/327543\/"},"modified":"2025-08-18T17:44:11","modified_gmt":"2025-08-18T17:44:11","slug":"la-9e-edition-disere-express-partira-jeudi-de-grenoble","status":"publish","type":"post","link":"https:\/\/www.europesays.com\/fr\/327543\/","title":{"rendered":"la 9e \u00e9dition d\u2019Is\u00e8re Express partira jeudi de Grenoble"},"content":{"rendered":"<p>Durant quatre jours, huit bin\u00f4mes vont \u00eatre embarqu\u00e9s dans une aventure humaine, une exp\u00e9rience hors du commun, \u00e0 la d\u00e9couverte des richesses et des attraits du d\u00e9partement lors d\u2019Is\u00e8re Express.<\/p>\n<p>  Un parcours de 500 km<\/p>\n<p>Les participants devront r\u00e9soudre des \u00e9nigmes et relever des \u00e9preuves culturelles, ludiques et sportives afin de d\u00e9couvrir leurs prochaines destinations. Le parcours \u2013 tenu secret \u2013 les m\u00e8nera sur plus de 500 kilom\u00e8tres \u00e0 travers le territoire d\u00e9partemental.<\/p>\n<p>Dans le programme, il est pr\u00e9vu des visites de mus\u00e9es et de ch\u00e2teaux, des bases de loisirs et de nombreuses d\u00e9couvertes insolites. C\u2019est une v\u00e9ritable aventure humaine, rythm\u00e9e par des rencontres, des surprises et de belles \u00e9motions.<\/p>\n<p>Pour cette 9e \u00e9dition, les \u00e9quipes qui prendront le d\u00e9part depuis Grenoble, ce jeudi 21\u00a0ao\u00fbt.<\/p>\n<p>L\u2019\u00e9quipe la plus rapide \u00e0 r\u00e9aliser l\u2019int\u00e9gralit\u00e9 du parcours secret, qui sillonnera tout le d\u00e9partement, sera sacr\u00e9e championne de la formule Is\u00e8re Express \u2013 4 jours.<\/p>\n<p class=\"note\">Pour en savoir plus, suivre l\u2019aventure ou vous inscrire \u00e0 la prochaine course, rendez-vous sur leurs pages Facebook et Instagram\u00a0: isereexpress<\/p>\n<p class=\"note\">Contact\u00a0: insolite.challenge@ gmail.fr<\/p>\n","protected":false},"excerpt":{"rendered":"Durant quatre jours, huit bin\u00f4mes vont \u00eatre embarqu\u00e9s dans une aventure humaine, une exp\u00e9rience hors du commun, \u00e0&hellip;\n","protected":false},"author":2,"featured_media":327544,"comment_status":"","ping_status":"","sticky":false,"template":"","format":"standard","meta":{"footnotes":""},"categories":[9566],"tags":[1111,11,2430,1687,9434,115,112,1777,674,1011,27,2731,108,45536,12,25,104,517,2205],"class_list":{"0":"post-327543","1":"post","2":"type-post","3":"status-publish","4":"format-standard","5":"has-post-thumbnail","7":"category-grenoble","8":"tag-actu","9":"tag-actualites","10":"tag-auvergne-rhone-alpes","11":"tag-culture-loisirs","12":"tag-de-villefontaine-a-lisle-dabeau","13":"tag-edition-bourgoin-jallieu-nord-dauphine","14":"tag-edition-grenoble-agglomeration","15":"tag-eu","16":"tag-europe","17":"tag-fr","18":"tag-france","19":"tag-grenoble","20":"tag-isere","21":"tag-lisle-dabeau","22":"tag-news","23":"tag-republique-francaise","24":"tag-societe","25":"tag-sport","26":"tag-television-medias"},"share_on_mastodon":{"url":"https:\/\/pubeurope.com\/@fr\/115051014720110268","error":""},"_links":{"self":[{"href":"https:\/\/www.europesays.com\/fr\/wp-json\/wp\/v2\/posts\/327543","targetHints":{"allow":["GET"]}}],"collection":[{"href":"https:\/\/www.europesays.com\/fr\/wp-json\/wp\/v2\/posts"}],"about":[{"href":"https:\/\/www.europesays.com\/fr\/wp-json\/wp\/v2\/types\/post"}],"author":[{"embeddable":true,"href":"https:\/\/www.europesays.com\/fr\/wp-json\/wp\/v2\/users\/2"}],"replies":[{"embeddable":true,"href":"https:\/\/www.europesays.com\/fr\/wp-json\/wp\/v2\/comments?post=327543"}],"version-history":[{"count":0,"href":"https:\/\/www.europesays.com\/fr\/wp-json\/wp\/v2\/posts\/327543\/revisions"}],"wp:featuredmedia":[{"embeddable":true,"href":"https:\/\/www.europesays.com\/fr\/wp-json\/wp\/v2\/media\/327544"}],"wp:attachment":[{"href":"https:\/\/www.europesays.com\/fr\/wp-json\/wp\/v2\/media?parent=327543"}],"wp:term":[{"taxonomy":"category","embeddable":true,"href":"https:\/\/www.europesays.com\/fr\/wp-json\/wp\/v2\/categories?post=327543"},{"taxonomy":"post_tag","embeddable":true,"href":"https:\/\/www.europesays.com\/fr\/wp-json\/wp\/v2\/tags?post=327543"}],"curies":[{"name":"wp","href":"https:\/\/api.w.org\/{rel}","templated":true}]}}