{"id":327547,"date":"2025-08-18T17:46:13","date_gmt":"2025-08-18T17:46:13","guid":{"rendered":"https:\/\/www.europesays.com\/fr\/327547\/"},"modified":"2025-08-18T17:46:13","modified_gmt":"2025-08-18T17:46:13","slug":"rave-party-en-ille-et-vilaine-2-000-participants-et-450-pv-dresses-par-les-gendarmes","status":"publish","type":"post","link":"https:\/\/www.europesays.com\/fr\/327547\/","title":{"rendered":"Rave party en Ille-et-Vilaine : 2 000 participants et 450 PV dress\u00e9s par les gendarmes"},"content":{"rendered":"<p>Une rave party de tr\u00e8s grande envergure \u00e9tait organis\u00e9e \u00e0 Bains-sur-Oust (35), pr\u00e8s de Redon, ce week-end. D\u00e8s ce vendredi 15 ao\u00fbt et ce jusqu\u2019\u00e0 ce lundi 17 ao\u00fbt, pr\u00e8s de 2 000 personnes se sont r\u00e9unies sur une parcelle agricole dans le hameau de Saint-Marcelin. Des gendarmes de toute l\u2019Ille-et-Vilaine, suppl\u00e9\u00e9s par l\u2019escadron mobile d\u2019une cinquantaine de gendarmes de Blois, ont \u00e9t\u00e9 mobilis\u00e9s jusqu\u2019\u00e0 11 h 15, ce lundi.<\/p>\n<p>Une importante saisine de mat\u00e9riel<\/p>\n<p>Au total, 449 proc\u00e8s-verbaux ont \u00e9t\u00e9 dress\u00e9s tout au long du week-end <a href=\"https:\/\/www.ille-et-vilaine.gouv.fr\/Actualites\/Espace-presse\/2025\/Securite-Interdiction-des-rassemblements-festifs-a-caractere-musical11\" target=\"_blank\" rel=\"nofollow noopener\">pour avoir brav\u00e9 l\u2019arr\u00eat\u00e9 pr\u00e9fectoral<\/a>, interdisant \u00ab les rassemblements festifs \u00e0 caract\u00e8re musical en Ille-et-Vilaine du vendredi 1er ao\u00fbt au lundi 1er septembre 2025 \u00bb. Ont \u00e9galement \u00e9t\u00e9 distribu\u00e9es 14 amendes pour d\u00e9tention de stup\u00e9fiants, 13 amendes pour conduite sous stup\u00e9fiant, 7 amendes pour conduite sous alcool et 1 amende pour port d\u2019arme.<\/p>\n<p>Du mat\u00e9riel de son, des platines, des tireuses \u00e0 bi\u00e8res, des jeux de lumi\u00e8re ou encore des talkies-walkies ont \u00e9galement \u00e9t\u00e9 saisis.<\/p>\n","protected":false},"excerpt":{"rendered":"Une rave party de tr\u00e8s grande envergure \u00e9tait organis\u00e9e \u00e0 Bains-sur-Oust (35), pr\u00e8s de Redon, ce week-end. D\u00e8s&hellip;\n","protected":false},"author":2,"featured_media":327548,"comment_status":"","ping_status":"","sticky":false,"template":"","format":"standard","meta":{"footnotes":""},"categories":[2821],"tags":[1111,11,829,765,1777,674,1011,27,848,12,584,25],"class_list":{"0":"post-327547","1":"post","2":"type-post","3":"status-publish","4":"format-standard","5":"has-post-thumbnail","7":"category-rennes","8":"tag-actu","9":"tag-actualites","10":"tag-bretagne","11":"tag-en-continu","12":"tag-eu","13":"tag-europe","14":"tag-fr","15":"tag-france","16":"tag-ille-et-vilaine","17":"tag-news","18":"tag-rennes","19":"tag-republique-francaise"},"share_on_mastodon":{"url":"https:\/\/pubeurope.com\/@fr\/115051022720911364","error":""},"_links":{"self":[{"href":"https:\/\/www.europesays.com\/fr\/wp-json\/wp\/v2\/posts\/327547","targetHints":{"allow":["GET"]}}],"collection":[{"href":"https:\/\/www.europesays.com\/fr\/wp-json\/wp\/v2\/posts"}],"about":[{"href":"https:\/\/www.europesays.com\/fr\/wp-json\/wp\/v2\/types\/post"}],"author":[{"embeddable":true,"href":"https:\/\/www.europesays.com\/fr\/wp-json\/wp\/v2\/users\/2"}],"replies":[{"embeddable":true,"href":"https:\/\/www.europesays.com\/fr\/wp-json\/wp\/v2\/comments?post=327547"}],"version-history":[{"count":0,"href":"https:\/\/www.europesays.com\/fr\/wp-json\/wp\/v2\/posts\/327547\/revisions"}],"wp:featuredmedia":[{"embeddable":true,"href":"https:\/\/www.europesays.com\/fr\/wp-json\/wp\/v2\/media\/327548"}],"wp:attachment":[{"href":"https:\/\/www.europesays.com\/fr\/wp-json\/wp\/v2\/media?parent=327547"}],"wp:term":[{"taxonomy":"category","embeddable":true,"href":"https:\/\/www.europesays.com\/fr\/wp-json\/wp\/v2\/categories?post=327547"},{"taxonomy":"post_tag","embeddable":true,"href":"https:\/\/www.europesays.com\/fr\/wp-json\/wp\/v2\/tags?post=327547"}],"curies":[{"name":"wp","href":"https:\/\/api.w.org\/{rel}","templated":true}]}}