{"id":327549,"date":"2025-08-18T17:47:16","date_gmt":"2025-08-18T17:47:16","guid":{"rendered":"https:\/\/www.europesays.com\/fr\/327549\/"},"modified":"2025-08-18T17:47:16","modified_gmt":"2025-08-18T17:47:16","slug":"rabiot-et-rowe-ecartes-du-groupe-apres-leur-altercation-dans-les-vestiaires-de-rennes","status":"publish","type":"post","link":"https:\/\/www.europesays.com\/fr\/327549\/","title":{"rendered":"Rabiot et Rowe \u00e9cart\u00e9s du groupe apr\u00e8s leur altercation dans les vestiaires de Rennes"},"content":{"rendered":"<p><strong>PLUS BELLE LA VIE &#8211; La direction de l\u2019OM aurait d\u00e9cid\u00e9 de frapper fort, selon RMC Sport, et de sanctionner temporairement Adrien Rabiot et Jonathan Rowe apr\u00e8s leurs \u00e9changes houleux lors de la d\u00e9faite \u00e0 Rennes<\/strong><\/p>\n<p>La saison de l\u2019OM d\u00e9marre d\u00e9cid\u00e9ment tr\u00e8s, tr\u00e8s fort. Apr\u00e8s avoir mis des papillons dans le ventre \u00e0 ses supporters gr\u00e2ce \u00e0 un mercato d\u2019envergure et des matchs de pr\u00e9paration plut\u00f4t encourageants, l\u2019Olympique de Marseille s\u2019est finalement offert une petite crise comme on les aime pour lancer la cuv\u00e9e 2025-2026. Une <a href=\"https:\/\/www.20minutes.fr\/sport\/football\/ligue-1\/4168122-20250815-direct-rennes-om-choc-entree-retour-ligue-1-demande-peuple-suivez-match-20h?at_medium=RSS%20feed&amp;at_campaign=ynews&amp;utm_source=yahoo&amp;utm_medium=rss&amp;utm_campaign=news_feed&amp;utm_content=in_article_link\" rel=\"nofollow noopener\" target=\"_blank\" data-ylk=\"slk:d\u00e9faite inaugurale;elm:context_link;itc:0;sec:content-canvas\" class=\"link \">d\u00e9faite inaugurale<\/a> \u00e0 Rennes malgr\u00e9 une sup\u00e9riorit\u00e9 num\u00e9rique pendant plus d\u2019une heure, ces cadres \u00e0 c\u00f4t\u00e9 de leurs pompes (\u00e0 part Greenwood, \u00e9ventuellement) et <a href=\"https:\/\/www.20minutes.fr\/sport\/4168214-20250817-ligue-1-couilles-terrain-vestiaire-om-deja-feu-apres-defaite-rennes?at_medium=RSS%20feed&amp;at_campaign=ynews&amp;utm_source=yahoo&amp;utm_medium=rss&amp;utm_campaign=news_feed&amp;utm_content=in_article_link\" rel=\"nofollow noopener\" target=\"_blank\" data-ylk=\"slk:une embrouille dans les vestiaires;elm:context_link;itc:0;sec:content-canvas\" class=\"link \">une embrouille dans les vestiaires<\/a> \u00e0 la fin du match entre Adrien Rabiot et Le jeune ailier anglais Jonathan Rowe, il n\u2019y a pas \u00e0 dire, Marseille sait mettre les formes dans ces dramas.<\/p>\n<p>Les vestiaires rennais ont para\u00eet-il trembl\u00e9 ce soir-l\u00e0 et les deux hommes n\u2019ont pas \u00e9t\u00e9 loin d\u2019en venir aux mains. Il a fallu que plusieurs membres du staff s\u2019interposent pour \u00e9viter que \u00e7a termine comme en sortie de bo\u00eete \u00e0 4 heures du matin. Une attitude qui n\u2019a pas plu \u00e0 la direction olympienne qui a en effet d\u00e9cid\u00e9, selon une information de nos confr\u00e8res de <a href=\"https:\/\/rmcsport.bfmtv.com\/football\/ligue-1\/om-adrien-rabiot-et-jonathan-rowe-temporairement-ecartes-de-l-equipe-premiere_AV-202508180402.html?at_medium=RSS%20feed&amp;at_campaign=ynews&amp;utm_source=yahoo&amp;utm_medium=rss&amp;utm_campaign=news_feed&amp;utm_content=in_article_link\" rel=\"nofollow noopener\" target=\"_blank\" data-ylk=\"slk:RMC Sport;elm:context_link;itc:0;sec:content-canvas\" class=\"link \">RMC Sport<\/a>, d\u2019\u00e9carter temporairement les deux joueurs du groupe professionnel.<\/p>\n<p>On apprend cependant que Rabiot et Rowe pourraient aussi se voir proposer de se faire pardonner en faisant un don \u00e0 la fondation OM. Le but \u00e9tant de marquer le coup et de montrer que les joueurs n\u2019ont pas \u00e0 sortir du cadre, quand bien m\u00eame ce genre d\u2019explications dans l\u2019intimit\u00e9 des vestiaires n\u2019est pas rare \u00e0 ce niveau et, connaissant le caract\u00e8re de Roberto De Zerbi, pas s\u00fbr qu\u2019il voit c(&#8230;)<\/p>\n<p><a href=\"https:\/\/www.20minutes.fr\/sport\/football\/ligue-1\/4168431-20250818-om-rabiot-rowe-ecartes-groupe-apres-avoir-altercation-vestiaires-rennes?at_medium=RSS%20feed&amp;at_campaign=ynews&amp;utm_source=yahoo&amp;utm_medium=rss&amp;utm_campaign=news_feed&amp;utm_content=read_more_link\" rel=\"nofollow noopener\" target=\"_blank\" data-ylk=\"slk:Lire la suite sur 20minutes;elm:context_link;itc:0;sec:content-canvas\" class=\"link \">Lire la suite sur 20minutes<\/a><\/p>\n<p>\u00c0 lire aussi :<br \/><a href=\"https:\/\/www.20minutes.fr\/sport\/4168214-20250817-ligue-1-couilles-terrain-vestiaire-om-deja-feu-apres-defaite-rennes?at_medium=RSS%20feed&amp;at_campaign=ynews&amp;utm_source=yahoo&amp;utm_medium=rss&amp;utm_campaign=news_feed&amp;utm_content=related_content_link\" rel=\"nofollow noopener\" target=\"_blank\" data-ylk=\"slk:Ligue 1 : \u00ab Les couilles, c\u2019est sur le terrain \u00bb, le vestiaire de l\u2019OM d\u00e9j\u00e0 en feu apr\u00e8s la d\u00e9faite \u00e0 Rennes ?;elm:context_link;itc:0;sec:content-canvas\" class=\"link \">Ligue 1 : \u00ab Les couilles, c\u2019est sur le terrain \u00bb, le vestiaire de l\u2019OM d\u00e9j\u00e0 en feu apr\u00e8s la d\u00e9faite \u00e0 Rennes ?<\/a><br \/><a href=\"https:\/\/www.20minutes.fr\/sport\/football\/ligue-1\/4168108-20250815-ligue-1-cyberharcele-supporters-om-giovanni-castaldi-va-porter-plainte?at_medium=RSS%20feed&amp;at_campaign=ynews&amp;utm_source=yahoo&amp;utm_medium=rss&amp;utm_campaign=news_feed&amp;utm_content=related_content_link\" rel=\"nofollow noopener\" target=\"_blank\" data-ylk=\"slk:Ligue 1 + : Cyberharcel\u00e9 par des supporters de l\u2019OM, Giovanni Castaldi va porter plainte;elm:context_link;itc:0;sec:content-canvas\" class=\"link \">Ligue 1 + : Cyberharcel\u00e9 par des supporters de l\u2019OM, Giovanni Castaldi va porter plainte<\/a><\/p>\n","protected":false},"excerpt":{"rendered":"PLUS BELLE LA VIE &#8211; La direction de l\u2019OM aurait d\u00e9cid\u00e9 de frapper fort, selon RMC Sport, et&hellip;\n","protected":false},"author":2,"featured_media":327550,"comment_status":"","ping_status":"","sticky":false,"template":"","format":"standard","meta":{"footnotes":""},"categories":[2821],"tags":[1111,11,2329,829,1777,674,1011,27,4016,46438,18375,12,1368,584,25,22935,45608],"class_list":{"0":"post-327549","1":"post","2":"type-post","3":"status-publish","4":"format-standard","5":"has-post-thumbnail","7":"category-rennes","8":"tag-actu","9":"tag-actualites","10":"tag-adrien-rabiot","11":"tag-bretagne","12":"tag-eu","13":"tag-europe","14":"tag-fr","15":"tag-france","16":"tag-greenwood","17":"tag-jonathan-rowe","18":"tag-les-deux-hommes","19":"tag-news","20":"tag-plus-belle-la-vie","21":"tag-rennes","22":"tag-republique-francaise","23":"tag-rmc-sport","24":"tag-supporters-de-lom"},"share_on_mastodon":{"url":"https:\/\/pubeurope.com\/@fr\/115051026846871281","error":""},"_links":{"self":[{"href":"https:\/\/www.europesays.com\/fr\/wp-json\/wp\/v2\/posts\/327549","targetHints":{"allow":["GET"]}}],"collection":[{"href":"https:\/\/www.europesays.com\/fr\/wp-json\/wp\/v2\/posts"}],"about":[{"href":"https:\/\/www.europesays.com\/fr\/wp-json\/wp\/v2\/types\/post"}],"author":[{"embeddable":true,"href":"https:\/\/www.europesays.com\/fr\/wp-json\/wp\/v2\/users\/2"}],"replies":[{"embeddable":true,"href":"https:\/\/www.europesays.com\/fr\/wp-json\/wp\/v2\/comments?post=327549"}],"version-history":[{"count":0,"href":"https:\/\/www.europesays.com\/fr\/wp-json\/wp\/v2\/posts\/327549\/revisions"}],"wp:featuredmedia":[{"embeddable":true,"href":"https:\/\/www.europesays.com\/fr\/wp-json\/wp\/v2\/media\/327550"}],"wp:attachment":[{"href":"https:\/\/www.europesays.com\/fr\/wp-json\/wp\/v2\/media?parent=327549"}],"wp:term":[{"taxonomy":"category","embeddable":true,"href":"https:\/\/www.europesays.com\/fr\/wp-json\/wp\/v2\/categories?post=327549"},{"taxonomy":"post_tag","embeddable":true,"href":"https:\/\/www.europesays.com\/fr\/wp-json\/wp\/v2\/tags?post=327549"}],"curies":[{"name":"wp","href":"https:\/\/api.w.org\/{rel}","templated":true}]}}