{"id":327551,"date":"2025-08-18T17:48:12","date_gmt":"2025-08-18T17:48:12","guid":{"rendered":"https:\/\/www.europesays.com\/fr\/327551\/"},"modified":"2025-08-18T17:48:12","modified_gmt":"2025-08-18T17:48:12","slug":"strasbourg-pour-sa-rentree-la-ville-se-felicite-des-cinq-ans-de-son-plan-climat","status":"publish","type":"post","link":"https:\/\/www.europesays.com\/fr\/327551\/","title":{"rendered":"Strasbourg. Pour sa rentr\u00e9e, la Ville se f\u00e9licite des cinq ans de son Plan climat"},"content":{"rendered":"<p>\u00c0 l\u2019ombre des arbres du parc Schulmeister, la maire de Strasbourg, son premier adjoint Syamak Agha Babaei, l\u2019adjointe \u00e0 la ville r\u00e9siliente Suzanne Brolly et l\u2019adjoint \u00e0 la transformation \u00e9cologique du territoire Marc Hoffsess ont pr\u00e9sent\u00e9 \u00e0 la presse les r\u00e9sultats <a href=\"https:\/\/www.dna.fr\/environnement\/2024\/03\/27\/plan-climat-le-satisfecit-de-l-executif\" target=\"_blank\" rel=\"noopener\">du Plan climat<\/a>. \u00ab\u00a0Notre premi\u00e8re action municipale, en juillet\u00a02020, a \u00e9t\u00e9 de <a href=\"https:\/\/www.dna.fr\/politique\/2020\/07\/04\/barseghian-declare-strasbourg-en-etat-d-urgence-climatique\" target=\"_blank\" rel=\"noopener\">d\u00e9clarer l\u2019\u00e9tat d\u2019urgence climatique<\/a>. C\u2019\u00e9tait un acte symbolique, mais qui s\u2019est aussi r\u00e9v\u00e9l\u00e9 tr\u00e8s concret avec notre Plan climat dont nous constatons les premiers effets aujourd\u2019hui\u00a0\u00bb, a rappel\u00e9 <a href=\"https:\/\/www.dna.fr\/p\/jeanne-barseghian\" target=\"_blank\" rel=\"noopener\">Jeanne Barseghian<\/a>.<\/p>\n<p>  130 actions dont 92\u00a0% en cours ou achev\u00e9es<\/p>\n<p>Ce <a href=\"https:\/\/www.dna.fr\/politique\/2021\/06\/21\/direct-video-conseil-municipal-de-strasbourg-quel-avenir-pour-le-zoo-de-l-orangerie\" target=\"_blank\" rel=\"noopener\">Plan climat<\/a> , une premi\u00e8re lors de sa mise en place en 2020 pour la ville de Strasbourg, comprend 130 actions r\u00e9parties en trois axes\u00a0: une ville engag\u00e9e, inclusive et solidaire (\u00e9nergie renouvelable, logement\u2026), une ville r\u00e9siliente (mobilit\u00e9s, biodiversit\u00e9, \u00eelots de fra\u00eecheur\u2026) et une ville sur la voie de l\u2019exemplarit\u00e9 (r\u00e9duction des gaz \u00e0 effet de serre dans le b\u00e2ti, les d\u00e9placements\u2026). Aujourd\u2019hui, 92\u00a0% de ces actions sont engag\u00e9es.<\/p>\n<p>Dans les 8\u00a0% restants, 7 actions sont en cours de construction et 4 ont \u00e9t\u00e9 mises en attente. \u00ab\u00a0Elles ne verront s\u00fbrement pas le jour avant la fin du mandat. Il s\u2019agit par exemple de <a href=\"https:\/\/www.dna.fr\/actualite\/2025\/08\/06\/baignade-naturelle-dans-l-ill-ce-ne-sera-plus-pour-ce-mandat\" target=\"_blank\" rel=\"noopener\">la baignade naturelle<\/a> ou d\u2019une tarification diff\u00e9renci\u00e9e pour les d\u00e9chets\u00a0\u00bb, pr\u00e9cise la maire.<\/p>\n<p>  Un air plus respirable<\/p>\n<p>Si les r\u00e9sultats de nombreuses actions se verront \u00e0 moyen ou long terme (avec des \u00e9ch\u00e9ances \u00e0 2030 ou <a href=\"https:\/\/www.dna.fr\/economie\/2024\/03\/29\/en-2050-sobriete-et-100-d-energies-renouvelables\" target=\"_blank\" rel=\"noopener\">2050<\/a> ), la Ville se f\u00e9licite d\u00e9j\u00e0 d\u2019une belle am\u00e9lioration de <a href=\"https:\/\/www.dna.fr\/environnement\/2025\/04\/01\/une-qualite-de-l-air-globalement-stable-en-grand-est\" target=\"_blank\" rel=\"noopener\">la qualit\u00e9 de l\u2019air<\/a>. Alors qu\u2019elle s\u2019est fix\u00e9 une baisse de 55\u00a0% des \u00e9missions territoriales des gaz \u00e0 effet de serre d\u2019ici 2030, elle \u00e9value que nous en sommes \u00e0 &#8211; 38\u00a0% en 2023, contre \u2013 27\u00a0% en 2019. Par ailleurs, l\u2019exposition des habitants au dioxyde d\u2019azote (NO 2 ), nocif pour la sant\u00e9 respiratoire \u00e0 court et \u00e0 long termes, a largement diminu\u00e9. Alors que 59\u00a0% de la population \u00e9tait expos\u00e9e \u00e0 des valeurs sup\u00e9rieures aux normes europ\u00e9ennes en 2019, 1\u00a0% seulement l\u2019\u00e9tait encore en 2024. Les efforts sont cependant \u00e0 poursuivre car ces seuils restent sup\u00e9rieurs aux valeurs de l\u2019OMS.<\/p>\n<p>  Budget participatif, atelier citoyen, jury\u2026<\/p>\n<p>Les \u00e9lus ont \u00e9galement souhait\u00e9 mettre en avant l\u2019implication des habitants dans les id\u00e9es ou la mise en place de projets. Fer de lance de la participation citoyenne, le budget participatif a \u00e9t\u00e9 \u00e9voqu\u00e9. 4 millions d\u2019euros ont \u00e9t\u00e9 d\u00e9pens\u00e9s dans les saisons 2 (19 projets laur\u00e9ats) <a href=\"https:\/\/www.dna.fr\/politique\/2025\/08\/12\/budget-participatif-saison-3-un-bilan-en-demi-teinte\" target=\"_blank\" rel=\"noopener\">et 3 (16 projets laur\u00e9ats)<\/a>. Il est aussi rappel\u00e9 que 274 projets \u201cStrasbourg \u00e7a pousse\u201d ont \u00e9t\u00e9 r\u00e9alis\u00e9s depuis 2020, et que la ville compte d\u00e9sormais 40 <a href=\"https:\/\/www.dna.fr\/environnement\/2025\/07\/25\/dans-la-rue-tarade-a-l-esplanade-un-ancien-parking-transforme-en-jardin-partage\" target=\"_blank\" rel=\"noopener\">jardins partag\u00e9s<\/a> , dont 11 ont \u00e9t\u00e9 cr\u00e9\u00e9s depuis 2020.<\/p>\n<p>Cette mobilisation des habitants est \u00e9galement une r\u00e9ussite pour Marc Hoffsess qui souhaite rappeler que \u00ab\u00a0le plan climat est une s\u00e9rie d\u2019actions, mais aussi une bataille culturelle. Il s\u2019agit de promouvoir une autre fa\u00e7on de vivre notre ville.\u00a0\u00bb<\/p>\n<p>  5\u00a0589 arbres plant\u00e9s et 100\u00a0000 m2 v\u00e9g\u00e9talis\u00e9s<\/p>\n<p>\u00ab\u00a0Nous devons acc\u00e9l\u00e9rer notre transformation pour r\u00e9duire les risques pour nos habitants (pics de chaleur, inondations\u2026), tout en prot\u00e9geant nos espaces de nature\u00a0\u00bb, a affirm\u00e9 Suzanne Brolly avant de revenir sur <a href=\"https:\/\/www.dna.fr\/environnement\/2025\/05\/06\/plan-canopee-contre-les-coups-de-chaud-deja-plus-de-5-000-arbres-plantes\" target=\"_blank\" rel=\"noopener\">le plan Canop\u00e9e<\/a>. R\u00e9sultat\u00a0: 5\u00a0589 arbres plant\u00e9s par la collectivit\u00e9 depuis 2020 et sept labellis\u00e9s arbres remarquables de France en mai\u00a02025. Cinq nouveaux refuges de biodiversit\u00e9 ont aussi vu le jour avec des plantations au parc des Romains ou encore les deux micro-for\u00eats \u00e0 <a href=\"https:\/\/www.dna.fr\/environnement\/2025\/02\/26\/plan-canopee-une-microforet-voit-le-jour-a-cronenbourg\" target=\"_blank\" rel=\"noopener\">Cronenbourg<\/a> ou au Neuhof.<\/p>\n<p>C\u00f4t\u00e9 <a href=\"https:\/\/www.dna.fr\/education\/2025\/06\/18\/cours-oasis-l-heure-est-au-premier-bilan-de-la-vegetalisation-dans-les-ecoles\" target=\"_blank\" rel=\"noopener\">v\u00e9g\u00e9talisation, les cours<\/a> de 45 \u00e9coles, 7 cr\u00e8ches et 9 cimeti\u00e8res ont \u00e9t\u00e9 transform\u00e9s.<\/p>\n<p>  Inqui\u00e9tude sur le budget national<\/p>\n<p>\u00ab\u00a0S\u2019il y a une dette irremboursable que nous allons laisser aux g\u00e9n\u00e9rations futures, c\u2019est une dette \u00e9cologique. Nous refusons cela\u00a0\u00bb, a alert\u00e9 le premier adjoint. La municipalit\u00e9 d\u00e9plore <a href=\"https:\/\/www.dna.fr\/politique\/2025\/07\/15\/nous-sommes-en-danger-gravissime-francois-bayrou-presente-la-douloureuse-aux-francais\" target=\"_blank\" rel=\"noopener\">la politique d\u2019aust\u00e9rit\u00e9<\/a> vers laquelle tend le futur budget national. \u00ab\u00a0Il faut investir pour l\u2019avenir et pour acc\u00e9l\u00e9rer la transition, et non la ralentir. Notre ville doit devenir durable pour rester habitable dans 30 ans\u00a0\u00bb, conclut-il.<\/p>\n<p class=\"chiffre\">157\u00a0millions d\u2019euros<\/p>\n<p> C\u2019est le montant de l\u2019investissement qui a \u00e9t\u00e9 r\u00e9alis\u00e9 sur le mandat pour atteindre les objectifs du Plan climat. L\u2019investissement a \u00e9t\u00e9 multipli\u00e9 par deux en 2025 par rapport \u00e0 2021. <\/p>\n","protected":false},"excerpt":{"rendered":"\u00c0 l\u2019ombre des arbres du parc Schulmeister, la maire de Strasbourg, son premier adjoint Syamak Agha Babaei, l\u2019adjointe&hellip;\n","protected":false},"author":2,"featured_media":327552,"comment_status":"","ping_status":"","sticky":false,"template":"","format":"standard","meta":{"footnotes":""},"categories":[2820],"tags":[1111,11,2389,2649,2880,5949,4188,436,1777,674,107,1011,27,775,12,316,25,640,2879],"class_list":{"0":"post-327551","1":"post","2":"type-post","3":"status-publish","4":"format-standard","5":"has-post-thumbnail","7":"category-strasbourg","8":"tag-actu","9":"tag-actualites","10":"tag-alsace","11":"tag-bas-rhin","12":"tag-edition-strasbourg","13":"tag-elections","14":"tag-elections-municipales","15":"tag-environnement","16":"tag-eu","17":"tag-europe","18":"tag-fil-info","19":"tag-fr","20":"tag-france","21":"tag-grand-est","22":"tag-news","23":"tag-politique","24":"tag-republique-francaise","25":"tag-strasbourg","26":"tag-strasbourg-ville"},"share_on_mastodon":{"url":"https:\/\/pubeurope.com\/@fr\/115051030348478861","error":""},"_links":{"self":[{"href":"https:\/\/www.europesays.com\/fr\/wp-json\/wp\/v2\/posts\/327551","targetHints":{"allow":["GET"]}}],"collection":[{"href":"https:\/\/www.europesays.com\/fr\/wp-json\/wp\/v2\/posts"}],"about":[{"href":"https:\/\/www.europesays.com\/fr\/wp-json\/wp\/v2\/types\/post"}],"author":[{"embeddable":true,"href":"https:\/\/www.europesays.com\/fr\/wp-json\/wp\/v2\/users\/2"}],"replies":[{"embeddable":true,"href":"https:\/\/www.europesays.com\/fr\/wp-json\/wp\/v2\/comments?post=327551"}],"version-history":[{"count":0,"href":"https:\/\/www.europesays.com\/fr\/wp-json\/wp\/v2\/posts\/327551\/revisions"}],"wp:featuredmedia":[{"embeddable":true,"href":"https:\/\/www.europesays.com\/fr\/wp-json\/wp\/v2\/media\/327552"}],"wp:attachment":[{"href":"https:\/\/www.europesays.com\/fr\/wp-json\/wp\/v2\/media?parent=327551"}],"wp:term":[{"taxonomy":"category","embeddable":true,"href":"https:\/\/www.europesays.com\/fr\/wp-json\/wp\/v2\/categories?post=327551"},{"taxonomy":"post_tag","embeddable":true,"href":"https:\/\/www.europesays.com\/fr\/wp-json\/wp\/v2\/tags?post=327551"}],"curies":[{"name":"wp","href":"https:\/\/api.w.org\/{rel}","templated":true}]}}