{"id":327553,"date":"2025-08-18T17:49:11","date_gmt":"2025-08-18T17:49:11","guid":{"rendered":"https:\/\/www.europesays.com\/fr\/327553\/"},"modified":"2025-08-18T17:49:11","modified_gmt":"2025-08-18T17:49:11","slug":"le-controle-de-police-degenere","status":"publish","type":"post","link":"https:\/\/www.europesays.com\/fr\/327553\/","title":{"rendered":"le contr\u00f4le de police d\u00e9g\u00e9n\u00e8re"},"content":{"rendered":"<p>Les deux pr\u00e9venus, actuellement sous contr\u00f4le judiciaire apr\u00e8s plusieurs mois de d\u00e9tention provisoire, avaient l\u2019interdiction de se rencontrer. Le plus jeune s\u2019\u00e9tait m\u00eame vu notifier un couvre-feu nocturne. Le 16\u00a0ao\u00fbt dernier, faisant fi de leurs obligations judiciaires, les deux jeunes hommes \u00e2g\u00e9s de 19 et 20 ans ont fait l\u2019objet d\u2019un contr\u00f4le de police qui a d\u00e9g\u00e9n\u00e9r\u00e9.<\/p>\n<p>Des bouteilles de protoxyde d\u2019azote dans la voiture<\/p>\n<p>Vers 1\u00a0h\u00a015, une patrouille aper\u00e7oit deux voitures de grosse cylindr\u00e9e circulant \u00e0 vive allure, route de Mittelhausbergen \u00e0 Strasbourg, et semblant faire la course&#8230;.<\/p>\n","protected":false},"excerpt":{"rendered":"Les deux pr\u00e9venus, actuellement sous contr\u00f4le judiciaire apr\u00e8s plusieurs mois de d\u00e9tention provisoire, avaient l\u2019interdiction de se rencontrer.&hellip;\n","protected":false},"author":2,"featured_media":327554,"comment_status":"","ping_status":"","sticky":false,"template":"","format":"standard","meta":{"footnotes":""},"categories":[2820],"tags":[1111,11,2880,1777,674,274,107,1011,27,775,12,25,640,2879],"class_list":{"0":"post-327553","1":"post","2":"type-post","3":"status-publish","4":"format-standard","5":"has-post-thumbnail","7":"category-strasbourg","8":"tag-actu","9":"tag-actualites","10":"tag-edition-strasbourg","11":"tag-eu","12":"tag-europe","13":"tag-faits-divers-justice","14":"tag-fil-info","15":"tag-fr","16":"tag-france","17":"tag-grand-est","18":"tag-news","19":"tag-republique-francaise","20":"tag-strasbourg","21":"tag-strasbourg-ville"},"share_on_mastodon":{"url":"https:\/\/pubeurope.com\/@fr\/115051034280635922","error":""},"_links":{"self":[{"href":"https:\/\/www.europesays.com\/fr\/wp-json\/wp\/v2\/posts\/327553","targetHints":{"allow":["GET"]}}],"collection":[{"href":"https:\/\/www.europesays.com\/fr\/wp-json\/wp\/v2\/posts"}],"about":[{"href":"https:\/\/www.europesays.com\/fr\/wp-json\/wp\/v2\/types\/post"}],"author":[{"embeddable":true,"href":"https:\/\/www.europesays.com\/fr\/wp-json\/wp\/v2\/users\/2"}],"replies":[{"embeddable":true,"href":"https:\/\/www.europesays.com\/fr\/wp-json\/wp\/v2\/comments?post=327553"}],"version-history":[{"count":0,"href":"https:\/\/www.europesays.com\/fr\/wp-json\/wp\/v2\/posts\/327553\/revisions"}],"wp:featuredmedia":[{"embeddable":true,"href":"https:\/\/www.europesays.com\/fr\/wp-json\/wp\/v2\/media\/327554"}],"wp:attachment":[{"href":"https:\/\/www.europesays.com\/fr\/wp-json\/wp\/v2\/media?parent=327553"}],"wp:term":[{"taxonomy":"category","embeddable":true,"href":"https:\/\/www.europesays.com\/fr\/wp-json\/wp\/v2\/categories?post=327553"},{"taxonomy":"post_tag","embeddable":true,"href":"https:\/\/www.europesays.com\/fr\/wp-json\/wp\/v2\/tags?post=327553"}],"curies":[{"name":"wp","href":"https:\/\/api.w.org\/{rel}","templated":true}]}}