{"id":327555,"date":"2025-08-18T17:50:10","date_gmt":"2025-08-18T17:50:10","guid":{"rendered":"https:\/\/www.europesays.com\/fr\/327555\/"},"modified":"2025-08-18T17:50:10","modified_gmt":"2025-08-18T17:50:10","slug":"le-streamer-francais-jean-pormanove-retrouve-mort-ce-lundi-a-contes","status":"publish","type":"post","link":"https:\/\/www.europesays.com\/fr\/327555\/","title":{"rendered":"Le streamer fran\u00e7ais Jean Pormanove retrouv\u00e9 mort ce lundi \u00e0 Contes"},"content":{"rendered":"<p>Le streamer Jean Pormanove est-il d\u00e9c\u00e9d\u00e9 dans son sommeil, \u00e0 Contes, pr\u00e8s de Nice, en plein live sur internet? \u00ab\u00a0Je vous demande de ne pas partager la vid\u00e9o de son dernier souffle dans son sommeil\u00a0\u00bb, \u00e9crit sur Instagram Owen, alias Naruto, l\u2019ami avec Rapha\u00ebl Graven &#8211; son vrai nom &#8211; r\u00e9alisait ses vid\u00e9os en live. <\/p>\n<p>\u00ab\u00a0Malheureusement, cette nuit, JP nous a quitt\u00e9s. Mon fr\u00e8re, mon acolyte, mon partenaire, six ann\u00e9es \u00e0 tes c\u00f4t\u00e9s, sans jamais nous l\u00e2cher, je t\u2019aime mon fr\u00e8re tu vas terriblement nous manquer\u00a0\u00bb, publie-t-il encore.<\/p>\n<p><strong>Violent\u00e9, humili\u00e9<\/strong><\/p>\n<p>Jean Pormanove, 46 ans, \u00e9tait parmi les streamers les plus regard\u00e9s de France. Celui qui se pr\u00e9sentait comme \u00e9tant un ancien militaire \u00e9tait connu pour ses vid\u00e9os en live au cours desquelles il se faisait humilier, maltraiter, violenter, frapper, en direct sur Kick, une plateforme m\u00e9connue du grand public, avec une mod\u00e9ration peu pouss\u00e9e.<\/p>\n<p>Ses directs cumulaient des dizaines de milliers de spectateurs.<\/p>\n<p>La brigade de gendarmerie de Contes, \u00e9paul\u00e9e par la cellule d\u2019identification criminelle, confirme \u00eatre intervenue sur la d\u00e9couverte d\u2019un cadavre, ce lundi matin peu avant 11 heures, sans confirmer ni infirmer qu\u2019il s\u2019agit de Jean Pormanove.<\/p>\n<p><strong>Une vid\u00e9o circule<\/strong><\/p>\n<p>Sur les r\u00e9seaux sociaux, une vid\u00e9o \u00e9tait en train de devenir virale. On y voit une personne s\u2019approcher d\u2019un homme allong\u00e9 sur un lit, le bousculer, dire \u00e0 plusieurs reprises \u00ab\u00a0JP\u00a0\u00bb, avant de couper la cam\u00e9ra&#8230;<\/p>\n<p>Les circonstances du d\u00e9c\u00e8s ne sont pas connues.<\/p>\n<p><strong>Une enqu\u00eate ouverte en janvier dernier<\/strong><\/p>\n<p>En janvier dernier Naruto et un autre streamer, Safine, avaient \u00e9t\u00e9 plac\u00e9s en garde \u00e0 vue, dans le cadre d\u2019une enqu\u00eate diligent\u00e9e par le parquet de Nice et confi\u00e9e au service local de la police judiciaire, des chefs de \u00ab\u00a0provocation publique par un moyen de communication au public par voie \u00e9lectronique \u00e0 la haine ou \u00e0 la violence \u00e0 l\u2019\u00e9gard d\u2019une personne ou d\u2019un groupe de personnes \u00e0 raison de leur handicap\u00a0\u00bb, de \u00ab\u00a0violences volontaires en r\u00e9union sur personnes vuln\u00e9rables ayant entra\u00een\u00e9 une ITT inf\u00e9rieure \u00e0 8 jours\u00a0\u00bb et de \u00ab\u00a0diffusion d\u2019enregistrement d\u2019images relatives \u00e0 la commission d\u2019infractions d\u2019atteintes volontaires \u00e0 l\u2019int\u00e9grit\u00e9 de la personne\u00a0\u00bb.<\/p>\n<p>\u00ab\u00a0Des personnes susceptibles d\u2019\u00eatre vuln\u00e9rables faisaient l\u2019objet de violences et d\u2019humiliations, parfois encourag\u00e9es par des versements d\u2019argent des spectateurs\u00a0\u00bb, avait pr\u00e9cis\u00e9 le procureur, Damien Martinelli. Parmi ces personnes, Jean Pormanove. Un local de tournage situ\u00e9 \u00e0 Contes avait \u00e9t\u00e9 perquisitionn\u00e9 et du mat\u00e9riel informatique et audiovisuel saisi. Mais les victimes pr\u00e9sum\u00e9es, dont \u00ab\u00a0JP\u00a0\u00bb, avaient contest\u00e9 l\u2019infraction.<\/p>\n<p>\u00a0<\/p>\n","protected":false},"excerpt":{"rendered":"Le streamer Jean Pormanove est-il d\u00e9c\u00e9d\u00e9 dans son sommeil, \u00e0 Contes, pr\u00e8s de Nice, en plein live sur&hellip;\n","protected":false},"author":2,"featured_media":327556,"comment_status":"","ping_status":"","sticky":false,"template":"","format":"standard","meta":{"footnotes":""},"categories":[2819],"tags":[1111,11,1777,674,118,1011,27,12,2401,882,25],"class_list":{"0":"post-327555","1":"post","2":"type-post","3":"status-publish","4":"format-standard","5":"has-post-thumbnail","7":"category-nice","8":"tag-actu","9":"tag-actualites","10":"tag-eu","11":"tag-europe","12":"tag-faits-divers","13":"tag-fr","14":"tag-france","15":"tag-news","16":"tag-nice","17":"tag-provence-alpes-cote-dazur","18":"tag-republique-francaise"},"share_on_mastodon":{"url":"https:\/\/pubeurope.com\/@fr\/115051038189125633","error":""},"_links":{"self":[{"href":"https:\/\/www.europesays.com\/fr\/wp-json\/wp\/v2\/posts\/327555","targetHints":{"allow":["GET"]}}],"collection":[{"href":"https:\/\/www.europesays.com\/fr\/wp-json\/wp\/v2\/posts"}],"about":[{"href":"https:\/\/www.europesays.com\/fr\/wp-json\/wp\/v2\/types\/post"}],"author":[{"embeddable":true,"href":"https:\/\/www.europesays.com\/fr\/wp-json\/wp\/v2\/users\/2"}],"replies":[{"embeddable":true,"href":"https:\/\/www.europesays.com\/fr\/wp-json\/wp\/v2\/comments?post=327555"}],"version-history":[{"count":0,"href":"https:\/\/www.europesays.com\/fr\/wp-json\/wp\/v2\/posts\/327555\/revisions"}],"wp:featuredmedia":[{"embeddable":true,"href":"https:\/\/www.europesays.com\/fr\/wp-json\/wp\/v2\/media\/327556"}],"wp:attachment":[{"href":"https:\/\/www.europesays.com\/fr\/wp-json\/wp\/v2\/media?parent=327555"}],"wp:term":[{"taxonomy":"category","embeddable":true,"href":"https:\/\/www.europesays.com\/fr\/wp-json\/wp\/v2\/categories?post=327555"},{"taxonomy":"post_tag","embeddable":true,"href":"https:\/\/www.europesays.com\/fr\/wp-json\/wp\/v2\/tags?post=327555"}],"curies":[{"name":"wp","href":"https:\/\/api.w.org\/{rel}","templated":true}]}}