{"id":327557,"date":"2025-08-18T17:51:11","date_gmt":"2025-08-18T17:51:11","guid":{"rendered":"https:\/\/www.europesays.com\/fr\/327557\/"},"modified":"2025-08-18T17:51:11","modified_gmt":"2025-08-18T17:51:11","slug":"nice-aurait-enfin-trouve-un-attaquant","status":"publish","type":"post","link":"https:\/\/www.europesays.com\/fr\/327557\/","title":{"rendered":"Nice aurait (enfin) trouv\u00e9 un attaquant"},"content":{"rendered":"<p>Selon L\u2019\u00c9quipe, l\u2019attaquant du FC B\u00e2le Kevin Carlos Omoruyi devrait d\u00e9barquer sur la C\u00f4te d\u2019Azur.<\/p>\n<p class=\"fig-paragraph\">Du renfort pour les Aiglons. \u00c9limin\u00e9 de la Ligue des champions,\u00a0<a href=\"http:\/\/www.lefigaro.fr\/sports\/football\/ligue-1\/ligue-1-piege-par-toulouse-nice-ne-releve-pas-la-tete-20250816\" target=\"_blank\" data-fig-type=\"NewsFlash\" rel=\"noopener\" data-gtm-custom-categorie=\"navigation\" data-gtm-custom-action=\"crossclick\" data-gtm-custom-label=\"Contextuel\" data-gtm-event=\"customEventSPE\" data-fig-domain=\"LEFIGARO\">battu par Toulouse (0-1) samedi\u00a0<\/a>pour la reprise en Ligue 1, l\u2019OGC Nice vit un \u00e9t\u00e9 compliqu\u00e9. Et m\u00eame sur le march\u00e9 des transferts o\u00f9 plusieurs pistes concr\u00e8tes ont \u00e9chou\u00e9 (Camara, \u00c9douard..), les ennuis se sont accumul\u00e9s. Mais ce lundi, le quotidien\u00a0<a href=\"https:\/\/www.lequipe.fr\/Football\/Actualites\/Nice-va-se-renforcer-avec-l-arrivee-de-l-attaquant-du-fc-bale-kevin-carlos-omoruyi\/1585996\" target=\"_blank\" rel=\"sponsored noopener\" data-gtm-custom-categorie=\"navigation\" data-gtm-custom-action=\"crossclick\" data-gtm-custom-label=\"Contextuel\" data-gtm-event=\"customEventSPE\">L\u2019\u00c9quipe<\/a> \u00a0apporte (enfin) une bonne nouvelle pour le club azur\u00e9en.<\/p>\n<p class=\"fig-paragraph\">En qu\u00eate d\u2019un attaquant de pointe pour concurrencer Terem Moffi, le Gym aurait boucl\u00e9 la signature pour cinq ans de l\u2019Espagnol Kevin Carlos Omoruyi (24 ans) en provenance du FC B\u00e2le (Suisse). Un transfert estim\u00e9 \u00e0 six millions d\u2019euros. Le joueur au gabarit imposant (1,88 m, 98 kg) devrait signer, sous r\u00e9serve de la visite m\u00e9dicale, un contrat jusqu\u2019en 2028 sur la C\u00f4te d\u2019Azur.<\/p>\n<p>                                    <a class=\"fig-a11y-skip a11y-hidden\" href=\"#fig-a11y-skip-main-inarticle\"><br \/>\n        Passer la publicit\u00e9<br \/>\n    <\/a><\/p>\n<p>Les pistes Sinayoko et Maupay<\/p>\n<p class=\"fig-paragraph\">Attendu dans les prochaines heures, Omoruyi a marqu\u00e9 15 buts en 40 matchs disput\u00e9s \u00e0 B\u00e2le depuis ao\u00fbt 2024 et compte d\u00e9j\u00e0 quatre rencontres (pour un but en championnat suisse) \u00e0 son actif cette saison.<\/p>\n<p class=\"fig-paragraph\">Cette piste sur le point d\u2019aboutir n\u2019enterre toutefois pas l\u2019int\u00e9r\u00eat ni\u00e7ois pour\u00a0<a href=\"http:\/\/www.lefigaro.fr\/sports\/football\/ligue-1\/ligue-1-sinayoko-aurait-du-tirer-l-entraineur-d-auxerre-mecontent-de-la-gestion-du-penalty-malgre-la-victoire-face-a-lorient-20250817\" target=\"_blank\" data-fig-type=\"NewsFlash\" rel=\"noopener\" data-gtm-custom-categorie=\"navigation\" data-gtm-custom-action=\"crossclick\" data-gtm-custom-label=\"Contextuel\" data-gtm-event=\"customEventSPE\" data-fig-domain=\"LEFIGARO\">Lassine Sinayoko<\/a>, buteur dimanche avec l\u2019AJ Auxerre et toujours esp\u00e9r\u00e9 par les dirigeants. Ces derniers ayant formul\u00e9 une seconde offre, \u00e0 hauteur de 6 millions d\u2019euros, \u00e0 leurs homologues auxerrois qui ont rapidement refus\u00e9, ajoute L\u2019\u00c9quipe. Mais l\u2019OGC Nice, qui aurait aussi\u00a0<a href=\"http:\/\/www.lefigaro.fr\/sports\/football\/transferts\/mercato-neal-maupay-pousse-vers-la-sortie-a-l-om-20250818\" target=\"_blank\" data-fig-type=\"NewsFlash\" rel=\"noopener\" data-gtm-custom-categorie=\"navigation\" data-gtm-custom-action=\"crossclick\" data-gtm-custom-label=\"Contextuel\" data-gtm-event=\"customEventSPE\" data-fig-domain=\"LEFIGARO\">un \u0153il sur le Marseillais Neal Maupay<\/a>, n\u2019a pas encore abandonn\u00e9 ce dossier. Affaire \u00e0 suivre.<\/p>\n","protected":false},"excerpt":{"rendered":"Selon L\u2019\u00c9quipe, l\u2019attaquant du FC B\u00e2le Kevin Carlos Omoruyi devrait d\u00e9barquer sur la C\u00f4te d\u2019Azur. Du renfort pour&hellip;\n","protected":false},"author":2,"featured_media":327558,"comment_status":"","ping_status":"","sticky":false,"template":"","format":"standard","meta":{"footnotes":""},"categories":[2819],"tags":[1111,11,1777,674,1011,27,12,2401,2268,882,25],"class_list":{"0":"post-327557","1":"post","2":"type-post","3":"status-publish","4":"format-standard","5":"has-post-thumbnail","7":"category-nice","8":"tag-actu","9":"tag-actualites","10":"tag-eu","11":"tag-europe","12":"tag-fr","13":"tag-france","14":"tag-news","15":"tag-nice","16":"tag-ogc-nice","17":"tag-provence-alpes-cote-dazur","18":"tag-republique-francaise"},"share_on_mastodon":{"url":"https:\/\/pubeurope.com\/@fr\/115051042183013337","error":""},"_links":{"self":[{"href":"https:\/\/www.europesays.com\/fr\/wp-json\/wp\/v2\/posts\/327557","targetHints":{"allow":["GET"]}}],"collection":[{"href":"https:\/\/www.europesays.com\/fr\/wp-json\/wp\/v2\/posts"}],"about":[{"href":"https:\/\/www.europesays.com\/fr\/wp-json\/wp\/v2\/types\/post"}],"author":[{"embeddable":true,"href":"https:\/\/www.europesays.com\/fr\/wp-json\/wp\/v2\/users\/2"}],"replies":[{"embeddable":true,"href":"https:\/\/www.europesays.com\/fr\/wp-json\/wp\/v2\/comments?post=327557"}],"version-history":[{"count":0,"href":"https:\/\/www.europesays.com\/fr\/wp-json\/wp\/v2\/posts\/327557\/revisions"}],"wp:featuredmedia":[{"embeddable":true,"href":"https:\/\/www.europesays.com\/fr\/wp-json\/wp\/v2\/media\/327558"}],"wp:attachment":[{"href":"https:\/\/www.europesays.com\/fr\/wp-json\/wp\/v2\/media?parent=327557"}],"wp:term":[{"taxonomy":"category","embeddable":true,"href":"https:\/\/www.europesays.com\/fr\/wp-json\/wp\/v2\/categories?post=327557"},{"taxonomy":"post_tag","embeddable":true,"href":"https:\/\/www.europesays.com\/fr\/wp-json\/wp\/v2\/tags?post=327557"}],"curies":[{"name":"wp","href":"https:\/\/api.w.org\/{rel}","templated":true}]}}